{"id":5257,"date":"2025-07-27T20:00:36","date_gmt":"2025-07-27T17:00:36","guid":{"rendered":"https:\/\/hidoctor.health\/blog\/?p=5257"},"modified":"2025-07-27T20:00:36","modified_gmt":"2025-07-27T17:00:36","slug":"2-yas-sendromu-nedir-belirtileri-nelerdir","status":"publish","type":"post","link":"https:\/\/hidoctor.health\/blog\/2-yas-sendromu-nedir-belirtileri-nelerdir\/","title":{"rendered":"2 Ya\u015f Sendromu Nedir? Belirtileri Nelerdir?"},"content":{"rendered":"<p>Bir bebe\u011fin geli\u015fimine e\u015flik etmek, belki de bu hayatta ba\u015f\u0131n\u0131za gelebilecek en harika \u015feylerden biridir. Bebe\u011finiz yeni \u015feyler ke\u015ffederken onun g\u00fcl\u00fcmseyi\u015fine tan\u0131k olmak hi\u00e7bir duygu ile k\u0131yaslanamaz. Ancak i\u015fler her zaman sand\u0131\u011f\u0131n\u0131z gibi toz pembe gitmeyebilir. Bebe\u011finiz iki ya\u015f\u0131na geldi\u011finde g\u00fcl\u00fcmsemenin yerini \u00e7\u0131\u011fl\u0131klar alabilir. Tekrarlanan a\u011flama n\u00f6betleri, huzurlu uykunun \u00f6n\u00fcne ge\u00e7ebilecek kadar kuvvetlidir art\u0131k.<\/p id=\"\" id=\"\" id=\"\" id=\"\" id=\"\" id=\"\" id=\"\" id=\"\" id=\"\" id=\"\" id=\"\" id=\"\" id=\"\" id=\"\" id=\"\" id=\"\" id=\"\" id=\"\" id=\"\" id=\"\" id=\"\" id=\"\" id=\"\" id=\"\" id=\"\" id=\"\" id=\"\" id=\"\" id=\"\" id=\"\" id=\"\" id=\"\" id=\"\" id=\"\" id=\"\" id=\"\" id=\"\" id=\"\" id=\"\" id=\"\" id=\"\" id=\"\" id=\"\" id=\"\" id=\"\" id=\"\" id=\"\" id=\"\" id=\"\">\n<p>E\u011fer yukar\u0131daki \u00f6rnekler size \u00e7ok tan\u0131d\u0131k geliyorsa \u00e7ocu\u011funuz 2 ya\u015f sendromu belirtileri g\u00f6steriyor olabilir. Peki, 2 ya\u015f sendromu nedir?<\/p id=\"\" id=\"\" id=\"\" id=\"\" id=\"\" id=\"\" id=\"\" id=\"\" id=\"\" id=\"\" id=\"\" id=\"\" id=\"\" id=\"\" id=\"\" id=\"\" id=\"\" id=\"\" id=\"\" id=\"\" id=\"\" id=\"\" id=\"\" id=\"\" id=\"\" id=\"\" id=\"\" id=\"\" id=\"\" id=\"\" id=\"\" id=\"\" id=\"\" id=\"\" id=\"\" id=\"\" id=\"\" id=\"\" id=\"\" id=\"\" id=\"\" id=\"\" id=\"\" id=\"\" id=\"\" id=\"\" id=\"\" id=\"\" id=\"\">\n<h2 id=\"2-yas-sendromu-nedir\">2 Ya\u015f Sendromu Nedir?<\/h2 id=\"\" id=\"\" id=\"\" id=\"\" id=\"\" id=\"\" id=\"\" id=\"\" id=\"\" id=\"\" id=\"\" id=\"\" id=\"\" id=\"\" id=\"\" id=\"\" id=\"\" id=\"\" id=\"\" id=\"\" id=\"\" id=\"\" id=\"\" id=\"\" id=\"\" id=\"\" id=\"\" id=\"\" id=\"\" id=\"\" id=\"\" id=\"\" id=\"\" id=\"\" id=\"\" id=\"\" id=\"\" id=\"\" id=\"\" id=\"\" id=\"\" id=\"\" id=\"\" id=\"\" id=\"\" id=\"\" id=\"\" id=\"\" id=\"\">\n<p id=\"genellikle-18-aylikken-baslayan-ve-cocugun-3-4-yasina-kadar-surebilen-duygu-ve-davranis-degisiklikleri-2-yas-sendromu-olarak-adlandirilir-bu-donemde-cocuk-kendisini-ebeveynlerinin-kimliginden-ayirmay\">Genellikle 18 ayl\u0131kken ba\u015flayan ve \u00e7ocu\u011fun 3-4 ya\u015f\u0131na kadar s\u00fcrebilen duygu ve davran\u0131\u015f de\u011fi\u015fiklikleri 2 ya\u015f sendromu olarak adland\u0131r\u0131l\u0131r. Bu d\u00f6nemde \u00e7ocuk kendisini ebeveynlerinin kimli\u011finden ay\u0131rmaya \u00e7al\u0131\u015f\u0131r ve kendi kimli\u011fini ortaya koyabilmek i\u00e7in \u00e7e\u015fitli hareketlerde bulunur. B\u00f6ylece, d\u00fcnyadaki kaplad\u0131\u011f\u0131 yerin fark\u0131na var\u0131r, ihtiya\u00e7lar\u0131n\u0131 daha iyi belirler ve gerekti\u011finde onlar i\u00e7in \u0131srarc\u0131 olmaya cesaret eder.<\/p id=\"\" id=\"\" id=\"\" id=\"\" id=\"\" id=\"\" id=\"\" id=\"\" id=\"\" id=\"\" id=\"\" id=\"\" id=\"\" id=\"\" id=\"\" id=\"\" id=\"\" id=\"\" id=\"\" id=\"\" id=\"\" id=\"\" id=\"\" id=\"\" id=\"\" id=\"\" id=\"\" id=\"\" id=\"\" id=\"\" id=\"\" id=\"\" id=\"\" id=\"\" id=\"\" id=\"\" id=\"\" id=\"\" id=\"\" id=\"\" id=\"\" id=\"\" id=\"\" id=\"\" id=\"\" id=\"\" id=\"\" id=\"\" id=\"\">\n<p id=\"bu-donem-aslinda-normal-ve-faydali-olan-bir-surectir-bebege-iyi-bir-sekilde-eslik-edildiginde-sadece-birkac-haftada-atlatilabilir-ancak-ne-yazik-ki-bircok-ebeveyn-bu-donem-hakkinda-bilgisiz-ve-cocu\">Bu d\u00f6nem asl\u0131nda normal ve faydal\u0131 olan bir s\u00fcre\u00e7tir. Bebe\u011fe iyi bir \u015fekilde e\u015flik edildi\u011finde sadece birka\u00e7 haftada atlat\u0131labilir. Ancak ne yaz\u0131k ki bir\u00e7ok ebeveyn, bu d\u00f6nem hakk\u0131nda bilgisiz ve \u00e7ocu\u011fun hareketleri kar\u015f\u0131s\u0131nda \u00e7aresizdir. Bu da \u00e7ocu\u011fun geli\u015fiminin uzamas\u0131na ve 2-3 haftal\u0131k s\u00fcrecin y\u0131llar boyu s\u00fcrmesine neden olur.<\/p id=\"\" id=\"\" id=\"\" id=\"\" id=\"\" id=\"\" id=\"\" id=\"\" id=\"\" id=\"\" id=\"\" id=\"\" id=\"\" id=\"\" id=\"\" id=\"\" id=\"\" id=\"\" id=\"\" id=\"\" id=\"\" id=\"\" id=\"\" id=\"\" id=\"\" id=\"\" id=\"\" id=\"\" id=\"\" id=\"\" id=\"\" id=\"\" id=\"\" id=\"\" id=\"\" id=\"\" id=\"\" id=\"\" id=\"\" id=\"\" id=\"\" id=\"\" id=\"\" id=\"\" id=\"\" id=\"\" id=\"\" id=\"\" id=\"\">\n<h2 id=\"2-yas-sendromu-belirtileri-nelerdir\">2 Ya\u015f Sendromu Belirtileri Nelerdir?<\/h2 id=\"\" id=\"\" id=\"\" id=\"\" id=\"\" id=\"\" id=\"\" id=\"\" id=\"\" id=\"\" id=\"\" id=\"\" id=\"\" id=\"\" id=\"\" id=\"\" id=\"\" id=\"\" id=\"\" id=\"\" id=\"\" id=\"\" id=\"\" id=\"\" id=\"\" id=\"\" id=\"\" id=\"\" id=\"\" id=\"\" id=\"\" id=\"\" id=\"\" id=\"\" id=\"\" id=\"\" id=\"\" id=\"\" id=\"\" id=\"\" id=\"\" id=\"\" id=\"\" id=\"\" id=\"\" id=\"\" id=\"\" id=\"\" id=\"\">\n<p id=\"2-yas-sendromu-cocugun-ozerklik-kazanmaya-basladigi-bir-donemdir-her-cocugun-ozerklik-sureci-birbirinden-farklidir-bazilari-icin-2-yas-sendromu-uyku-duzensizligi-ile-ozdeslesmisken-bazilari-icin-bu\">2 ya\u015f sendromu \u00e7ocu\u011fun \u00f6zerklik kazanmaya ba\u015flad\u0131\u011f\u0131 bir d\u00f6nemdir. Her \u00e7ocu\u011fun \u00f6zerklik s\u00fcreci birbirinden farkl\u0131d\u0131r. Baz\u0131lar\u0131 i\u00e7in 2 ya\u015f sendromu uyku d\u00fczensizli\u011fi ile \u00f6zde\u015fle\u015fmi\u015fken; baz\u0131lar\u0131 i\u00e7in bu a\u011flama krizleriyle e\u015f de\u011fer olabilir.<\/p id=\"\" id=\"\" id=\"\" id=\"\" id=\"\" id=\"\" id=\"\" id=\"\" id=\"\" id=\"\" id=\"\" id=\"\" id=\"\" id=\"\" id=\"\" id=\"\" id=\"\" id=\"\" id=\"\" id=\"\" id=\"\" id=\"\" id=\"\" id=\"\" id=\"\" id=\"\" id=\"\" id=\"\" id=\"\" id=\"\" id=\"\" id=\"\" id=\"\" id=\"\" id=\"\" id=\"\" id=\"\" id=\"\" id=\"\" id=\"\" id=\"\" id=\"\" id=\"\" id=\"\" id=\"\" id=\"\" id=\"\" id=\"\" id=\"\">\n<p id=\"ote-yandan-bu-donemi-yakindan-taniyabileceginiz-bazi-2-yas-sendromu-belirtileri-de-vardir\">\u00d6te yandan, bu d\u00f6nemi yak\u0131ndan tan\u0131yabilece\u011finiz baz\u0131 2 ya\u015f sendromu belirtileri de vard\u0131r:<\/p id=\"\" id=\"\" id=\"\" id=\"\" id=\"\" id=\"\" id=\"\" id=\"\" id=\"\" id=\"\" id=\"\" id=\"\" id=\"\" id=\"\" id=\"\" id=\"\" id=\"\" id=\"\" id=\"\" id=\"\" id=\"\" id=\"\" id=\"\" id=\"\" id=\"\" id=\"\" id=\"\" id=\"\" id=\"\" id=\"\" id=\"\" id=\"\" id=\"\" id=\"\" id=\"\" id=\"\" id=\"\" id=\"\" id=\"\" id=\"\" id=\"\" id=\"\" id=\"\" id=\"\" id=\"\" id=\"\" id=\"\" id=\"\" id=\"\">\n<ul id=\"\" id=\"\" id=\"\" id=\"\" id=\"\" id=\"\" id=\"\" id=\"\" id=\"\" id=\"\" id=\"\" id=\"\" id=\"\" id=\"\" id=\"\" id=\"\" id=\"\" id=\"\" id=\"\" id=\"\" id=\"\" id=\"\" id=\"\" id=\"\" id=\"\" id=\"\" id=\"\" id=\"\" id=\"\" id=\"\" id=\"\" id=\"\" id=\"\" id=\"\" id=\"\" id=\"\" id=\"\" id=\"\" id=\"\" id=\"\" id=\"\" id=\"\" id=\"\" id=\"\" id=\"\" id=\"\" id=\"\" id=\"\" id=\"\">\n<li style=\"font-weight: 400;\" aria-level=\"1\">Duygular\u0131 deneyimlemede zorluk: 2 ya\u015f\u0131na girmi\u015f bir \u00e7ocuk, duygular\u0131n\u0131 d\u00fczenlemek i\u00e7in gerekli yeteneklere sahip de\u011fildir. Buna kar\u015f\u0131n, hissetti\u011fi b\u00fct\u00fcn duygular\u0131 en \u00fcst seviyede ya\u015far. Bu nedenle, hen\u00fcz tam anlam\u0131yla nas\u0131l ba\u015fa \u00e7\u0131kaca\u011f\u0131n\u0131 bilmedi\u011fi duygular kar\u015f\u0131s\u0131nda bunalm\u0131\u015f ve \u00e7aresiz hissedebilir.<\/li id=\"\" id=\"\" id=\"\" id=\"\" id=\"\" id=\"\" id=\"\" id=\"\" id=\"\" id=\"\" id=\"\" id=\"\" id=\"\" id=\"\" id=\"\" id=\"\" id=\"\" id=\"\" id=\"\" id=\"\" id=\"\" id=\"\" id=\"\" id=\"\" id=\"\" id=\"\" id=\"\" id=\"\" id=\"\" id=\"\" id=\"\" id=\"\" id=\"\" id=\"\" id=\"\" id=\"\" id=\"\" id=\"\" id=\"\" id=\"\" id=\"\" id=\"\" id=\"\" id=\"\" id=\"\" id=\"\" id=\"\" id=\"\" id=\"\">\n<li style=\"font-weight: 400;\" aria-level=\"1\">Uyku de\u011fi\u015fiklikleri: \u00c7ocu\u011funuz uyku saatinde diren\u00e7 g\u00f6sterebilir veya uyudu\u011fu zaman s\u0131k s\u0131k uyanmaya ba\u015flayabilir. \u00c7\u00fcnk\u00fc yeni bir d\u00f6nemin getirdi\u011fi stres \u00e7ocu\u011fun biyolojik ritmini de\u011fi\u015ftirerek uyku gerilemelerine neden olur.<\/li id=\"\" id=\"\" id=\"\" id=\"\" id=\"\" id=\"\" id=\"\" id=\"\" id=\"\" id=\"\" id=\"\" id=\"\" id=\"\" id=\"\" id=\"\" id=\"\" id=\"\" id=\"\" id=\"\" id=\"\" id=\"\" id=\"\" id=\"\" id=\"\" id=\"\" id=\"\" id=\"\" id=\"\" id=\"\" id=\"\" id=\"\" id=\"\" id=\"\" id=\"\" id=\"\" id=\"\" id=\"\" id=\"\" id=\"\" id=\"\" id=\"\" id=\"\" id=\"\" id=\"\" id=\"\" id=\"\" id=\"\" id=\"\" id=\"\">\n<li style=\"font-weight: 400;\" aria-level=\"1\">Yemek s\u0131ras\u0131ndaki davran\u0131\u015flar: \u00c7ocu\u011funuzun hem yemek yeme al\u0131\u015fkanlar\u0131 hem de masada sergiledi\u011fi davran\u0131\u015flar\u0131 bu ya\u015fta de\u011fi\u015fmeye ba\u015flar. \u00c7ocuk art\u0131k hareketsiz oturmak ve \u00f6n\u00fcne gelen yeme\u011fi tatmak istemeyebilir.<\/li id=\"\" id=\"\" id=\"\" id=\"\" id=\"\" id=\"\" id=\"\" id=\"\" id=\"\" id=\"\" id=\"\" id=\"\" id=\"\" id=\"\" id=\"\" id=\"\" id=\"\" id=\"\" id=\"\" id=\"\" id=\"\" id=\"\" id=\"\" id=\"\" id=\"\" id=\"\" id=\"\" id=\"\" id=\"\" id=\"\" id=\"\" id=\"\" id=\"\" id=\"\" id=\"\" id=\"\" id=\"\" id=\"\" id=\"\" id=\"\" id=\"\" id=\"\" id=\"\" id=\"\" id=\"\" id=\"\" id=\"\" id=\"\" id=\"\">\n<li style=\"font-weight: 400;\" aria-level=\"1\">\u0130\u015f Birli\u011fi yapmamak: \u00d6nceleri banyo yapmak, ayakkab\u0131lar\u0131n\u0131 giymek ve k\u0131yafetlerini giymek i\u00e7in size ihtiya\u00e7 duyan \u00e7ocu\u011funuz, bu sendrom ile beraber sizden gelen yard\u0131m\u0131 reddedebilir. Bunun nedeni, b\u00fcy\u00fcd\u00fcklerini ve ne isteyip istemediklerini biraz daha net bir \u015fekilde anl\u0131yor olmalar\u0131d\u0131r.<\/li id=\"\" id=\"\" id=\"\" id=\"\" id=\"\" id=\"\" id=\"\" id=\"\" id=\"\" id=\"\" id=\"\" id=\"\" id=\"\" id=\"\" id=\"\" id=\"\" id=\"\" id=\"\" id=\"\" id=\"\" id=\"\" id=\"\" id=\"\" id=\"\" id=\"\" id=\"\" id=\"\" id=\"\" id=\"\" id=\"\" id=\"\" id=\"\" id=\"\" id=\"\" id=\"\" id=\"\" id=\"\" id=\"\" id=\"\" id=\"\" id=\"\" id=\"\" id=\"\" id=\"\" id=\"\" id=\"\" id=\"\" id=\"\" id=\"\">\n<li style=\"font-weight: 400;\" aria-level=\"1\">Sald\u0131rganl\u0131k: \u00d6nceleri uysal olan \u00e7ocu\u011funuz art\u0131k \u00f6fkeli ve sald\u0131rgan olabilir. Bu yaln\u0131zca size kar\u015f\u0131 de\u011fil; ayn\u0131 zamanda \u00e7evresindeki b\u00fct\u00fcn insanlara kar\u015f\u0131 g\u00f6sterdi\u011fi bir isyan hareketidir.<\/li id=\"\" id=\"\" id=\"\" id=\"\" id=\"\" id=\"\" id=\"\" id=\"\" id=\"\" id=\"\" id=\"\" id=\"\" id=\"\" id=\"\" id=\"\" id=\"\" id=\"\" id=\"\" id=\"\" id=\"\" id=\"\" id=\"\" id=\"\" id=\"\" id=\"\" id=\"\" id=\"\" id=\"\" id=\"\" id=\"\" id=\"\" id=\"\" id=\"\" id=\"\" id=\"\" id=\"\" id=\"\" id=\"\" id=\"\" id=\"\" id=\"\" id=\"\" id=\"\" id=\"\" id=\"\" id=\"\" id=\"\" id=\"\" id=\"\">\n<\/ul id=\"\" id=\"\" id=\"\" id=\"\" id=\"\" id=\"\" id=\"\" id=\"\" id=\"\" id=\"\" id=\"\" id=\"\" id=\"\" id=\"\" id=\"\" id=\"\" id=\"\" id=\"\" id=\"\" id=\"\" id=\"\" id=\"\" id=\"\" id=\"\" id=\"\" id=\"\" id=\"\" id=\"\" id=\"\" id=\"\" id=\"\" id=\"\" id=\"\" id=\"\" id=\"\" id=\"\" id=\"\" id=\"\" id=\"\" id=\"\" id=\"\" id=\"\" id=\"\" id=\"\" id=\"\" id=\"\" id=\"\" id=\"\" id=\"\">\n<h2 id=\"2-yas-sendromu-neden-olur\">2 Ya\u015f Sendromu Neden Olur?<\/h2 id=\"\" id=\"\" id=\"\" id=\"\" id=\"\" id=\"\" id=\"\" id=\"\" id=\"\" id=\"\" id=\"\" id=\"\" id=\"\" id=\"\" id=\"\" id=\"\" id=\"\" id=\"\" id=\"\" id=\"\" id=\"\" id=\"\" id=\"\" id=\"\" id=\"\" id=\"\" id=\"\" id=\"\" id=\"\" id=\"\" id=\"\" id=\"\" id=\"\" id=\"\" id=\"\" id=\"\" id=\"\" id=\"\" id=\"\" id=\"\" id=\"\" id=\"\" id=\"\" id=\"\" id=\"\" id=\"\" id=\"\" id=\"\" id=\"\">\n<p id=\"cocugunuz-buyumeye-devam-ettikce-hem-fiziksel-hem-de-duygusal-olarak-degisimlere-ugrar-bu-donem-de-normal-gelisim-surecinde-yasanan-kritik-bir-asamadir-dolayisiyla-da-2-yas-sendromu-nedenlerinden-ba\">\u00c7ocu\u011funuz b\u00fcy\u00fcmeye devam ettik\u00e7e hem fiziksel hem de duygusal olarak de\u011fi\u015fimlere u\u011frar. Bu d\u00f6nem de normal geli\u015fim s\u00fcrecinde ya\u015fanan kritik bir a\u015famad\u0131r. Dolay\u0131s\u0131yla da 2 ya\u015f sendromu nedenlerinden bahsederken biyolojik s\u00fcre\u00e7 d\u0131\u015f\u0131ndaki fakt\u00f6rlere de\u011finmek pek do\u011fru de\u011fildir. Her \u015fey biyolojik temelli olarak de\u011ferlendirilir.<\/p id=\"\" id=\"\" id=\"\" id=\"\" id=\"\" id=\"\" id=\"\" id=\"\" id=\"\" id=\"\" id=\"\" id=\"\" id=\"\" id=\"\" id=\"\" id=\"\" id=\"\" id=\"\" id=\"\" id=\"\" id=\"\" id=\"\" id=\"\" id=\"\" id=\"\" id=\"\" id=\"\" id=\"\" id=\"\" id=\"\" id=\"\" id=\"\" id=\"\" id=\"\" id=\"\" id=\"\" id=\"\" id=\"\" id=\"\" id=\"\" id=\"\" id=\"\" id=\"\" id=\"\" id=\"\" id=\"\" id=\"\" id=\"\" id=\"\">\n<p id=\"cocugunuz-2-yasina-geldigi-zaman-cevresinde-olup-biten-her-seyi-daha-iyi-anlamaya-baslar-ancak-bu-anlama-tanimaya-ve-anlatmaya-evrilmez-bu-nedenle-de-cocugunuz-hissettiklerini-ifade-etmekte-zorlani\">\u00c7ocu\u011funuz 2 ya\u015f\u0131na geldi\u011fi zaman \u00e7evresinde olup biten her \u015feyi daha iyi anlamaya ba\u015flar. Ancak bu anlama, tan\u0131maya ve anlatmaya evrilmez. Bu nedenle de \u00e7ocu\u011funuz hissettiklerini ifade etmekte zorlan\u0131r. \u0130lk kez kar\u015f\u0131la\u015ft\u0131\u011f\u0131 duygular kar\u015f\u0131s\u0131nda \u00e7aresiz hisseder ve bu da onu hem stresli ruh hali ya\u015famaya hem de \u00f6fkeli davran\u0131\u015flar sergilemeye iter.<\/p id=\"\" id=\"\" id=\"\" id=\"\" id=\"\" id=\"\" id=\"\" id=\"\" id=\"\" id=\"\" id=\"\" id=\"\" id=\"\" id=\"\" id=\"\" id=\"\" id=\"\" id=\"\" id=\"\" id=\"\" id=\"\" id=\"\" id=\"\" id=\"\" id=\"\" id=\"\" id=\"\" id=\"\" id=\"\" id=\"\" id=\"\" id=\"\" id=\"\" id=\"\" id=\"\" id=\"\" id=\"\" id=\"\" id=\"\" id=\"\" id=\"\" id=\"\" id=\"\" id=\"\" id=\"\" id=\"\" id=\"\" id=\"\" id=\"\">\n<p id=\"burada-cocugu-anlayabilmek-ve-duygularini-ifade-etmesi-icin-onu-desteklemek-surecin-kisa-bir-surede-sonlanmasina-katkida-bulunur-fakat-tam-tersi-bir-davranis-sergilediginizde-cocugunuz-sizi-rol-model\">Burada \u00e7ocu\u011fu anlayabilmek ve duygular\u0131n\u0131 ifade etmesi i\u00e7in onu desteklemek s\u00fcrecin k\u0131sa bir s\u00fcrede sonlanmas\u0131na katk\u0131da bulunur. Fakat tam tersi bir davran\u0131\u015f sergiledi\u011finizde \u00e7ocu\u011funuz sizi rol modeli alarak \u00f6fkeyi ve kayg\u0131l\u0131 olmay\u0131 rutin haline getirir. Bu da sendrom geli\u015fmesine neden olabilir.<\/p id=\"\" id=\"\" id=\"\" id=\"\" id=\"\" id=\"\" id=\"\" id=\"\" id=\"\" id=\"\" id=\"\" id=\"\" id=\"\" id=\"\" id=\"\" id=\"\" id=\"\" id=\"\" id=\"\" id=\"\" id=\"\" id=\"\" id=\"\" id=\"\" id=\"\" id=\"\" id=\"\" id=\"\" id=\"\" id=\"\" id=\"\" id=\"\" id=\"\" id=\"\" id=\"\" id=\"\" id=\"\" id=\"\" id=\"\" id=\"\" id=\"\" id=\"\" id=\"\" id=\"\" id=\"\" id=\"\" id=\"\" id=\"\" id=\"\">\n<h2 id=\"2-yas-sendromu-ne-zaman-baslar\">2 Ya\u015f Sendromu Ne Zaman Ba\u015flar?<\/h2 id=\"\" id=\"\" id=\"\" id=\"\" id=\"\" id=\"\" id=\"\" id=\"\" id=\"\" id=\"\" id=\"\" id=\"\" id=\"\" id=\"\" id=\"\" id=\"\" id=\"\" id=\"\" id=\"\" id=\"\" id=\"\" id=\"\" id=\"\" id=\"\" id=\"\" id=\"\" id=\"\" id=\"\" id=\"\" id=\"\" id=\"\" id=\"\" id=\"\" id=\"\" id=\"\" id=\"\" id=\"\" id=\"\" id=\"\" id=\"\" id=\"\" id=\"\" id=\"\" id=\"\" id=\"\" id=\"\" id=\"\" id=\"\" id=\"\">\n<p id=\"2-yas-sendromu-genellikle-cocugunuz-henuz-18-ila-30-aylik-donem-arasindayken-baslar-ancak-her-cocugun-gelisim-sureci-farkli-oldugu-icin-daha-erken-veya-daha-gec-de-baslayabilir\">2 ya\u015f sendromu, genellikle \u00e7ocu\u011funuz hen\u00fcz 18 ila 30 ayl\u0131k d\u00f6nem aras\u0131ndayken ba\u015flar. Ancak her \u00e7ocu\u011fun geli\u015fim s\u00fcreci farkl\u0131 oldu\u011fu i\u00e7in daha erken veya daha ge\u00e7 de ba\u015flayabilir.<\/p id=\"\" id=\"\" id=\"\" id=\"\" id=\"\" id=\"\" id=\"\" id=\"\" id=\"\" id=\"\" id=\"\" id=\"\" id=\"\" id=\"\" id=\"\" id=\"\" id=\"\" id=\"\" id=\"\" id=\"\" id=\"\" id=\"\" id=\"\" id=\"\" id=\"\" id=\"\" id=\"\" id=\"\" id=\"\" id=\"\" id=\"\" id=\"\" id=\"\" id=\"\" id=\"\" id=\"\" id=\"\" id=\"\" id=\"\" id=\"\" id=\"\" id=\"\" id=\"\" id=\"\" id=\"\" id=\"\" id=\"\" id=\"\" id=\"\">\n<h2 id=\"2-yas-sendromu-ne-zaman-biter\">2 Ya\u015f Sendromu Ne Zaman Biter?<\/h2 id=\"\" id=\"\" id=\"\" id=\"\" id=\"\" id=\"\" id=\"\" id=\"\" id=\"\" id=\"\" id=\"\" id=\"\" id=\"\" id=\"\" id=\"\" id=\"\" id=\"\" id=\"\" id=\"\" id=\"\" id=\"\" id=\"\" id=\"\" id=\"\" id=\"\" id=\"\" id=\"\" id=\"\" id=\"\" id=\"\" id=\"\" id=\"\" id=\"\" id=\"\" id=\"\" id=\"\" id=\"\" id=\"\" id=\"\" id=\"\" id=\"\" id=\"\" id=\"\" id=\"\" id=\"\" id=\"\" id=\"\" id=\"\" id=\"\">\n<p id=\"2-yas-sendromu-genellikle-3-4-yaslarinda-sonlanir-bununla-birlikte-ebeveynin-tutumlari-cevresel-faktorler-ve-cocugun-psikolojik-gelisimi-sureyi-uzatabilir-veya-daha-da-kisaltabilir\">2 ya\u015f sendromu genellikle 3-4 ya\u015flar\u0131nda sonlan\u0131r. Bununla birlikte, ebeveynin tutumlar\u0131, \u00e7evresel fakt\u00f6rler ve \u00e7ocu\u011fun psikolojik geli\u015fimi s\u00fcreyi uzatabilir veya daha da k\u0131saltabilir.<\/p id=\"\" id=\"\" id=\"\" id=\"\" id=\"\" id=\"\" id=\"\" id=\"\" id=\"\" id=\"\" id=\"\" id=\"\" id=\"\" id=\"\" id=\"\" id=\"\" id=\"\" id=\"\" id=\"\" id=\"\" id=\"\" id=\"\" id=\"\" id=\"\" id=\"\" id=\"\" id=\"\" id=\"\" id=\"\" id=\"\" id=\"\" id=\"\" id=\"\" id=\"\" id=\"\" id=\"\" id=\"\" id=\"\" id=\"\" id=\"\" id=\"\" id=\"\" id=\"\" id=\"\" id=\"\" id=\"\" id=\"\" id=\"\" id=\"\">\n<h2 id=\"2-yas-sendromu-nasil-teshis-edilir\">2 Ya\u015f Sendromu Nas\u0131l Te\u015fhis Edilir?<\/h2 id=\"\" id=\"\" id=\"\" id=\"\" id=\"\" id=\"\" id=\"\" id=\"\" id=\"\" id=\"\" id=\"\" id=\"\" id=\"\" id=\"\" id=\"\" id=\"\" id=\"\" id=\"\" id=\"\" id=\"\" id=\"\" id=\"\" id=\"\" id=\"\" id=\"\" id=\"\" id=\"\" id=\"\" id=\"\" id=\"\" id=\"\" id=\"\" id=\"\" id=\"\" id=\"\" id=\"\" id=\"\" id=\"\" id=\"\" id=\"\" id=\"\" id=\"\" id=\"\" id=\"\" id=\"\" id=\"\" id=\"\" id=\"\" id=\"\">\n<p id=\"son-derece-normal-olan-bu-surec-tibbi-bir-hastalik-degildir-dolayisiyla-da-direkt-olarak-bir-teshis-surecinden-bahsetmek-yanlistir-ancak-yine-de-cocugunuzun-davranislari-sizde-endise-uyandiriyorsa\">Son derece normal olan bu s\u00fcre\u00e7 t\u0131bbi bir hastal\u0131k de\u011fildir. Dolay\u0131s\u0131yla da direkt olarak bir te\u015fhis s\u00fcrecinden bahsetmek yanl\u0131\u015ft\u0131r. Ancak, yine de \u00e7ocu\u011funuzun davran\u0131\u015flar\u0131 sizde endi\u015fe uyand\u0131r\u0131yorsa ve geli\u015fiminde g\u00f6zle g\u00f6r\u00fcl\u00fcr bir gerileme fark ediyorsan\u0131z pedagog veya \u00e7ocuk psikiyatristlerinden destek alarak sendrom hakk\u0131nda detayl\u0131 bilgilendirme talep edebilirsiniz. Uzman deste\u011fi sayesinde bu s\u00fcreci en kolay \u015fekilde atlatabilirsiniz.<\/p id=\"\" id=\"\" id=\"\" id=\"\" id=\"\" id=\"\" id=\"\" id=\"\" id=\"\" id=\"\" id=\"\" id=\"\" id=\"\" id=\"\" id=\"\" id=\"\" id=\"\" id=\"\" id=\"\" id=\"\" id=\"\" id=\"\" id=\"\" id=\"\" id=\"\" id=\"\" id=\"\" id=\"\" id=\"\" id=\"\" id=\"\" id=\"\" id=\"\" id=\"\" id=\"\" id=\"\" id=\"\" id=\"\" id=\"\" id=\"\" id=\"\" id=\"\" id=\"\" id=\"\" id=\"\" id=\"\" id=\"\" id=\"\" id=\"\">\n<h2 id=\"2-yas-sendromu-nasil-atlatilir\">2 Ya\u015f Sendromu Nas\u0131l Atlat\u0131l\u0131r?<\/h2 id=\"\" id=\"\" id=\"\" id=\"\" id=\"\" id=\"\" id=\"\" id=\"\" id=\"\" id=\"\" id=\"\" id=\"\" id=\"\" id=\"\" id=\"\" id=\"\" id=\"\" id=\"\" id=\"\" id=\"\" id=\"\" id=\"\" id=\"\" id=\"\" id=\"\" id=\"\" id=\"\" id=\"\" id=\"\" id=\"\" id=\"\" id=\"\" id=\"\" id=\"\" id=\"\" id=\"\" id=\"\" id=\"\" id=\"\" id=\"\" id=\"\" id=\"\" id=\"\" id=\"\" id=\"\" id=\"\" id=\"\" id=\"\" id=\"\">\n<p id=\"2-yas-sendromunu-yonetmek-hem-ebeveyn-hem-de-cocuk-icin-cok-zordur-bir-ebeveyn-olarak-bunalmis-hissediyorsaniz-ve-ayni-sekilde-cocugunuz-son-derece-stresli-gorunuyorsa-2-yas-sendromu-ile-basa-cikmak\">2 ya\u015f sendromunu y\u00f6netmek hem ebeveyn hem de \u00e7ocuk i\u00e7in \u00e7ok zordur. Bir ebeveyn olarak, bunalm\u0131\u015f hissediyorsan\u0131z ve ayn\u0131 \u015fekilde \u00e7ocu\u011funuz son derece stresli g\u00f6r\u00fcn\u00fcyorsa 2 ya\u015f sendromu ile ba\u015fa \u00e7\u0131kmak i\u00e7in a\u015fa\u011f\u0131daki \u00f6nerileri dikkate almak faydal\u0131 olabilir.<\/p id=\"\" id=\"\" id=\"\" id=\"\" id=\"\" id=\"\" id=\"\" id=\"\" id=\"\" id=\"\" id=\"\" id=\"\" id=\"\" id=\"\" id=\"\" id=\"\" id=\"\" id=\"\" id=\"\" id=\"\" id=\"\" id=\"\" id=\"\" id=\"\" id=\"\" id=\"\" id=\"\" id=\"\" id=\"\" id=\"\" id=\"\" id=\"\" id=\"\" id=\"\" id=\"\" id=\"\" id=\"\" id=\"\" id=\"\" id=\"\" id=\"\" id=\"\" id=\"\" id=\"\" id=\"\" id=\"\" id=\"\" id=\"\" id=\"\">\n<h3 id=\"1-aglama-krizlerinde-cocugunuza-destek-olun\">1. A\u011flama Krizlerinde \u00c7ocu\u011funuza Destek Olun<\/h3 id=\"\" id=\"\" id=\"\" id=\"\" id=\"\" id=\"\" id=\"\" id=\"\" id=\"\" id=\"\" id=\"\" id=\"\" id=\"\" id=\"\" id=\"\" id=\"\" id=\"\" id=\"\" id=\"\" id=\"\" id=\"\" id=\"\" id=\"\" id=\"\" id=\"\" id=\"\" id=\"\" id=\"\" id=\"\" id=\"\" id=\"\" id=\"\" id=\"\" id=\"\" id=\"\" id=\"\" id=\"\" id=\"\" id=\"\" id=\"\" id=\"\" id=\"\" id=\"\" id=\"\" id=\"\" id=\"\" id=\"\" id=\"\" id=\"\">\n<p id=\"2-yas-sendromu-gece-aglama-krizi-ile-karakterizedir-gunduz-maruz-kaldigi-bir-esya-duydugu-herhangi-bir-soz-veya-anlamlandiramadigi-herhangi-bir-nesne-yatmadan-once-korkuya-ve-gece-aglayarak-uyanmala\">2 ya\u015f sendromu gece a\u011flama krizi ile karakterizedir. G\u00fcnd\u00fcz maruz kald\u0131\u011f\u0131 bir e\u015fya, duydu\u011fu herhangi bir s\u00f6z veya anlamland\u0131ramad\u0131\u011f\u0131 herhangi bir nesne yatmadan \u00f6nce korkuya ve gece a\u011flayarak uyanmalar\u0131na neden olabilir.<\/p id=\"\" id=\"\" id=\"\" id=\"\" id=\"\" id=\"\" id=\"\" id=\"\" id=\"\" id=\"\" id=\"\" id=\"\" id=\"\" id=\"\" id=\"\" id=\"\" id=\"\" id=\"\" id=\"\" id=\"\" id=\"\" id=\"\" id=\"\" id=\"\" id=\"\" id=\"\" id=\"\" id=\"\" id=\"\" id=\"\" id=\"\" id=\"\" id=\"\" id=\"\" id=\"\" id=\"\" id=\"\" id=\"\" id=\"\" id=\"\" id=\"\" id=\"\" id=\"\" id=\"\" id=\"\" id=\"\" id=\"\" id=\"\" id=\"\">\n<p id=\"eger-bu-durumla-sik-sik-karsilasiyorsaniz-nazik-ve-sakinlestirici-bir-uyku-ritueli-ile-cocugunuza-guven-vermeyi-deneyebilirsiniz\">E\u011fer bu durumla s\u0131k s\u0131k kar\u015f\u0131la\u015f\u0131yorsan\u0131z nazik ve sakinle\u015ftirici bir uyku rit\u00fceli ile \u00e7ocu\u011funuza g\u00fcven vermeyi deneyebilirsiniz.<\/p id=\"\" id=\"\" id=\"\" id=\"\" id=\"\" id=\"\" id=\"\" id=\"\" id=\"\" id=\"\" id=\"\" id=\"\" id=\"\" id=\"\" id=\"\" id=\"\" id=\"\" id=\"\" id=\"\" id=\"\" id=\"\" id=\"\" id=\"\" id=\"\" id=\"\" id=\"\" id=\"\" id=\"\" id=\"\" id=\"\" id=\"\" id=\"\" id=\"\" id=\"\" id=\"\" id=\"\" id=\"\" id=\"\" id=\"\" id=\"\" id=\"\" id=\"\" id=\"\" id=\"\" id=\"\" id=\"\" id=\"\" id=\"\" id=\"\">\n<h3 id=\"2-yemek-sunumlarini-cesitlendirin\">2. Yemek Sunumlar\u0131n\u0131 \u00c7e\u015fitlendirin<\/h3 id=\"\" id=\"\" id=\"\" id=\"\" id=\"\" id=\"\" id=\"\" id=\"\" id=\"\" id=\"\" id=\"\" id=\"\" id=\"\" id=\"\" id=\"\" id=\"\" id=\"\" id=\"\" id=\"\" id=\"\" id=\"\" id=\"\" id=\"\" id=\"\" id=\"\" id=\"\" id=\"\" id=\"\" id=\"\" id=\"\" id=\"\" id=\"\" id=\"\" id=\"\" id=\"\" id=\"\" id=\"\" id=\"\" id=\"\" id=\"\" id=\"\" id=\"\" id=\"\" id=\"\" id=\"\" id=\"\" id=\"\" id=\"\" id=\"\">\n<p id=\"cocugunuz-daha-once-bayilarak-yedigi-bir-yemegi-bu-yasta-keskin-bir-sekilde-reddetme-egilimi-tasiyabilirler-bunu-normale-cevirmek-icin-yemel-sunumlarini-cesitlendirebilirsiniz-bilmece-gibi-oyunlari\">\u00c7ocu\u011funuz daha \u00f6nce bay\u0131larak yedi\u011fi bir yeme\u011fi, bu ya\u015fta keskin bir \u015fekilde reddetme e\u011filimi ta\u015f\u0131yabilirler. Bunu normale \u00e7evirmek i\u00e7in yemel sunumlar\u0131n\u0131 \u00e7e\u015fitlendirebilirsiniz. Bilmece gibi oyunlar\u0131 deneyerek \u00e7ocu\u011funuzu yeni tatlarla tan\u0131\u015ft\u0131rabilirsiniz.<\/p id=\"\" id=\"\" id=\"\" id=\"\" id=\"\" id=\"\" id=\"\" id=\"\" id=\"\" id=\"\" id=\"\" id=\"\" id=\"\" id=\"\" id=\"\" id=\"\" id=\"\" id=\"\" id=\"\" id=\"\" id=\"\" id=\"\" id=\"\" id=\"\" id=\"\" id=\"\" id=\"\" id=\"\" id=\"\" id=\"\" id=\"\" id=\"\" id=\"\" id=\"\" id=\"\" id=\"\" id=\"\" id=\"\" id=\"\" id=\"\" id=\"\" id=\"\" id=\"\" id=\"\" id=\"\" id=\"\" id=\"\" id=\"\" id=\"\">\n<h3 id=\"3-direnclerini-yumusatmayi-deneyin\">3. Diren\u00e7lerini Yumu\u015fatmay\u0131 Deneyin<\/h3 id=\"\" id=\"\" id=\"\" id=\"\" id=\"\" id=\"\" id=\"\" id=\"\" id=\"\" id=\"\" id=\"\" id=\"\" id=\"\" id=\"\" id=\"\" id=\"\" id=\"\" id=\"\" id=\"\" id=\"\" id=\"\" id=\"\" id=\"\" id=\"\" id=\"\" id=\"\" id=\"\" id=\"\" id=\"\" id=\"\" id=\"\" id=\"\" id=\"\" id=\"\" id=\"\" id=\"\" id=\"\" id=\"\" id=\"\" id=\"\" id=\"\" id=\"\" id=\"\" id=\"\" id=\"\" id=\"\" id=\"\" id=\"\" id=\"\">\n<p id=\"onceleri-pantolonunu-giyemeyen-cocugunuz-su-siralar-ayakkabi-bagcigi-icin-sizinle-inatlasabilir-bunun-temelinde-yatan-neden-ne-istediklerini-net-bir-sekilde-biliyor-olmalaridir-ve-bu-aslinda-iyi-bir\">\u00d6nceleri pantolonunu giyemeyen \u00e7ocu\u011funuz \u015fu s\u0131ralar ayakkab\u0131 ba\u011fc\u0131\u011f\u0131 i\u00e7in sizinle inatla\u015fabilir. Bunun temelinde yatan neden, ne istediklerini net bir \u015fekilde biliyor olmalar\u0131d\u0131r ve bu asl\u0131nda iyi bir \u015feydir. Sergiledikleri diren\u00e7leri yumu\u015fatmak i\u00e7in talimat\u0131n\u0131z\u0131 daha komik bir sesle ifade edebilirsiniz veya onlara iki farkl\u0131 se\u00e7enek sunabilirsiniz.<\/p id=\"\" id=\"\" id=\"\" id=\"\" id=\"\" id=\"\" id=\"\" id=\"\" id=\"\" id=\"\" id=\"\" id=\"\" id=\"\" id=\"\" id=\"\" id=\"\" id=\"\" id=\"\" id=\"\" id=\"\" id=\"\" id=\"\" id=\"\" id=\"\" id=\"\" id=\"\" id=\"\" id=\"\" id=\"\" id=\"\" id=\"\" id=\"\" id=\"\" id=\"\" id=\"\" id=\"\" id=\"\" id=\"\" id=\"\" id=\"\" id=\"\" id=\"\" id=\"\" id=\"\" id=\"\" id=\"\" id=\"\" id=\"\" id=\"\">\n<h3 id=\"4-duydugunuz-yanitlari-kabul-edin\">4. Duydu\u011funuz Yan\u0131tlar\u0131 Kabul Edin<\/h3 id=\"\" id=\"\" id=\"\" id=\"\" id=\"\" id=\"\" id=\"\" id=\"\" id=\"\" id=\"\" id=\"\" id=\"\" id=\"\" id=\"\" id=\"\" id=\"\" id=\"\" id=\"\" id=\"\" id=\"\" id=\"\" id=\"\" id=\"\" id=\"\" id=\"\" id=\"\" id=\"\" id=\"\" id=\"\" id=\"\" id=\"\" id=\"\" id=\"\" id=\"\" id=\"\" id=\"\" id=\"\" id=\"\" id=\"\" id=\"\" id=\"\" id=\"\" id=\"\" id=\"\" id=\"\" id=\"\" id=\"\" id=\"\" id=\"\">\n<p id=\"hayir-kelimesini-duymak-yetiskinler-icin-bile-kolay-degildir-bu-nedenle-reddettiginiz-seylerin-cocugunuzun-aglamasini-veya-ofkelenmesini-tetikliyor-olmasi-aslinda-cok-da-sasirtici-olmamalidir\">Hay\u0131r kelimesini duymak yeti\u015fkinler i\u00e7in bile kolay de\u011fildir. Bu nedenle, reddetti\u011finiz \u015feylerin \u00e7ocu\u011funuzun a\u011flamas\u0131n\u0131 veya \u00f6fkelenmesini tetikliyor olmas\u0131 asl\u0131nda \u00e7ok da \u015fa\u015f\u0131rt\u0131c\u0131 olmamal\u0131d\u0131r.<\/p id=\"\" id=\"\" id=\"\" id=\"\" id=\"\" id=\"\" id=\"\" id=\"\" id=\"\" id=\"\" id=\"\" id=\"\" id=\"\" id=\"\" id=\"\" id=\"\" id=\"\" id=\"\" id=\"\" id=\"\" id=\"\" id=\"\" id=\"\" id=\"\" id=\"\" id=\"\" id=\"\" id=\"\" id=\"\" id=\"\" id=\"\" id=\"\" id=\"\" id=\"\" id=\"\" id=\"\" id=\"\" id=\"\" id=\"\" id=\"\" id=\"\" id=\"\" id=\"\" id=\"\" id=\"\" id=\"\" id=\"\" id=\"\" id=\"\">\n<p id=\"zira-onlarin-beyinleri-henuz-hayal-kirikliklariyla-normal-bir-sekilde-basa-cikacak-kadar-olgunlasmamistir-dolayisiyla-da-size-sundugu-fikirlere-surekli-hayir-demek-sendromun-siddetini-artirmaktan-ba\">Zira onlar\u0131n beyinleri hen\u00fcz hayal k\u0131r\u0131kl\u0131klar\u0131yla normal bir \u015fekilde ba\u015fa \u00e7\u0131kacak kadar olgunla\u015fmam\u0131\u015ft\u0131r. Dolay\u0131s\u0131yla da size sundu\u011fu fikirlere s\u00fcrekli hay\u0131r demek, sendromun \u015fiddetini art\u0131rmaktan ba\u015fka bir i\u015fe yaramayacakt\u0131r. Bunun yerine onu sakinle\u015ftirin ve verdi\u011fi yan\u0131t\u0131 kabul edin.<\/p id=\"\" id=\"\" id=\"\" id=\"\" id=\"\" id=\"\" id=\"\" id=\"\" id=\"\" id=\"\" id=\"\" id=\"\" id=\"\" id=\"\" id=\"\" id=\"\" id=\"\" id=\"\" id=\"\" id=\"\" id=\"\" id=\"\" id=\"\" id=\"\" id=\"\" id=\"\" id=\"\" id=\"\" id=\"\" id=\"\" id=\"\" id=\"\" id=\"\" id=\"\" id=\"\" id=\"\" id=\"\" id=\"\" id=\"\" id=\"\" id=\"\" id=\"\" id=\"\" id=\"\" id=\"\" id=\"\" id=\"\" id=\"\" id=\"\">\n<h3 id=\"5-beslenmesine-dikkat-edin\">5. Beslenmesine Dikkat Edin<\/h3 id=\"\" id=\"\" id=\"\" id=\"\" id=\"\" id=\"\" id=\"\" id=\"\" id=\"\" id=\"\" id=\"\" id=\"\" id=\"\" id=\"\" id=\"\" id=\"\" id=\"\" id=\"\" id=\"\" id=\"\" id=\"\" id=\"\" id=\"\" id=\"\" id=\"\" id=\"\" id=\"\" id=\"\" id=\"\" id=\"\" id=\"\" id=\"\" id=\"\" id=\"\" id=\"\" id=\"\" id=\"\" id=\"\" id=\"\" id=\"\" id=\"\" id=\"\" id=\"\" id=\"\" id=\"\" id=\"\" id=\"\" id=\"\" id=\"\">\n<p id=\"cocugunuz-bu-yasa-geldiginde-ozellikle-abur-cubur-dedigimiz-yiyecek-grubuna-karsi-ilgi-duymaya-baslar-ara-sira-cikolata-yemesinde-veya-anne-keki-yerine-dondurmayi-tercih-etmesinde-pek-bir-sorun-yoktu\">\u00c7ocu\u011funuz bu ya\u015fa geldi\u011finde \u00f6zellikle abur cubur dedi\u011fimiz yiyecek grubuna kar\u015f\u0131 ilgi duymaya ba\u015flar. Ara s\u0131ra \u00e7ikolata yemesinde veya anne keki yerine dondurmay\u0131 tercih etmesinde pek bir sorun yoktur.<\/p id=\"\" id=\"\" id=\"\" id=\"\" id=\"\" id=\"\" id=\"\" id=\"\" id=\"\" id=\"\" id=\"\" id=\"\" id=\"\" id=\"\" id=\"\" id=\"\" id=\"\" id=\"\" id=\"\" id=\"\" id=\"\" id=\"\" id=\"\" id=\"\" id=\"\" id=\"\" id=\"\" id=\"\" id=\"\" id=\"\" id=\"\" id=\"\" id=\"\" id=\"\" id=\"\" id=\"\" id=\"\" id=\"\" id=\"\" id=\"\" id=\"\" id=\"\" id=\"\" id=\"\" id=\"\" id=\"\" id=\"\" id=\"\" id=\"\">\n<p>&nbsp;<\/p id=\"\" id=\"\" id=\"\" id=\"\" id=\"\" id=\"\" id=\"\" id=\"\" id=\"\" id=\"\" id=\"\" id=\"\" id=\"\" id=\"\" id=\"\" id=\"\" id=\"\" id=\"\" id=\"\" id=\"\" id=\"\" id=\"\" id=\"\" id=\"\" id=\"\" id=\"\" id=\"\" id=\"\" id=\"\" id=\"\" id=\"\" id=\"\" id=\"\" id=\"\" id=\"\" id=\"\" id=\"\" id=\"\" id=\"\" id=\"\" id=\"\" id=\"\" id=\"\" id=\"\" id=\"\" id=\"\" id=\"\" id=\"\" id=\"\">\n<p>Ancak, bu tarz yiyeceklerin yo\u011fun olarak t\u00fcketilmesi beyinlerindeki <a href=\"https:\/\/hidoctor.health\/blog\/dopamin-nedir-ne-ise-yarar\/\">dopamin<\/a> seviyesinde art\u0131\u015fa neden olur. Bu da hiperaktif ve \u00f6fkeli bir \u00e7ocuk olmalar\u0131n\u0131n \u00f6n\u00fcn\u00fc a\u00e7arak sendromun her zamankinden \u015fiddetli ge\u00e7mesine katk\u0131da bulunur. Dolay\u0131s\u0131yla beslenmeye mutlaka \u00f6zen g\u00f6sterin ve bir uzmana ba\u015fvurmaktan \u00e7ekinmeyin.<\/p id=\"\" id=\"\" id=\"\" id=\"\" id=\"\" id=\"\" id=\"\" id=\"\" id=\"\" id=\"\" id=\"\" id=\"\" id=\"\" id=\"\" id=\"\" id=\"\" id=\"\" id=\"\" id=\"\" id=\"\" id=\"\" id=\"\" id=\"\" id=\"\" id=\"\" id=\"\" id=\"\" id=\"\" id=\"\" id=\"\" id=\"\" id=\"\" id=\"\" id=\"\" id=\"\" id=\"\" id=\"\" id=\"\" id=\"\" id=\"\" id=\"\" id=\"\" id=\"\" id=\"\" id=\"\" id=\"\" id=\"\" id=\"\" id=\"\">\n<h3 id=\"6-uyarici-yerlerden-kacin\">6. Uyar\u0131c\u0131 Yerlerden Ka\u00e7\u0131n<\/h3 id=\"\" id=\"\" id=\"\" id=\"\" id=\"\" id=\"\" id=\"\" id=\"\" id=\"\" id=\"\" id=\"\" id=\"\" id=\"\" id=\"\" id=\"\" id=\"\" id=\"\" id=\"\" id=\"\" id=\"\" id=\"\" id=\"\" id=\"\" id=\"\" id=\"\" id=\"\" id=\"\" id=\"\" id=\"\" id=\"\" id=\"\" id=\"\" id=\"\" id=\"\" id=\"\" id=\"\" id=\"\" id=\"\" id=\"\" id=\"\" id=\"\" id=\"\" id=\"\" id=\"\" id=\"\" id=\"\" id=\"\" id=\"\" id=\"\">\n<p id=\"cocugunuz-evde-sakin-bir-sekilde-duruyorsa-ancak-disari-ciktiginda-bambaska-bir-karaktere-burunuyorsa-bu-uyarimiz-size-gore-evdeyken-son-derece-sakin-olan-bir-cocuk-disari-ciktiginda-cevresindeki-in\">\u00c7ocu\u011funuz evde sakin bir \u015fekilde duruyorsa ancak d\u0131\u015far\u0131 \u00e7\u0131kt\u0131\u011f\u0131nda bamba\u015fka bir karaktere b\u00fcr\u00fcn\u00fcyorsa bu uyar\u0131m\u0131z size g\u00f6re! Evdeyken son derece sakin olan bir \u00e7ocuk, d\u0131\u015far\u0131 \u00e7\u0131kt\u0131\u011f\u0131nda \u00e7evresindeki insanlar\u0131n dikkatini \u00e7ekmek ve onlara \u201cBen art\u0131k b\u00fcy\u00fcd\u00fcm\u201d imaj\u0131 vermek i\u00e7in normal olmayan davran\u0131\u015flarda bulunabilir. Bunun \u00f6n\u00fcne ge\u00e7menin en basit yolu ise s\u00fcpermarket gibi uyar\u0131c\u0131 alanlardan ka\u00e7makt\u0131r.<\/p id=\"\" id=\"\" id=\"\" id=\"\" id=\"\" id=\"\" id=\"\" id=\"\" id=\"\" id=\"\" id=\"\" id=\"\" id=\"\" id=\"\" id=\"\" id=\"\" id=\"\" id=\"\" id=\"\" id=\"\" id=\"\" id=\"\" id=\"\" id=\"\" id=\"\" id=\"\" id=\"\" id=\"\" id=\"\" id=\"\" id=\"\" id=\"\" id=\"\" id=\"\" id=\"\" id=\"\" id=\"\" id=\"\" id=\"\" id=\"\" id=\"\" id=\"\" id=\"\" id=\"\" id=\"\" id=\"\" id=\"\" id=\"\" id=\"\">\n<h3 id=\"7-cocugunuzun-duygusal-ihtiyaclarini-karsilayin\">7. \u00c7ocu\u011funuzun Duygusal \u0130htiya\u00e7lar\u0131n\u0131 Kar\u015f\u0131lay\u0131n<\/h3 id=\"\" id=\"\" id=\"\" id=\"\" id=\"\" id=\"\" id=\"\" id=\"\" id=\"\" id=\"\" id=\"\" id=\"\" id=\"\" id=\"\" id=\"\" id=\"\" id=\"\" id=\"\" id=\"\" id=\"\" id=\"\" id=\"\" id=\"\" id=\"\" id=\"\" id=\"\" id=\"\" id=\"\" id=\"\" id=\"\" id=\"\" id=\"\" id=\"\" id=\"\" id=\"\" id=\"\" id=\"\" id=\"\" id=\"\" id=\"\" id=\"\" id=\"\" id=\"\" id=\"\" id=\"\" id=\"\" id=\"\" id=\"\" id=\"\">\n<p id=\"cocugunuzun-ihtiyac-duydugu-duygusal-yakinligi-kosulsuz-bir-sekilde-sundugunuzdan-emin-olun-sik-sik-onu-sevdiginizi-soyleyin-ve-bunu-hissettirmek-icin-kucuk-jestler-yapin-cocugunuzu-uzgun-ya-da-stre\">\u00c7ocu\u011funuzun ihtiya\u00e7 duydu\u011fu duygusal yak\u0131nl\u0131\u011f\u0131 ko\u015fulsuz bir \u015fekilde sundu\u011funuzdan emin olun. S\u0131k s\u0131k onu sevdi\u011finizi s\u00f6yleyin ve bunu hissettirmek i\u00e7in k\u00fc\u00e7\u00fck jestler yap\u0131n. \u00c7ocu\u011funuzu \u00fczg\u00fcn ya da stresli g\u00f6rd\u00fc\u011f\u00fcn\u00fcz zaman ona sar\u0131lmaktan \u00e7ekinmeyin. Hatal\u0131 bir davran\u0131\u015f sergiledi\u011finde k\u0131zmak yerine su\u00e7 ortakl\u0131\u011f\u0131na giri\u015fin.<\/p id=\"\" id=\"\" id=\"\" id=\"\" id=\"\" id=\"\" id=\"\" id=\"\" id=\"\" id=\"\" id=\"\" id=\"\" id=\"\" id=\"\" id=\"\" id=\"\" id=\"\" id=\"\" id=\"\" id=\"\" id=\"\" id=\"\" id=\"\" id=\"\" id=\"\" id=\"\" id=\"\" id=\"\" id=\"\" id=\"\" id=\"\" id=\"\" id=\"\" id=\"\" id=\"\" id=\"\" id=\"\" id=\"\" id=\"\" id=\"\" id=\"\" id=\"\" id=\"\" id=\"\" id=\"\" id=\"\" id=\"\" id=\"\" id=\"\">\n<h2 id=\"2-yas-sendromu-yasayan-cocuga-nasil-davranilmali\">2 Ya\u015f Sendromu Ya\u015fayan \u00c7ocu\u011fa Nas\u0131l Davran\u0131lmal\u0131?<\/h2 id=\"\" id=\"\" id=\"\" id=\"\" id=\"\" id=\"\" id=\"\" id=\"\" id=\"\" id=\"\" id=\"\" id=\"\" id=\"\" id=\"\" id=\"\" id=\"\" id=\"\" id=\"\" id=\"\" id=\"\" id=\"\" id=\"\" id=\"\" id=\"\" id=\"\" id=\"\" id=\"\" id=\"\" id=\"\" id=\"\" id=\"\" id=\"\" id=\"\" id=\"\" id=\"\" id=\"\" id=\"\" id=\"\" id=\"\" id=\"\" id=\"\" id=\"\" id=\"\" id=\"\" id=\"\" id=\"\" id=\"\" id=\"\" id=\"\">\n<p id=\"cocugunuz-2-yas-sendromuna-girdigi-zaman-benimsemeniz-gereken-birkac-davranis-vardir\">\u00c7ocu\u011funuz 2 ya\u015f sendromuna girdi\u011fi zaman benimsemeniz gereken birka\u00e7 davran\u0131\u015f vard\u0131r:<\/p id=\"\" id=\"\" id=\"\" id=\"\" id=\"\" id=\"\" id=\"\" id=\"\" id=\"\" id=\"\" id=\"\" id=\"\" id=\"\" id=\"\" id=\"\" id=\"\" id=\"\" id=\"\" id=\"\" id=\"\" id=\"\" id=\"\" id=\"\" id=\"\" id=\"\" id=\"\" id=\"\" id=\"\" id=\"\" id=\"\" id=\"\" id=\"\" id=\"\" id=\"\" id=\"\" id=\"\" id=\"\" id=\"\" id=\"\" id=\"\" id=\"\" id=\"\" id=\"\" id=\"\" id=\"\" id=\"\" id=\"\" id=\"\" id=\"\">\n<ul id=\"\" id=\"\" id=\"\" id=\"\" id=\"\" id=\"\" id=\"\" id=\"\" id=\"\" id=\"\" id=\"\" id=\"\" id=\"\" id=\"\" id=\"\" id=\"\" id=\"\" id=\"\" id=\"\" id=\"\" id=\"\" id=\"\" id=\"\" id=\"\" id=\"\" id=\"\" id=\"\" id=\"\" id=\"\" id=\"\" id=\"\" id=\"\" id=\"\" id=\"\" id=\"\" id=\"\" id=\"\" id=\"\" id=\"\" id=\"\" id=\"\" id=\"\" id=\"\" id=\"\" id=\"\" id=\"\" id=\"\" id=\"\" id=\"\">\n<li style=\"font-weight: 400;\" aria-level=\"1\">Baz\u0131 s\u0131n\u0131rlar \u00e7izin: \u00c7ocu\u011funuz ba\u011f\u0131ms\u0131zl\u0131k m\u00fccadelesinde son derece isyankar olabilir. Bu y\u00fczden otoriterlik olmadan s\u0131n\u0131r \u00e7izmek \u00e7ok \u00f6nemlidir. Uyku ve yemek gibi hayati durumlar i\u00e7in kurallar belirleyin ve kurallara uyulmad\u0131\u011f\u0131 takdirde neler olaca\u011f\u0131n\u0131 a\u00e7\u0131klay\u0131n.<\/li id=\"\" id=\"\" id=\"\" id=\"\" id=\"\" id=\"\" id=\"\" id=\"\" id=\"\" id=\"\" id=\"\" id=\"\" id=\"\" id=\"\" id=\"\" id=\"\" id=\"\" id=\"\" id=\"\" id=\"\" id=\"\" id=\"\" id=\"\" id=\"\" id=\"\" id=\"\" id=\"\" id=\"\" id=\"\" id=\"\" id=\"\" id=\"\" id=\"\" id=\"\" id=\"\" id=\"\" id=\"\" id=\"\" id=\"\" id=\"\" id=\"\" id=\"\" id=\"\" id=\"\" id=\"\" id=\"\" id=\"\" id=\"\" id=\"\">\n<li style=\"font-weight: 400;\" aria-level=\"1\">\u00c7at\u0131\u015fmalardan ka\u00e7\u0131n\u0131n: \u00c7ocu\u011funuz ba\u011f\u0131rabilir, a\u011flayabilir ve \u00f6fkelenerek kendini ifade etme yoluna gidebilir. B\u00f6yle durumlarda yapaca\u011f\u0131n\u0131z en iyi \u015fey sakin olmakt\u0131r. Onunla tart\u0131\u015fmak hissetti\u011fi duygular\u0131 daha da \u015fiddetli k\u0131laca\u011f\u0131ndan sakin olun ve ard\u0131ndan \u00e7ocu\u011funuzla sakin bir tonda ileti\u015fim kurun.<\/li id=\"\" id=\"\" id=\"\" id=\"\" id=\"\" id=\"\" id=\"\" id=\"\" id=\"\" id=\"\" id=\"\" id=\"\" id=\"\" id=\"\" id=\"\" id=\"\" id=\"\" id=\"\" id=\"\" id=\"\" id=\"\" id=\"\" id=\"\" id=\"\" id=\"\" id=\"\" id=\"\" id=\"\" id=\"\" id=\"\" id=\"\" id=\"\" id=\"\" id=\"\" id=\"\" id=\"\" id=\"\" id=\"\" id=\"\" id=\"\" id=\"\" id=\"\" id=\"\" id=\"\" id=\"\" id=\"\" id=\"\" id=\"\" id=\"\">\n<li style=\"font-weight: 400;\" aria-level=\"1\">\u00c7ocu\u011funuzun kendine zarar vermeyece\u011finden emin olun: \u00c7ocu\u011funuz <a href=\"https:\/\/hidoctor.health\/blog\/ofke-nedir-ofkenizi-kontrol-etmenin-yollari\/\">\u00f6fke krizi<\/a> ya da a\u011flama n\u00f6beti ge\u00e7irdi\u011finde sizi yan\u0131nda istemeyebilir. Bu durumda inatla\u015farak odada kalmaya \u00e7al\u0131\u015fmay\u0131n. Odadan \u00e7\u0131kaca\u011f\u0131n\u0131z\u0131 ancak \u00e7ok kolay ula\u015fabilece\u011fi bir yerde olaca\u011f\u0131n\u0131z\u0131 s\u00f6yleyin. \u00c7ocu\u011funuzun k\u0131sa s\u00fcre i\u00e7inde tek ba\u015f\u0131na sakinle\u015fti\u011fini g\u00f6receksiniz.<\/li id=\"\" id=\"\" id=\"\" id=\"\" id=\"\" id=\"\" id=\"\" id=\"\" id=\"\" id=\"\" id=\"\" id=\"\" id=\"\" id=\"\" id=\"\" id=\"\" id=\"\" id=\"\" id=\"\" id=\"\" id=\"\" id=\"\" id=\"\" id=\"\" id=\"\" id=\"\" id=\"\" id=\"\" id=\"\" id=\"\" id=\"\" id=\"\" id=\"\" id=\"\" id=\"\" id=\"\" id=\"\" id=\"\" id=\"\" id=\"\" id=\"\" id=\"\" id=\"\" id=\"\" id=\"\" id=\"\" id=\"\" id=\"\" id=\"\">\n<li style=\"font-weight: 400;\" aria-level=\"1\">Ona se\u00e7im \u015fans\u0131 sunun: Evet, her zaman \u00e7ocu\u011funuzun istekleri sizin isteklerinizle birebir \u00f6rt\u00fc\u015fmeyebilir. Fakat bu, ona se\u00e7im \u015fans\u0131 vermeyece\u011fini anlam\u0131na gelmemelidir. Bilakis, ona se\u00e7im hakk\u0131 sunarak karar verme hissini a\u015f\u0131layabilir ve kendini de\u011ferli hissetmesine katk\u0131da bulunabilirsiniz. Bununla beraber <a href=\"https:\/\/hidoctor.health\/blog\/degersizlik-hissi-neden-degersiz-hissediyorum\/\">de\u011fersizlik hissinden<\/a> uzakla\u015fan \u00e7ocu\u011funuz daha bilin\u00e7li kararlar almaya ba\u015flayabilir.<\/li id=\"\" id=\"\" id=\"\" id=\"\" id=\"\" id=\"\" id=\"\" id=\"\" id=\"\" id=\"\" id=\"\" id=\"\" id=\"\" id=\"\" id=\"\" id=\"\" id=\"\" id=\"\" id=\"\" id=\"\" id=\"\" id=\"\" id=\"\" id=\"\" id=\"\" id=\"\" id=\"\" id=\"\" id=\"\" id=\"\" id=\"\" id=\"\" id=\"\" id=\"\" id=\"\" id=\"\" id=\"\" id=\"\" id=\"\" id=\"\" id=\"\" id=\"\" id=\"\" id=\"\" id=\"\" id=\"\" id=\"\" id=\"\" id=\"\">\n<li style=\"font-weight: 400;\" aria-level=\"1\">Aktiviteler yap\u0131n: \u00c7ocu\u011funuzun i\u00e7inde ta\u015f\u0131d\u0131\u011f\u0131 duygular\u0131 d\u0131\u015fa vurmas\u0131n\u0131n en g\u00fczel yolu fiziksel aktivitelerde rol almalar\u0131d\u0131r. Parka gitme aral\u0131\u011f\u0131n\u0131 s\u0131k\u0131la\u015ft\u0131rabilir, beraber yapaca\u011f\u0131n\u0131z bir y\u00fcr\u00fcy\u00fc\u015f rutini ayarlayabilir veya bir z\u0131plama parkurunda g\u00fczel an\u0131lar yaratabilirsiniz.<\/li id=\"\" id=\"\" id=\"\" id=\"\" id=\"\" id=\"\" id=\"\" id=\"\" id=\"\" id=\"\" id=\"\" id=\"\" id=\"\" id=\"\" id=\"\" id=\"\" id=\"\" id=\"\" id=\"\" id=\"\" id=\"\" id=\"\" id=\"\" id=\"\" id=\"\" id=\"\" id=\"\" id=\"\" id=\"\" id=\"\" id=\"\" id=\"\" id=\"\" id=\"\" id=\"\" id=\"\" id=\"\" id=\"\" id=\"\" id=\"\" id=\"\" id=\"\" id=\"\" id=\"\" id=\"\" id=\"\" id=\"\" id=\"\" id=\"\">\n<li style=\"font-weight: 400;\" aria-level=\"1\">Ele\u015ftirmek yerine takdir edin: Bu d\u00f6nemde \u00e7ocu\u011funuz dikkatinizi \u00e7ekmek i\u00e7in baz\u0131 davran\u0131\u015flar sergileyebilir. Bunu bir resim \u00e7izmekten masaya tabak koymaya kadar geni\u015fletebiliriz. Yapt\u0131\u011f\u0131 davran\u0131\u015flar\u0131n fark\u0131nda oldu\u011funuzu s\u00f6yleyin ve g\u00fczel davran\u0131\u015flar\u0131 s\u0131k s\u0131k takdir ederek onunla gurur duydu\u011funuzdan bahsederek <a href=\"https:\/\/hidoctor.health\/blog\/benlik-saygisi\/\">benlik sayg\u0131s\u0131<\/a> geli\u015ftirmesine katk\u0131da bulunun.<\/li id=\"\" id=\"\" id=\"\" id=\"\" id=\"\" id=\"\" id=\"\" id=\"\" id=\"\" id=\"\" id=\"\" id=\"\" id=\"\" id=\"\" id=\"\" id=\"\" id=\"\" id=\"\" id=\"\" id=\"\" id=\"\" id=\"\" id=\"\" id=\"\" id=\"\" id=\"\" id=\"\" id=\"\" id=\"\" id=\"\" id=\"\" id=\"\" id=\"\" id=\"\" id=\"\" id=\"\" id=\"\" id=\"\" id=\"\" id=\"\" id=\"\" id=\"\" id=\"\" id=\"\" id=\"\" id=\"\" id=\"\" id=\"\" id=\"\">\n<\/ul id=\"\" id=\"\" id=\"\" id=\"\" id=\"\" id=\"\" id=\"\" id=\"\" id=\"\" id=\"\" id=\"\" id=\"\" id=\"\" id=\"\" id=\"\" id=\"\" id=\"\" id=\"\" id=\"\" id=\"\" id=\"\" id=\"\" id=\"\" id=\"\" id=\"\" id=\"\" id=\"\" id=\"\" id=\"\" id=\"\" id=\"\" id=\"\" id=\"\" id=\"\" id=\"\" id=\"\" id=\"\" id=\"\" id=\"\" id=\"\" id=\"\" id=\"\" id=\"\" id=\"\" id=\"\" id=\"\" id=\"\" id=\"\" id=\"\">\n<h2 id=\"sik-sorulan-sorular\">S\u0131k Sorulan Sorular<\/h2 id=\"\" id=\"\" id=\"\" id=\"\" id=\"\" id=\"\" id=\"\" id=\"\" id=\"\" id=\"\" id=\"\" id=\"\" id=\"\" id=\"\" id=\"\" id=\"\" id=\"\" id=\"\" id=\"\" id=\"\" id=\"\" id=\"\" id=\"\" id=\"\" id=\"\" id=\"\" id=\"\" id=\"\" id=\"\" id=\"\" id=\"\" id=\"\" id=\"\" id=\"\" id=\"\" id=\"\" id=\"\" id=\"\" id=\"\" id=\"\" id=\"\" id=\"\" id=\"\" id=\"\" id=\"\" id=\"\" id=\"\" id=\"\" id=\"\">\n<h3 id=\"2-yas-sendromunda-neler-olur\">2 ya\u015f sendromunda neler olur?<\/h3 id=\"\" id=\"\" id=\"\" id=\"\" id=\"\" id=\"\" id=\"\" id=\"\" id=\"\" id=\"\" id=\"\" id=\"\" id=\"\" id=\"\" id=\"\" id=\"\" id=\"\" id=\"\" id=\"\" id=\"\" id=\"\" id=\"\" id=\"\" id=\"\" id=\"\" id=\"\" id=\"\" id=\"\" id=\"\" id=\"\" id=\"\" id=\"\" id=\"\" id=\"\" id=\"\" id=\"\" id=\"\" id=\"\" id=\"\" id=\"\" id=\"\" id=\"\" id=\"\" id=\"\" id=\"\" id=\"\" id=\"\" id=\"\" id=\"\">\n<p id=\"2-yas-sendromunda-cocuk-kendini-ve-cevresini-fark-etmeye-baslar-siklikla-duygu-degisimleri-yasar-ve-bunu-davranislarina-yansitir\">2 ya\u015f sendromunda \u00e7ocuk kendini ve \u00e7evresini fark etmeye ba\u015flar. S\u0131kl\u0131kla duygu de\u011fi\u015fimleri ya\u015far ve bunu davran\u0131\u015flar\u0131na yans\u0131t\u0131r.<\/p id=\"\" id=\"\" id=\"\" id=\"\" id=\"\" id=\"\" id=\"\" id=\"\" id=\"\" id=\"\" id=\"\" id=\"\" id=\"\" id=\"\" id=\"\" id=\"\" id=\"\" id=\"\" id=\"\" id=\"\" id=\"\" id=\"\" id=\"\" id=\"\" id=\"\" id=\"\" id=\"\" id=\"\" id=\"\" id=\"\" id=\"\" id=\"\" id=\"\" id=\"\" id=\"\" id=\"\" id=\"\" id=\"\" id=\"\" id=\"\" id=\"\" id=\"\" id=\"\" id=\"\" id=\"\" id=\"\" id=\"\" id=\"\" id=\"\">\n<h3 id=\"2-yasindaki-cocuk-neden-sinirli-olur\">2 ya\u015f\u0131ndaki \u00e7ocuk neden sinirli olur?<\/h3 id=\"\" id=\"\" id=\"\" id=\"\" id=\"\" id=\"\" id=\"\" id=\"\" id=\"\" id=\"\" id=\"\" id=\"\" id=\"\" id=\"\" id=\"\" id=\"\" id=\"\" id=\"\" id=\"\" id=\"\" id=\"\" id=\"\" id=\"\" id=\"\" id=\"\" id=\"\" id=\"\" id=\"\" id=\"\" id=\"\" id=\"\" id=\"\" id=\"\" id=\"\" id=\"\" id=\"\" id=\"\" id=\"\" id=\"\" id=\"\" id=\"\" id=\"\" id=\"\" id=\"\" id=\"\" id=\"\" id=\"\" id=\"\" id=\"\">\n<p id=\"yeni-bir-doneme-giren-cocuk-duygulariyla-ilk-kez-tanistigi-icin-onlari-tam-olarak-ifade-edemez-kendini-kelimelerle-ifade-edemedigi-icin-de-ofkelenebilir\">Yeni bir d\u00f6neme giren \u00e7ocuk, duygular\u0131yla ilk kez tan\u0131\u015ft\u0131\u011f\u0131 i\u00e7in onlar\u0131 tam olarak ifade edemez. Kendini kelimelerle ifade edemedi\u011fi i\u00e7in de \u00f6fkelenebilir.<\/p id=\"\" id=\"\" id=\"\" id=\"\" id=\"\" id=\"\" id=\"\" id=\"\" id=\"\" id=\"\" id=\"\" id=\"\" id=\"\" id=\"\" id=\"\" id=\"\" id=\"\" id=\"\" id=\"\" id=\"\" id=\"\" id=\"\" id=\"\" id=\"\" id=\"\" id=\"\" id=\"\" id=\"\" id=\"\" id=\"\" id=\"\" id=\"\" id=\"\" id=\"\" id=\"\" id=\"\" id=\"\" id=\"\" id=\"\" id=\"\" id=\"\" id=\"\" id=\"\" id=\"\" id=\"\" id=\"\" id=\"\" id=\"\" id=\"\">\n<h3 id=\"2-yas-sendromu-kac-ay-surer\">2 ya\u015f sendromu ka\u00e7 ay s\u00fcrer?<\/h3 id=\"\" id=\"\" id=\"\" id=\"\" id=\"\" id=\"\" id=\"\" id=\"\" id=\"\" id=\"\" id=\"\" id=\"\" id=\"\" id=\"\" id=\"\" id=\"\" id=\"\" id=\"\" id=\"\" id=\"\" id=\"\" id=\"\" id=\"\" id=\"\" id=\"\" id=\"\" id=\"\" id=\"\" id=\"\" id=\"\" id=\"\" id=\"\" id=\"\" id=\"\" id=\"\" id=\"\" id=\"\" id=\"\" id=\"\" id=\"\" id=\"\" id=\"\" id=\"\" id=\"\" id=\"\" id=\"\" id=\"\" id=\"\" id=\"\">\n<p id=\"bu-sendromun-suresi-tamamen-cocugun-gelisimine-bagli-olarak-degisiklik-gosterir-ancak-genel-olarak-10-ila-15-aylik-bir-surec-boyunca-devam-ettigini-ifade-edebiliriz\">Bu sendromun s\u00fcresi, tamamen \u00e7ocu\u011fun geli\u015fimine ba\u011fl\u0131 olarak de\u011fi\u015fiklik g\u00f6sterir. Ancak genel olarak 10 ila 15 ayl\u0131k bir s\u00fcre\u00e7 boyunca devam etti\u011fini ifade edebiliriz.<\/p id=\"\" id=\"\" id=\"\" id=\"\" id=\"\" id=\"\" id=\"\" id=\"\" id=\"\" id=\"\" id=\"\" id=\"\" id=\"\" id=\"\" id=\"\" id=\"\" id=\"\" id=\"\" id=\"\" id=\"\" id=\"\" id=\"\" id=\"\" id=\"\" id=\"\" id=\"\" id=\"\" id=\"\" id=\"\" id=\"\" id=\"\" id=\"\" id=\"\" id=\"\" id=\"\" id=\"\" id=\"\" id=\"\" id=\"\" id=\"\" id=\"\" id=\"\" id=\"\" id=\"\" id=\"\" id=\"\" id=\"\" id=\"\" id=\"\">\n<h3 id=\"2-yas-sendromunda-tibbi-yardim-ne-zaman-alinmali\">2 ya\u015f sendromunda t\u0131bbi yard\u0131m ne zaman al\u0131nmal\u0131?<\/h3 id=\"\" id=\"\" id=\"\" id=\"\" id=\"\" id=\"\" id=\"\" id=\"\" id=\"\" id=\"\" id=\"\" id=\"\" id=\"\" id=\"\" id=\"\" id=\"\" id=\"\" id=\"\" id=\"\" id=\"\" id=\"\" id=\"\" id=\"\" id=\"\" id=\"\" id=\"\" id=\"\" id=\"\" id=\"\" id=\"\" id=\"\" id=\"\" id=\"\" id=\"\" id=\"\" id=\"\" id=\"\" id=\"\" id=\"\" id=\"\" id=\"\" id=\"\" id=\"\" id=\"\" id=\"\" id=\"\" id=\"\" id=\"\" id=\"\">\n<p id=\"2-yas-sendromu-her-cocugun-yasadigi-normal-bir-surectir-bu-surecte-ofkeli-ve-stresli-bir-cocuk-gormeniz-normaldir-ancak-cocugunuzun-motor-becerileri-ilerlemek-yerine-geriliyorsa-o-zaman-tibbi-yardi\">2 ya\u015f sendromu her \u00e7ocu\u011fun ya\u015fad\u0131\u011f\u0131 normal bir s\u00fcre\u00e7tir. Bu s\u00fcre\u00e7te \u00f6fkeli ve stresli bir \u00e7ocuk g\u00f6rmeniz normaldir. Ancak \u00e7ocu\u011funuzun motor becerileri ilerlemek yerine geriliyorsa, o zaman t\u0131bbi yard\u0131m alman\u0131z gerekebilir.<\/p id=\"\" id=\"\" id=\"\" id=\"\" id=\"\" id=\"\" id=\"\" id=\"\" id=\"\" id=\"\" id=\"\" id=\"\" id=\"\" id=\"\" id=\"\" id=\"\" id=\"\" id=\"\" id=\"\" id=\"\" id=\"\" id=\"\" id=\"\" id=\"\" id=\"\" id=\"\" id=\"\" id=\"\" id=\"\" id=\"\" id=\"\" id=\"\" id=\"\" id=\"\" id=\"\" id=\"\" id=\"\" id=\"\" id=\"\" id=\"\" id=\"\" id=\"\" id=\"\" id=\"\" id=\"\" id=\"\" id=\"\" id=\"\" id=\"\">\n","protected":false},"excerpt":{"rendered":"<p>Bir bebe\u011fin geli\u015fimine e\u015flik etmek, belki de bu hayatta ba\u015f\u0131n\u0131za gelebilecek en harika \u015feylerden biridir. Bebe\u011finiz yeni \u015feyler ke\u015ffederken onun g\u00fcl\u00fcmseyi\u015fine tan\u0131k olmak hi\u00e7bir duygu ile k\u0131yaslanamaz. Ancak i\u015fler her zaman sand\u0131\u011f\u0131n\u0131z gibi toz pembe gitmeyebilir. Bebe\u011finiz iki ya\u015f\u0131na geldi\u011finde g\u00fcl\u00fcmsemenin yerini \u00e7\u0131\u011fl\u0131klar alabilir. Tekrarlanan a\u011flama n\u00f6betleri, huzurlu uykunun \u00f6n\u00fcne ge\u00e7ebilecek kadar kuvvetlidir art\u0131k. E\u011fer [&hellip;]<\/p>\n","protected":false},"author":3,"featured_media":5260,"comment_status":"open","ping_status":"open","sticky":false,"template":"","format":"standard","meta":{"footnotes":""},"categories":[70,24],"tags":[],"class_list":["post-5257","post","type-post","status-publish","format-standard","has-post-thumbnail","hentry","category-saglikla-kal","category-iyi-hisset"],"_links":{"self":[{"href":"https:\/\/hidoctor.health\/blog\/wp-json\/wp\/v2\/posts\/5257","targetHints":{"allow":["GET"]}}],"collection":[{"href":"https:\/\/hidoctor.health\/blog\/wp-json\/wp\/v2\/posts"}],"about":[{"href":"https:\/\/hidoctor.health\/blog\/wp-json\/wp\/v2\/types\/post"}],"author":[{"embeddable":true,"href":"https:\/\/hidoctor.health\/blog\/wp-json\/wp\/v2\/users\/3"}],"replies":[{"embeddable":true,"href":"https:\/\/hidoctor.health\/blog\/wp-json\/wp\/v2\/comments?post=5257"}],"version-history":[{"count":0,"href":"https:\/\/hidoctor.health\/blog\/wp-json\/wp\/v2\/posts\/5257\/revisions"}],"wp:featuredmedia":[{"embeddable":true,"href":"https:\/\/hidoctor.health\/blog\/wp-json\/wp\/v2\/media\/5260"}],"wp:attachment":[{"href":"https:\/\/hidoctor.health\/blog\/wp-json\/wp\/v2\/media?parent=5257"}],"wp:term":[{"taxonomy":"category","embeddable":true,"href":"https:\/\/hidoctor.health\/blog\/wp-json\/wp\/v2\/categories?post=5257"},{"taxonomy":"post_tag","embeddable":true,"href":"https:\/\/hidoctor.health\/blog\/wp-json\/wp\/v2\/tags?post=5257"}],"curies":[{"name":"wp","href":"https:\/\/api.w.org\/{rel}","templated":true}]}}