{"id":4900,"date":"2025-06-12T08:02:00","date_gmt":"2025-06-12T05:02:00","guid":{"rendered":"https:\/\/hidoctor.health\/blog\/?p=4900"},"modified":"2025-06-12T08:02:00","modified_gmt":"2025-06-12T05:02:00","slug":"norocesitlilik-neurodivergent-nedir-turleri-nelerdir","status":"publish","type":"post","link":"https:\/\/hidoctor.health\/blog\/norocesitlilik-neurodivergent-nedir-turleri-nelerdir\/","title":{"rendered":"N\u00f6ro\u00e7e\u015fitlilik (Neurodivergent) Nedir, T\u00fcrleri Nelerdir?"},"content":{"rendered":"<p>Her insan\u0131n d\u00fc\u015f\u00fcncesi ve hisleri birbirinden farkl\u0131d\u0131r. \u00d6rne\u011fin, bir trafik kazas\u0131 oldu\u011funda yan\u0131m\u0131zdaki ki\u015filerle ayn\u0131 tepkiyi vermeyiz. Baz\u0131 insanlarda ise bu farkl\u0131l\u0131k daha derindir. Onlar hepimizden farkl\u0131 d\u00fc\u015f\u00fcn\u00fcr ve d\u00fcnyay\u0131 her birimizden daha farkl\u0131 bir \u015fekilde alg\u0131lar. \u0130lk bak\u0131\u015fta zorluk gibi g\u00f6r\u00fcnen bu durum, asl\u0131nda bize bamba\u015fka perspektifler kazand\u0131ran bir \u00e7e\u015fitlilik yarat\u0131r. \u0130\u015fte bu \u00e7e\u015fitlilik de n\u00f6ro\u00e7e\u015fitlilik olarak adland\u0131r\u0131l\u0131r.<\/p id=\"\" id=\"\" id=\"\" id=\"\" id=\"\" id=\"\" id=\"\" id=\"\" id=\"\" id=\"\" id=\"\" id=\"\" id=\"\" id=\"\" id=\"\" id=\"\" id=\"\" id=\"\" id=\"\" id=\"\" id=\"\" id=\"\" id=\"\" id=\"\" id=\"\" id=\"\" id=\"\" id=\"\" id=\"\" id=\"\" id=\"\" id=\"\" id=\"\" id=\"\" id=\"\" id=\"\" id=\"\" id=\"\" id=\"\" id=\"\" id=\"\" id=\"\">\n<p>Peki, b\u00fct\u00fcn y\u00f6nleriyle ele alaca\u011f\u0131m\u0131z neurodivergent ne demek? N\u00f6ro\u00e7e\u015fitlilik nedir, neleri kapsar ve temel prensipleri nelerdir? Hepsinin cevab\u0131n\u0131 bu yaz\u0131m\u0131zda bulabilirsiniz!<\/p id=\"\" id=\"\" id=\"\" id=\"\" id=\"\" id=\"\" id=\"\" id=\"\" id=\"\" id=\"\" id=\"\" id=\"\" id=\"\" id=\"\" id=\"\" id=\"\" id=\"\" id=\"\" id=\"\" id=\"\" id=\"\" id=\"\" id=\"\" id=\"\" id=\"\" id=\"\" id=\"\" id=\"\" id=\"\" id=\"\" id=\"\" id=\"\" id=\"\" id=\"\" id=\"\" id=\"\" id=\"\" id=\"\" id=\"\" id=\"\" id=\"\" id=\"\">\n<h2 id=\"norocesitlilik-nedir\">N\u00f6ro\u00e7e\u015fitlilik Nedir?<\/h2 id=\"\" id=\"\" id=\"\" id=\"\" id=\"\" id=\"\" id=\"\" id=\"\" id=\"\" id=\"\" id=\"\" id=\"\" id=\"\" id=\"\" id=\"\" id=\"\" id=\"\" id=\"\" id=\"\" id=\"\" id=\"\" id=\"\" id=\"\" id=\"\" id=\"\" id=\"\" id=\"\" id=\"\" id=\"\" id=\"\" id=\"\" id=\"\" id=\"\" id=\"\" id=\"\" id=\"\" id=\"\" id=\"\" id=\"\" id=\"\" id=\"\" id=\"\">\n<p id=\"norocesitlilik-her-bireyin-kendine-ozgu-bir-norobilissel-isleve-sahip-oldugu-fikrini-tanimlayan-bir-kavramdir-ilk-olarak-1990li-yillarda-avustralyali-sosyolog-judy-singer-tarafindan-tanimla\">N\u00f6ro\u00e7e\u015fitlilik, her bireyin kendine \u00f6zg\u00fc bir n\u00f6robili\u015fsel i\u015fleve sahip oldu\u011fu fikrini tan\u0131mlayan bir kavramd\u0131r. \u0130lk olarak 1990\u2019l\u0131 y\u0131llarda Avustralyal\u0131 Sosyolog Judy Singer taraf\u0131ndan tan\u0131mlanan bu kavram, n\u00f6rolojik farkl\u0131l\u0131klar\u0131 d\u00fczeltilmesi gereken hastal\u0131klar olarak de\u011fil, insan do\u011fas\u0131ndaki do\u011fal varyasyonlar olarak tan\u0131mlamay\u0131 ama\u00e7lamaktad\u0131r.<\/p id=\"\" id=\"\" id=\"\" id=\"\" id=\"\" id=\"\" id=\"\" id=\"\" id=\"\" id=\"\" id=\"\" id=\"\" id=\"\" id=\"\" id=\"\" id=\"\" id=\"\" id=\"\" id=\"\" id=\"\" id=\"\" id=\"\" id=\"\" id=\"\" id=\"\" id=\"\" id=\"\" id=\"\" id=\"\" id=\"\" id=\"\" id=\"\" id=\"\" id=\"\" id=\"\" id=\"\" id=\"\" id=\"\" id=\"\" id=\"\" id=\"\" id=\"\">\n<p>Singer, farkl\u0131 bireylerin beyin yap\u0131lar\u0131nda ve i\u015fleyi\u015flerinde a\u00e7\u0131k\u00e7a g\u00f6r\u00fclebilecek farkl\u0131l\u0131klar oldu\u011funu savunmu\u015ftur. Hatta bu durum tek yumurta ikizleri i\u00e7in dahi ge\u00e7erlidir. Ona g\u00f6re, insan beyninin do\u011fal kapasitesinin evrensel ve tek bir tan\u0131m\u0131 yoktur. Otizm, <a href=\"https:\/\/hidoctor.health\/blog\/dikkat-eksikligi-hiperaktivite-bozuklugu-dehb-hakkinda-bilinmesi-gerekenler-belirtileri-nelerdir\/\">DEHB (Dikkat Eksikli\u011fi ve Hiperaktivite Bozuklu\u011fu)<\/a> ve disleksi gibi durumlar\u0131 i\u00e7eren n\u00f6ro\u00e7e\u015fitlilik kavram\u0131, bu tan\u0131ma uyan ki\u015filerin damgalanmas\u0131na kar\u015f\u0131 y\u00fcr\u00fct\u00fclen m\u00fccadelenin \u00f6nemli bir par\u00e7as\u0131d\u0131r. Singer\u2019\u0131n bu \u00e7a\u011fr\u0131s\u0131ndan sonra terim \u00e7ok daha pop\u00fcler hale gelmi\u015f ve geni\u015f bir kitle taraf\u0131ndan kabul g\u00f6rmeye ba\u015flam\u0131\u015ft\u0131r.<\/p id=\"\" id=\"\" id=\"\" id=\"\" id=\"\" id=\"\" id=\"\" id=\"\" id=\"\" id=\"\" id=\"\" id=\"\" id=\"\" id=\"\" id=\"\" id=\"\" id=\"\" id=\"\" id=\"\" id=\"\" id=\"\" id=\"\" id=\"\" id=\"\" id=\"\" id=\"\" id=\"\" id=\"\" id=\"\" id=\"\" id=\"\" id=\"\" id=\"\" id=\"\" id=\"\" id=\"\" id=\"\" id=\"\" id=\"\" id=\"\" id=\"\" id=\"\">\n<p id=\"bu-sayede-toplum-tarafindan-kusurlu-veya-hasta-olarak-gorulen-milyonlarca-insan-icin-daha-fazla-saygi-esitlik-ve-kapsayicilik-talep-eden-sosyal-hareketler-ortaya-c\">Bu sayede toplum taraf\u0131ndan \u201ckusurlu\u201d veya \u201chasta\u201d olarak g\u00f6r\u00fclen milyonlarca insan i\u00e7in daha fazla sayg\u0131, e\u015fitlik ve kapsay\u0131c\u0131l\u0131k talep eden sosyal hareketler ortaya \u00e7\u0131km\u0131\u015ft\u0131r. Yani n\u00f6ro\u00e7e\u015fitlilik; bireylerin farkl\u0131 d\u00fc\u015f\u00fcnme, \u00f6\u011frenme ve alg\u0131lama bi\u00e7imlerinin de\u011ferli oldu\u011funu vurgulayarak onlar\u0131n topluma tam kat\u0131l\u0131m\u0131n\u0131 desteklemeyi hedefler.<\/p id=\"\" id=\"\" id=\"\" id=\"\" id=\"\" id=\"\" id=\"\" id=\"\" id=\"\" id=\"\" id=\"\" id=\"\" id=\"\" id=\"\" id=\"\" id=\"\" id=\"\" id=\"\" id=\"\" id=\"\" id=\"\" id=\"\" id=\"\" id=\"\" id=\"\" id=\"\" id=\"\" id=\"\" id=\"\" id=\"\" id=\"\" id=\"\" id=\"\" id=\"\" id=\"\" id=\"\" id=\"\" id=\"\" id=\"\" id=\"\" id=\"\" id=\"\">\n<p id=\"bu-baglamda-norocesitlilik-yalnizca-bir-farkindalik-kavrami-degil-ayni-zamanda-egitimden-is-hayatina-kadar-her-alanda-adalet-ve-firsat-esitligi-saglanmasini-amaclayan-bir-toplumsal-donusum-hareketid\">Bu ba\u011flamda, n\u00f6ro\u00e7e\u015fitlilik yaln\u0131zca bir fark\u0131ndal\u0131k kavram\u0131 de\u011fil, ayn\u0131 zamanda e\u011fitimden i\u015f hayat\u0131na kadar her alanda adalet ve f\u0131rsat e\u015fitli\u011fi sa\u011flanmas\u0131n\u0131 ama\u00e7layan bir toplumsal d\u00f6n\u00fc\u015f\u00fcm hareketidir.<\/p id=\"\" id=\"\" id=\"\" id=\"\" id=\"\" id=\"\" id=\"\" id=\"\" id=\"\" id=\"\" id=\"\" id=\"\" id=\"\" id=\"\" id=\"\" id=\"\" id=\"\" id=\"\" id=\"\" id=\"\" id=\"\" id=\"\" id=\"\" id=\"\" id=\"\" id=\"\" id=\"\" id=\"\" id=\"\" id=\"\" id=\"\" id=\"\" id=\"\" id=\"\" id=\"\" id=\"\" id=\"\" id=\"\" id=\"\" id=\"\" id=\"\" id=\"\">\n<h2 id=\"neurodivergent-ne-demek\">Neurodivergent Ne Demek?<\/h2 id=\"\" id=\"\" id=\"\" id=\"\" id=\"\" id=\"\" id=\"\" id=\"\" id=\"\" id=\"\" id=\"\" id=\"\" id=\"\" id=\"\" id=\"\" id=\"\" id=\"\" id=\"\" id=\"\" id=\"\" id=\"\" id=\"\" id=\"\" id=\"\" id=\"\" id=\"\" id=\"\" id=\"\" id=\"\" id=\"\" id=\"\" id=\"\" id=\"\" id=\"\" id=\"\" id=\"\" id=\"\" id=\"\" id=\"\" id=\"\" id=\"\" id=\"\">\n<p id=\"neurodivergent-bireylerin-beyin-yapilari-ve-norobiyolojik-isleyisleri-arasindaki-farkliliklari-tanimlayan-bir-kavramdir-ilk-kez-1990li-yillarin-sonunda-judy-singer-tarafindan-ortaya-atilan\">Neurodivergent, bireylerin beyin yap\u0131lar\u0131 ve n\u00f6robiyolojik i\u015fleyi\u015fleri aras\u0131ndaki farkl\u0131l\u0131klar\u0131 tan\u0131mlayan bir kavramd\u0131r. \u0130lk kez 1990\u2019l\u0131 y\u0131llar\u0131n sonunda Judy Singer taraf\u0131ndan ortaya at\u0131lan bu terim, \u201cnormal beyin\u201d anlay\u0131\u015f\u0131n\u0131 sorgulayarak beyindeki i\u015fleyi\u015f farkl\u0131l\u0131klar\u0131n\u0131 daha kapsay\u0131c\u0131 ve geni\u015f bir perspektiften ele almay\u0131 ama\u00e7lam\u0131\u015ft\u0131r.<\/p id=\"\" id=\"\" id=\"\" id=\"\" id=\"\" id=\"\" id=\"\" id=\"\" id=\"\" id=\"\" id=\"\" id=\"\" id=\"\" id=\"\" id=\"\" id=\"\" id=\"\" id=\"\" id=\"\" id=\"\" id=\"\" id=\"\" id=\"\" id=\"\" id=\"\" id=\"\" id=\"\" id=\"\" id=\"\" id=\"\" id=\"\" id=\"\" id=\"\" id=\"\" id=\"\" id=\"\" id=\"\" id=\"\" id=\"\" id=\"\" id=\"\" id=\"\">\n<h2 id=\"norocesitlilik-belirtileri-nelerdir\">N\u00f6ro\u00e7e\u015fitlilik Belirtileri Nelerdir?<\/h2 id=\"\" id=\"\" id=\"\" id=\"\" id=\"\" id=\"\" id=\"\" id=\"\" id=\"\" id=\"\" id=\"\" id=\"\" id=\"\" id=\"\" id=\"\" id=\"\" id=\"\" id=\"\" id=\"\" id=\"\" id=\"\" id=\"\" id=\"\" id=\"\" id=\"\" id=\"\" id=\"\" id=\"\" id=\"\" id=\"\" id=\"\" id=\"\" id=\"\" id=\"\" id=\"\" id=\"\" id=\"\" id=\"\" id=\"\" id=\"\" id=\"\" id=\"\">\n<p id=\"norocesitlilik-belirtileri-cesitlilige-dahil-edilen-durumun-spesifik-dogasina-bagli-olarak-degisiklik-gosterir-butun-noro-farkli-bireyler-bu-belirtilerin-tamamini-gostermeyebilir-veya-cogu-bunlardan\">N\u00f6ro\u00e7e\u015fitlilik belirtileri, \u00e7e\u015fitlili\u011fe dahil edilen durumun spesifik do\u011fas\u0131na ba\u011fl\u0131 olarak de\u011fi\u015fiklik g\u00f6sterir. B\u00fct\u00fcn n\u00f6ro farkl\u0131 bireyler bu belirtilerin tamam\u0131n\u0131 g\u00f6stermeyebilir veya \u00e7o\u011fu bunlardan sadece birka\u00e7\u0131na sahip olabilir. Bununla birlikte, n\u00f6ro\u00e7e\u015fitlilikte g\u00f6r\u00fclebilecek en yayg\u0131n belirtilerden baz\u0131lar\u0131 \u015funlard\u0131r:<\/p id=\"\" id=\"\" id=\"\" id=\"\" id=\"\" id=\"\" id=\"\" id=\"\" id=\"\" id=\"\" id=\"\" id=\"\" id=\"\" id=\"\" id=\"\" id=\"\" id=\"\" id=\"\" id=\"\" id=\"\" id=\"\" id=\"\" id=\"\" id=\"\" id=\"\" id=\"\" id=\"\" id=\"\" id=\"\" id=\"\" id=\"\" id=\"\" id=\"\" id=\"\" id=\"\" id=\"\" id=\"\" id=\"\" id=\"\" id=\"\" id=\"\" id=\"\">\n<ul id=\"\" id=\"\" id=\"\" id=\"\" id=\"\" id=\"\" id=\"\" id=\"\" id=\"\" id=\"\" id=\"\" id=\"\" id=\"\" id=\"\" id=\"\" id=\"\" id=\"\" id=\"\" id=\"\" id=\"\" id=\"\" id=\"\" id=\"\" id=\"\" id=\"\" id=\"\" id=\"\" id=\"\" id=\"\" id=\"\" id=\"\" id=\"\" id=\"\" id=\"\" id=\"\" id=\"\" id=\"\" id=\"\" id=\"\" id=\"\" id=\"\" id=\"\">\n<li style=\"font-weight: 400;\" aria-level=\"1\">Konsantrasyon zorluklar\u0131: \u00c7o\u011fu n\u00f6ro farkl\u0131 birey, basit g\u00f6revleri bile yerine getirmekte zorlanabilir. Bunun ba\u015fl\u0131ca sebebi ise h\u0131zl\u0131ca s\u0131k\u0131lmalar\u0131 ve o an ilgilendikleri \u015feye odaklanamamalar\u0131d\u0131r.<\/li id=\"\" id=\"\" id=\"\" id=\"\" id=\"\" id=\"\" id=\"\" id=\"\" id=\"\" id=\"\" id=\"\" id=\"\" id=\"\" id=\"\" id=\"\" id=\"\" id=\"\" id=\"\" id=\"\" id=\"\" id=\"\" id=\"\" id=\"\" id=\"\" id=\"\" id=\"\" id=\"\" id=\"\" id=\"\" id=\"\" id=\"\" id=\"\" id=\"\" id=\"\" id=\"\" id=\"\" id=\"\" id=\"\" id=\"\" id=\"\" id=\"\" id=\"\">\n<li style=\"font-weight: 400;\" aria-level=\"1\">Sosyal uyumsuzluk: N\u00f6ro\u00e7e\u015fitlili\u011fin baz\u0131 t\u00fcrlerinde sosyal zorluklar dikkat \u00e7eker. Bu bireyler i\u00e7in g\u00f6z temas\u0131 kurmak, empati yapmak veya sosyal etkile\u015fimde bulunmak olduk\u00e7a zorlay\u0131c\u0131 olabilir.<\/li id=\"\" id=\"\" id=\"\" id=\"\" id=\"\" id=\"\" id=\"\" id=\"\" id=\"\" id=\"\" id=\"\" id=\"\" id=\"\" id=\"\" id=\"\" id=\"\" id=\"\" id=\"\" id=\"\" id=\"\" id=\"\" id=\"\" id=\"\" id=\"\" id=\"\" id=\"\" id=\"\" id=\"\" id=\"\" id=\"\" id=\"\" id=\"\" id=\"\" id=\"\" id=\"\" id=\"\" id=\"\" id=\"\" id=\"\" id=\"\" id=\"\" id=\"\">\n<li style=\"font-weight: 400;\" aria-level=\"1\">Belirli ilgi alanlar\u0131na tutkulu olmak: Beyin i\u015fleyi\u015findeki farkl\u0131l\u0131klar nedeniyle n\u00f6ro farkl\u0131 bireylerin ilgi alanlar\u0131 bazen olduk\u00e7a s\u0131n\u0131rl\u0131 olabilir. Ancak bu alanlara yo\u011fun bir tutkuyla ba\u011flan\u0131r ve k\u0131sa s\u00fcrede bu konularda uzmanla\u015fabilirler.<\/li id=\"\" id=\"\" id=\"\" id=\"\" id=\"\" id=\"\" id=\"\" id=\"\" id=\"\" id=\"\" id=\"\" id=\"\" id=\"\" id=\"\" id=\"\" id=\"\" id=\"\" id=\"\" id=\"\" id=\"\" id=\"\" id=\"\" id=\"\" id=\"\" id=\"\" id=\"\" id=\"\" id=\"\" id=\"\" id=\"\" id=\"\" id=\"\" id=\"\" id=\"\" id=\"\" id=\"\" id=\"\" id=\"\" id=\"\" id=\"\" id=\"\" id=\"\">\n<li style=\"font-weight: 400;\" aria-level=\"1\">Al\u0131\u015f\u0131lm\u0131\u015f\u0131n d\u0131\u015f\u0131nda bir d\u00fc\u015f\u00fcnce tarz\u0131: N\u00f6ro farkl\u0131 bireyler genellikle s\u0131ra d\u0131\u015f\u0131 ve yarat\u0131c\u0131 d\u00fc\u015f\u00fcnme bi\u00e7imlerine sahiptir. \u00d6zg\u00fcn fikirler \u00fcreterek farkl\u0131 bak\u0131\u015f a\u00e7\u0131lar\u0131 sunar ve bili\u015fsel esneklikleri sayesinde yenilik\u00e7i \u00e7\u00f6z\u00fcmler geli\u015ftirebilirler.<\/li id=\"\" id=\"\" id=\"\" id=\"\" id=\"\" id=\"\" id=\"\" id=\"\" id=\"\" id=\"\" id=\"\" id=\"\" id=\"\" id=\"\" id=\"\" id=\"\" id=\"\" id=\"\" id=\"\" id=\"\" id=\"\" id=\"\" id=\"\" id=\"\" id=\"\" id=\"\" id=\"\" id=\"\" id=\"\" id=\"\" id=\"\" id=\"\" id=\"\" id=\"\" id=\"\" id=\"\" id=\"\" id=\"\" id=\"\" id=\"\" id=\"\" id=\"\">\n<li style=\"font-weight: 400;\" aria-level=\"1\">Okul hayat\u0131na adapte olamama: Bu bireyler i\u00e7in e\u011fitim m\u00fcfredat\u0131n\u0131n kendilerine g\u00f6re uyarlanmas\u0131 gerekebilir. \u00d6rne\u011fin, s\u00f6zl\u00fc ileti\u015fimi olmayan otizm spektrum bozuklu\u011funa sahip bireylerin alternatif ileti\u015fim sistemleri ile e\u011fitim g\u00f6rmesi \u00f6nemlidir. Ancak bu her zaman m\u00fcmk\u00fcn olmad\u0131\u011f\u0131 i\u00e7in bir\u00e7ok n\u00f6ro farkl\u0131 birey e\u011fitim hayat\u0131nda ciddi zorluklarla kar\u015f\u0131la\u015fabilir.<\/li id=\"\" id=\"\" id=\"\" id=\"\" id=\"\" id=\"\" id=\"\" id=\"\" id=\"\" id=\"\" id=\"\" id=\"\" id=\"\" id=\"\" id=\"\" id=\"\" id=\"\" id=\"\" id=\"\" id=\"\" id=\"\" id=\"\" id=\"\" id=\"\" id=\"\" id=\"\" id=\"\" id=\"\" id=\"\" id=\"\" id=\"\" id=\"\" id=\"\" id=\"\" id=\"\" id=\"\" id=\"\" id=\"\" id=\"\" id=\"\" id=\"\" id=\"\">\n<li style=\"font-weight: 400;\" aria-level=\"1\">Tekrarlayan davran\u0131\u015flar: Baz\u0131 n\u00f6ro\u00e7e\u015fitlilik t\u00fcrlerinde tekrarlay\u0131c\u0131 davran\u0131\u015flar g\u00f6zlemlenebilir. Birey ayn\u0131 kelimeyi defalarca tekrarlayabilir ya da ileri geri sallanma gibi hareketler sergileyebilir.<\/li id=\"\" id=\"\" id=\"\" id=\"\" id=\"\" id=\"\" id=\"\" id=\"\" id=\"\" id=\"\" id=\"\" id=\"\" id=\"\" id=\"\" id=\"\" id=\"\" id=\"\" id=\"\" id=\"\" id=\"\" id=\"\" id=\"\" id=\"\" id=\"\" id=\"\" id=\"\" id=\"\" id=\"\" id=\"\" id=\"\" id=\"\" id=\"\" id=\"\" id=\"\" id=\"\" id=\"\" id=\"\" id=\"\" id=\"\" id=\"\" id=\"\" id=\"\">\n<li style=\"font-weight: 400;\" aria-level=\"1\">Motor becerilerinde zorluklar: Baz\u0131 ki\u015filerin ince ve kaba motor becerilerinde zorluk ya\u015fand\u0131\u011f\u0131 g\u00f6r\u00fclebilir.<\/li id=\"\" id=\"\" id=\"\" id=\"\" id=\"\" id=\"\" id=\"\" id=\"\" id=\"\" id=\"\" id=\"\" id=\"\" id=\"\" id=\"\" id=\"\" id=\"\" id=\"\" id=\"\" id=\"\" id=\"\" id=\"\" id=\"\" id=\"\" id=\"\" id=\"\" id=\"\" id=\"\" id=\"\" id=\"\" id=\"\" id=\"\" id=\"\" id=\"\" id=\"\" id=\"\" id=\"\" id=\"\" id=\"\" id=\"\" id=\"\" id=\"\" id=\"\">\n<\/ul id=\"\" id=\"\" id=\"\" id=\"\" id=\"\" id=\"\" id=\"\" id=\"\" id=\"\" id=\"\" id=\"\" id=\"\" id=\"\" id=\"\" id=\"\" id=\"\" id=\"\" id=\"\" id=\"\" id=\"\" id=\"\" id=\"\" id=\"\" id=\"\" id=\"\" id=\"\" id=\"\" id=\"\" id=\"\" id=\"\" id=\"\" id=\"\" id=\"\" id=\"\" id=\"\" id=\"\" id=\"\" id=\"\" id=\"\" id=\"\" id=\"\" id=\"\">\n<h2 id=\"norocesitlilik-neleri-kapsar\">N\u00f6ro\u00e7e\u015fitlilik Neleri Kapsar?<\/h2 id=\"\" id=\"\" id=\"\" id=\"\" id=\"\" id=\"\" id=\"\" id=\"\" id=\"\" id=\"\" id=\"\" id=\"\" id=\"\" id=\"\" id=\"\" id=\"\" id=\"\" id=\"\" id=\"\" id=\"\" id=\"\" id=\"\" id=\"\" id=\"\" id=\"\" id=\"\" id=\"\" id=\"\" id=\"\" id=\"\" id=\"\" id=\"\" id=\"\" id=\"\" id=\"\" id=\"\" id=\"\" id=\"\" id=\"\" id=\"\" id=\"\" id=\"\">\n<p id=\"norocesitlilik-kavrami-ilk-kez-ortaya-atildiginda-oncelikle-otizm-spektrum-bozuklugu-bu-terimin-kapsamina-dahil-ediliyordu-terimi-ilk-olarak-bulan-ve-doktora-tezinde-kitap-olarak-yayinlayan-singer\">N\u00f6ro\u00e7e\u015fitlilik kavram\u0131 ilk kez ortaya at\u0131ld\u0131\u011f\u0131nda, \u00f6ncelikle otizm spektrum bozuklu\u011fu bu terimin kapsam\u0131na dahil ediliyordu. Terimi ilk olarak bulan ve doktora tezinde kitap olarak yay\u0131nlayan Singer, annesinin otizminden etkilenerek bu alanda \u00e7al\u0131\u015fmalara ba\u015flam\u0131\u015ft\u0131. Ancak k\u0131sa bir s\u00fcre sonra kendisinde ve k\u0131z\u0131nda g\u00f6zlemledi\u011fi farkl\u0131l\u0131klar\u0131n da etkisiyle ara\u015ft\u0131rma alanlar\u0131n\u0131 geni\u015fleterek farkl\u0131 n\u00f6rolojik bozukluklar\u0131 da bu terim alt\u0131nda toplamaya ba\u015flad\u0131.<\/p id=\"\" id=\"\" id=\"\" id=\"\" id=\"\" id=\"\" id=\"\" id=\"\" id=\"\" id=\"\" id=\"\" id=\"\" id=\"\" id=\"\" id=\"\" id=\"\" id=\"\" id=\"\" id=\"\" id=\"\" id=\"\" id=\"\" id=\"\" id=\"\" id=\"\" id=\"\" id=\"\" id=\"\" id=\"\" id=\"\" id=\"\" id=\"\" id=\"\" id=\"\" id=\"\" id=\"\" id=\"\" id=\"\" id=\"\" id=\"\" id=\"\" id=\"\">\n<p>K\u0131sacas\u0131 n\u00f6ro\u00e7e\u015fitlilik esas\u0131nda esnek bir kavramd\u0131r ve kapsam\u0131 zamanla \u00f6nemli \u00f6l\u00e7\u00fcde geni\u015flemi\u015ftir. \u00d6rne\u011fin, baz\u0131 kurulu\u015flar obsesif kompulsif bozukluk (OKB), <a href=\"https:\/\/hidoctor.health\/blog\/bipolar-bozukluk\/\">bipolar bozukluk<\/a> ve sosyal anksiyete bozuklu\u011fu gibi bir\u00e7ok rahats\u0131zl\u0131\u011f\u0131 bu kavram alt\u0131nda toplama \u00f6nerisinde bulunmu\u015ftur.<\/p id=\"\" id=\"\" id=\"\" id=\"\" id=\"\" id=\"\" id=\"\" id=\"\" id=\"\" id=\"\" id=\"\" id=\"\" id=\"\" id=\"\" id=\"\" id=\"\" id=\"\" id=\"\" id=\"\" id=\"\" id=\"\" id=\"\" id=\"\" id=\"\" id=\"\" id=\"\" id=\"\" id=\"\" id=\"\" id=\"\" id=\"\" id=\"\" id=\"\" id=\"\" id=\"\" id=\"\" id=\"\" id=\"\" id=\"\" id=\"\" id=\"\" id=\"\">\n<p id=\"bununla-birlikte-bazi-uzmanlar-kavrami-daha-da-genisleterek-epilepsi-sizofreni-ve-demans-gibi-hastaliklarin-da-norocesitlilik-turleri-arasinda-olmasini-savunmustur-kuruluslar-arasinda-farkli-gorusl\">Bununla birlikte baz\u0131 uzmanlar, kavram\u0131 daha da geni\u015fleterek epilepsi, \u015fizofreni ve demans gibi hastal\u0131klar\u0131n da n\u00f6ro\u00e7e\u015fitlilik t\u00fcrleri aras\u0131nda olmas\u0131n\u0131 savunmu\u015ftur. Kurulu\u015flar aras\u0131nda farkl\u0131 g\u00f6r\u00fc\u015fler olsa da, d\u00fcnya genelinde kabul g\u00f6ren ve n\u00f6ro\u00e7e\u015fitlili\u011fe dahil edilen baz\u0131 durumlar \u015funlard\u0131r:<\/p id=\"\" id=\"\" id=\"\" id=\"\" id=\"\" id=\"\" id=\"\" id=\"\" id=\"\" id=\"\" id=\"\" id=\"\" id=\"\" id=\"\" id=\"\" id=\"\" id=\"\" id=\"\" id=\"\" id=\"\" id=\"\" id=\"\" id=\"\" id=\"\" id=\"\" id=\"\" id=\"\" id=\"\" id=\"\" id=\"\" id=\"\" id=\"\" id=\"\" id=\"\" id=\"\" id=\"\" id=\"\" id=\"\" id=\"\" id=\"\" id=\"\" id=\"\">\n<h3 id=\"1-dikkat-eksikligi-ve-hiperaktivite-bozuklugu\">1. Dikkat Eksikli\u011fi ve Hiperaktivite Bozuklu\u011fu<\/h3 id=\"\" id=\"\" id=\"\" id=\"\" id=\"\" id=\"\" id=\"\" id=\"\" id=\"\" id=\"\" id=\"\" id=\"\" id=\"\" id=\"\" id=\"\" id=\"\" id=\"\" id=\"\" id=\"\" id=\"\" id=\"\" id=\"\" id=\"\" id=\"\" id=\"\" id=\"\" id=\"\" id=\"\" id=\"\" id=\"\" id=\"\" id=\"\" id=\"\" id=\"\" id=\"\" id=\"\" id=\"\" id=\"\" id=\"\" id=\"\" id=\"\" id=\"\">\n<p id=\"norocesitlilik-dehb-dikkatsizlik-ve-durtusellik-ile-karakterize-edilen-bir-durumdur-baslangicta-cogunlukla-cocuklarda-gorulen-bu-durum-semptomlar-ve-fonksiyonel-eksikliklerin-yetiskinlik-donemine\">N\u00f6ro\u00e7e\u015fitlilik; DEHB, dikkatsizlik ve d\u00fcrt\u00fcsellik ile karakterize edilen bir durumdur. Ba\u015flang\u0131\u00e7ta \u00e7o\u011funlukla \u00e7ocuklarda g\u00f6r\u00fclen bu durum, semptomlar ve fonksiyonel eksikliklerin yeti\u015fkinlik d\u00f6nemine kadar devam etmesine neden olabilir. Eri\u015fkinlerde g\u00f6r\u00fclme s\u0131kl\u0131\u011f\u0131 %2.8 ila %5.5 aras\u0131nda de\u011fi\u015fmektedir.<\/p id=\"\" id=\"\" id=\"\" id=\"\" id=\"\" id=\"\" id=\"\" id=\"\" id=\"\" id=\"\" id=\"\" id=\"\" id=\"\" id=\"\" id=\"\" id=\"\" id=\"\" id=\"\" id=\"\" id=\"\" id=\"\" id=\"\" id=\"\" id=\"\" id=\"\" id=\"\" id=\"\" id=\"\" id=\"\" id=\"\" id=\"\" id=\"\" id=\"\" id=\"\" id=\"\" id=\"\" id=\"\" id=\"\" id=\"\" id=\"\" id=\"\" id=\"\">\n<h3 id=\"2-otizm-spektrum-bozuklugu\">2. Otizm Spektrum Bozuklu\u011fu<\/h3 id=\"\" id=\"\" id=\"\" id=\"\" id=\"\" id=\"\" id=\"\" id=\"\" id=\"\" id=\"\" id=\"\" id=\"\" id=\"\" id=\"\" id=\"\" id=\"\" id=\"\" id=\"\" id=\"\" id=\"\" id=\"\" id=\"\" id=\"\" id=\"\" id=\"\" id=\"\" id=\"\" id=\"\" id=\"\" id=\"\" id=\"\" id=\"\" id=\"\" id=\"\" id=\"\" id=\"\" id=\"\" id=\"\" id=\"\" id=\"\" id=\"\" id=\"\">\n<p id=\"otizm-spektrum-bozuklugu-osb-iletisim-ve-sosyal-etkilesimi-etkileyen-norogelisimsel-bir-durumlar-grubudur-spektrum-terimi-her-bireyin-farkli-semptomlarla-ve-siddetle-bu-durumu-yasamasi-nedeniyle\">Otizm Spektrum Bozuklu\u011fu (OSB), ileti\u015fim ve sosyal etkile\u015fimi etkileyen n\u00f6rogeli\u015fimsel bir durumlar grubudur. Spektrum terimi, her bireyin farkl\u0131 semptomlarla ve \u015fiddetle bu durumu ya\u015famas\u0131 nedeniyle kullan\u0131l\u0131r. Otizmin temel belirtileri aras\u0131nda ileti\u015fimde zorluklar, tekrarlay\u0131c\u0131 davran\u0131\u015flar ve s\u0131n\u0131rl\u0131 ilgi alanlar\u0131 yer al\u0131r. Otizmli bireyler sosyal kurallar\u0131 anlamakta, beden dilini \u00e7\u00f6z\u00fcmlemekte ve kar\u015f\u0131l\u0131kl\u0131 diyalog kurmakta zorlanabilirler. \u00d6te yandan otizm spektrum bozuklu\u011fu kendi i\u00e7inde \u00e7e\u015fitli alt gruplara da ayr\u0131labilir.<\/p id=\"\" id=\"\" id=\"\" id=\"\" id=\"\" id=\"\" id=\"\" id=\"\" id=\"\" id=\"\" id=\"\" id=\"\" id=\"\" id=\"\" id=\"\" id=\"\" id=\"\" id=\"\" id=\"\" id=\"\" id=\"\" id=\"\" id=\"\" id=\"\" id=\"\" id=\"\" id=\"\" id=\"\" id=\"\" id=\"\" id=\"\" id=\"\" id=\"\" id=\"\" id=\"\" id=\"\" id=\"\" id=\"\" id=\"\" id=\"\" id=\"\" id=\"\">\n<h3 id=\"3-asperger-sendromu\">3. Asperger Sendromu<\/h3 id=\"\" id=\"\" id=\"\" id=\"\" id=\"\" id=\"\" id=\"\" id=\"\" id=\"\" id=\"\" id=\"\" id=\"\" id=\"\" id=\"\" id=\"\" id=\"\" id=\"\" id=\"\" id=\"\" id=\"\" id=\"\" id=\"\" id=\"\" id=\"\" id=\"\" id=\"\" id=\"\" id=\"\" id=\"\" id=\"\" id=\"\" id=\"\" id=\"\" id=\"\" id=\"\" id=\"\" id=\"\" id=\"\" id=\"\" id=\"\" id=\"\" id=\"\">\n<p id=\"asperger-sendromu-dusuk-sosyal-etkilesimin-yani-sira-kendini-ifade-etme-ve-baskalarini-anlama-becerisinde-yasanan-eksiklikle-karakterize-edilen-bir-otizm-turudur-asperger-sendromundan-muzdarip-birey\">Asperger sendromu, d\u00fc\u015f\u00fck sosyal etkile\u015fimin yan\u0131 s\u0131ra kendini ifade etme ve ba\u015fkalar\u0131n\u0131 anlama becerisinde ya\u015fanan eksiklikle karakterize edilen bir otizm t\u00fcr\u00fcd\u00fcr. Asperger sendromundan muzdarip bireyler, ba\u015fkalar\u0131yla ili\u015fki kurmak istese de bu becerilere sahip olmad\u0131klar\u0131 i\u00e7in hayal k\u0131r\u0131kl\u0131\u011f\u0131na u\u011frayabilirler. Bu durum onlar\u0131 s\u0131kl\u0131kla i\u00e7ine kapan\u0131k biri haline getirir ve okulda veya i\u015f yerinde yaln\u0131z kalmay\u0131 tercih ederler.<\/p id=\"\" id=\"\" id=\"\" id=\"\" id=\"\" id=\"\" id=\"\" id=\"\" id=\"\" id=\"\" id=\"\" id=\"\" id=\"\" id=\"\" id=\"\" id=\"\" id=\"\" id=\"\" id=\"\" id=\"\" id=\"\" id=\"\" id=\"\" id=\"\" id=\"\" id=\"\" id=\"\" id=\"\" id=\"\" id=\"\" id=\"\" id=\"\" id=\"\" id=\"\" id=\"\" id=\"\" id=\"\" id=\"\" id=\"\" id=\"\" id=\"\" id=\"\">\n<p>&nbsp;<\/p id=\"\" id=\"\" id=\"\" id=\"\" id=\"\" id=\"\" id=\"\" id=\"\" id=\"\" id=\"\" id=\"\" id=\"\" id=\"\" id=\"\" id=\"\" id=\"\" id=\"\" id=\"\" id=\"\" id=\"\" id=\"\" id=\"\" id=\"\" id=\"\" id=\"\" id=\"\" id=\"\" id=\"\" id=\"\" id=\"\" id=\"\" id=\"\" id=\"\" id=\"\" id=\"\" id=\"\" id=\"\" id=\"\" id=\"\" id=\"\" id=\"\" id=\"\">\n<p>Asperger sendromu olan ki\u015filer, genellikle ortalaman\u0131n \u00fczerinde zekaya sahip olsalar da sosyal etkile\u015fim ve baz\u0131 temel becerilerde zorluk ya\u015farlar. Resmi dil kullan\u0131m\u0131 veya arkada\u015f edinme gibi sosyal gereklilikler onlar i\u00e7in zorlay\u0131c\u0131 olabilir. Otizmin klasik belirtilerinden biri olan sosyal kurallara uymama bu sendromda da g\u00f6r\u00fclebilir. Ayr\u0131ca kat\u0131 rutinler ve tekrarlay\u0131c\u0131 davran\u0131\u015flar, zamanla kayg\u0131 ve <a href=\"https:\/\/hidoctor.health\/blog\/depresyon-nedir-depresyon-belirtileri-nelerdir\/\">depresyon<\/a> gibi ikinci dereceden sorunlara yol a\u00e7abilir.<\/p id=\"\" id=\"\" id=\"\" id=\"\" id=\"\" id=\"\" id=\"\" id=\"\" id=\"\" id=\"\" id=\"\" id=\"\" id=\"\" id=\"\" id=\"\" id=\"\" id=\"\" id=\"\" id=\"\" id=\"\" id=\"\" id=\"\" id=\"\" id=\"\" id=\"\" id=\"\" id=\"\" id=\"\" id=\"\" id=\"\" id=\"\" id=\"\" id=\"\" id=\"\" id=\"\" id=\"\" id=\"\" id=\"\" id=\"\" id=\"\" id=\"\" id=\"\">\n<h3 id=\"4-dezintegratif-bozukluk\">4. Dezintegratif Bozukluk<\/h3 id=\"\" id=\"\" id=\"\" id=\"\" id=\"\" id=\"\" id=\"\" id=\"\" id=\"\" id=\"\" id=\"\" id=\"\" id=\"\" id=\"\" id=\"\" id=\"\" id=\"\" id=\"\" id=\"\" id=\"\" id=\"\" id=\"\" id=\"\" id=\"\" id=\"\" id=\"\" id=\"\" id=\"\" id=\"\" id=\"\" id=\"\" id=\"\" id=\"\" id=\"\" id=\"\" id=\"\" id=\"\" id=\"\" id=\"\" id=\"\" id=\"\" id=\"\">\n<p id=\"dezintegratif-bozukluk-bilissel-gelisimin-gecikmis-bir-bozuklugu-olarak-bilinir-ve-genellikle-bir-tespit-bozuklugu-olarak-nitelendirilir-otizm-ile-benzerlikler-gosterse-de-dezintegratif-bozukluk-3-y\">Dezintegratif bozukluk, bili\u015fsel geli\u015fimin gecikmi\u015f bir bozuklu\u011fu olarak bilinir ve genellikle bir tespit bozuklu\u011fu olarak nitelendirilir. Otizm ile benzerlikler g\u00f6sterse de dezintegratif bozukluk 3 ya\u015f\u0131ndan \u00f6nce g\u00f6r\u00fclmez. Otizmde bebeklik d\u00f6neminde ebeveynleri alarma ge\u00e7irebilecek baz\u0131 \u00f6zellikler fark edilebilirken, dezintegratif bozuklukta \u00e7ocu\u011fun geli\u015fimi en az 2 ya\u015f\u0131na kadar normal \u015fekilde seyreder.<\/p id=\"\" id=\"\" id=\"\" id=\"\" id=\"\" id=\"\" id=\"\" id=\"\" id=\"\" id=\"\" id=\"\" id=\"\" id=\"\" id=\"\" id=\"\" id=\"\" id=\"\" id=\"\" id=\"\" id=\"\" id=\"\" id=\"\" id=\"\" id=\"\" id=\"\" id=\"\" id=\"\" id=\"\" id=\"\" id=\"\" id=\"\" id=\"\" id=\"\" id=\"\" id=\"\" id=\"\" id=\"\" id=\"\" id=\"\" id=\"\" id=\"\" id=\"\">\n<h3 id=\"5-ogrenme-guclukleri\">5. \u00d6\u011frenme G\u00fc\u00e7l\u00fckleri<\/h3 id=\"\" id=\"\" id=\"\" id=\"\" id=\"\" id=\"\" id=\"\" id=\"\" id=\"\" id=\"\" id=\"\" id=\"\" id=\"\" id=\"\" id=\"\" id=\"\" id=\"\" id=\"\" id=\"\" id=\"\" id=\"\" id=\"\" id=\"\" id=\"\" id=\"\" id=\"\" id=\"\" id=\"\" id=\"\" id=\"\" id=\"\" id=\"\" id=\"\" id=\"\" id=\"\" id=\"\" id=\"\" id=\"\" id=\"\" id=\"\" id=\"\" id=\"\">\n<p id=\"ogrenme-guclukleri-cocuklarin-dil-dinleme-akil-yurutme-okuma-veya-mantiksal-becerilerde-yasadiklari-zorluklardir-kac-tur-ogrenme-guclugu-oldugu-kesin-olarak-bilinmese-de-farkli-bozukluk-kombinasy\">\u00d6\u011frenme g\u00fc\u00e7l\u00fckleri; \u00e7ocuklar\u0131n dil, dinleme, ak\u0131l y\u00fcr\u00fctme, okuma veya mant\u0131ksal becerilerde ya\u015fad\u0131klar\u0131 zorluklard\u0131r. Ka\u00e7 t\u00fcr \u00f6\u011frenme g\u00fc\u00e7l\u00fc\u011f\u00fc oldu\u011fu kesin olarak bilinmese de farkl\u0131 bozukluk kombinasyonlar\u0131 ortaya \u00e7\u0131kabilir. \u00d6te yandan en s\u0131k kar\u015f\u0131la\u015f\u0131lan \u00f6\u011frenme g\u00fc\u00e7l\u00fckleri t\u00fcrlerini \u015fu \u015fekilde s\u0131ralayabiliriz:<\/p id=\"\" id=\"\" id=\"\" id=\"\" id=\"\" id=\"\" id=\"\" id=\"\" id=\"\" id=\"\" id=\"\" id=\"\" id=\"\" id=\"\" id=\"\" id=\"\" id=\"\" id=\"\" id=\"\" id=\"\" id=\"\" id=\"\" id=\"\" id=\"\" id=\"\" id=\"\" id=\"\" id=\"\" id=\"\" id=\"\" id=\"\" id=\"\" id=\"\" id=\"\" id=\"\" id=\"\" id=\"\" id=\"\" id=\"\" id=\"\" id=\"\" id=\"\">\n<ul id=\"\" id=\"\" id=\"\" id=\"\" id=\"\" id=\"\" id=\"\" id=\"\" id=\"\" id=\"\" id=\"\" id=\"\" id=\"\" id=\"\" id=\"\" id=\"\" id=\"\" id=\"\" id=\"\" id=\"\" id=\"\" id=\"\" id=\"\" id=\"\" id=\"\" id=\"\" id=\"\" id=\"\" id=\"\" id=\"\" id=\"\" id=\"\" id=\"\" id=\"\" id=\"\" id=\"\" id=\"\" id=\"\" id=\"\" id=\"\" id=\"\" id=\"\">\n<li style=\"font-weight: 400;\" aria-level=\"1\">Disleksi: Bir \u00e7ocu\u011fun do\u011fru yazmay\u0131 \u00f6\u011frenme g\u00fc\u00e7l\u00fc\u011f\u00fc, k\u0131saca <a href=\"https:\/\/hidoctor.health\/blog\/ogrenme-guclugu-disleksi-nedir\/\">disleksi<\/a> olarak adland\u0131r\u0131l\u0131r. \u00d6rne\u011fin \u00e7ocuk, \u201cb\u201d harfi yerine \u201cp\u201d harfi yazabilir. Ebeveynlerin bir k\u0131sm\u0131 bunun g\u00f6rme bozuklu\u011fundan kaynakland\u0131\u011f\u0131n\u0131 d\u00fc\u015f\u00fcnebilir. Ancak bu bir g\u00f6rme problemi de\u011fildir. Harflerin g\u00f6r\u00fcn\u00fcm\u00fcn\u00fc de\u011fi\u015ftiren olay esas\u0131nda \u00e7ocu\u011fun beynindeki i\u015fleme \u015feklidir.<\/li id=\"\" id=\"\" id=\"\" id=\"\" id=\"\" id=\"\" id=\"\" id=\"\" id=\"\" id=\"\" id=\"\" id=\"\" id=\"\" id=\"\" id=\"\" id=\"\" id=\"\" id=\"\" id=\"\" id=\"\" id=\"\" id=\"\" id=\"\" id=\"\" id=\"\" id=\"\" id=\"\" id=\"\" id=\"\" id=\"\" id=\"\" id=\"\" id=\"\" id=\"\" id=\"\" id=\"\" id=\"\" id=\"\" id=\"\" id=\"\" id=\"\" id=\"\">\n<li style=\"font-weight: 400;\" aria-level=\"1\">Disgrafi: Yazma g\u00fc\u00e7l\u00fc\u011f\u00fc olarak tan\u0131mlanan disgrafi, disleksinin bir sonucu olarak geli\u015febilir. Bununla birlikte baz\u0131 \u00e7ocuklarda zay\u0131f g\u00f6rsel i\u015fleme veya uzamsal alg\u0131 eksiklikleri nedeniyle de ortaya \u00e7\u0131kabilir.<\/li id=\"\" id=\"\" id=\"\" id=\"\" id=\"\" id=\"\" id=\"\" id=\"\" id=\"\" id=\"\" id=\"\" id=\"\" id=\"\" id=\"\" id=\"\" id=\"\" id=\"\" id=\"\" id=\"\" id=\"\" id=\"\" id=\"\" id=\"\" id=\"\" id=\"\" id=\"\" id=\"\" id=\"\" id=\"\" id=\"\" id=\"\" id=\"\" id=\"\" id=\"\" id=\"\" id=\"\" id=\"\" id=\"\" id=\"\" id=\"\" id=\"\" id=\"\">\n<li style=\"font-weight: 400;\" aria-level=\"1\">Distalkuli: Matematik kavramlar\u0131n\u0131 anlamada zorluk ya\u015fayan \u00e7ocuklarda g\u00f6r\u00fclen g\u00fc\u00e7l\u00fck, distalkuli olarak adland\u0131r\u0131l\u0131r. Di\u011fer \u00f6\u011frenme g\u00fc\u00e7l\u00fcklerinden farkl\u0131 olarak bu durum \u00e7ocu\u011fun ya\u015f\u0131na ba\u011f\u0131ml\u0131 olmaks\u0131z\u0131n g\u00f6r\u00fclebilir.<\/li id=\"\" id=\"\" id=\"\" id=\"\" id=\"\" id=\"\" id=\"\" id=\"\" id=\"\" id=\"\" id=\"\" id=\"\" id=\"\" id=\"\" id=\"\" id=\"\" id=\"\" id=\"\" id=\"\" id=\"\" id=\"\" id=\"\" id=\"\" id=\"\" id=\"\" id=\"\" id=\"\" id=\"\" id=\"\" id=\"\" id=\"\" id=\"\" id=\"\" id=\"\" id=\"\" id=\"\" id=\"\" id=\"\" id=\"\" id=\"\" id=\"\" id=\"\">\n<\/ul id=\"\" id=\"\" id=\"\" id=\"\" id=\"\" id=\"\" id=\"\" id=\"\" id=\"\" id=\"\" id=\"\" id=\"\" id=\"\" id=\"\" id=\"\" id=\"\" id=\"\" id=\"\" id=\"\" id=\"\" id=\"\" id=\"\" id=\"\" id=\"\" id=\"\" id=\"\" id=\"\" id=\"\" id=\"\" id=\"\" id=\"\" id=\"\" id=\"\" id=\"\" id=\"\" id=\"\" id=\"\" id=\"\" id=\"\" id=\"\" id=\"\" id=\"\">\n<h3 id=\"6-tourette-sendromu\">6. Tourette Sendromu<\/h3 id=\"\" id=\"\" id=\"\" id=\"\" id=\"\" id=\"\" id=\"\" id=\"\" id=\"\" id=\"\" id=\"\" id=\"\" id=\"\" id=\"\" id=\"\" id=\"\" id=\"\" id=\"\" id=\"\" id=\"\" id=\"\" id=\"\" id=\"\" id=\"\" id=\"\" id=\"\" id=\"\" id=\"\" id=\"\" id=\"\" id=\"\" id=\"\" id=\"\" id=\"\" id=\"\" id=\"\" id=\"\" id=\"\" id=\"\" id=\"\" id=\"\" id=\"\">\n<p id=\"tourette-sendromu-kisinin-istemsizce-cikardigi-sesler-ve-hareketlerle-karakterizedir-genellikle-cocukluk-doneminde-baslar-ve-bazen-kendiliginden-gerileme-gosterebilir-ancak-bazi-vakalarda-yetiskinli\">Tourette sendromu, ki\u015finin istemsizce \u00e7\u0131kard\u0131\u011f\u0131 sesler ve hareketlerle karakterizedir. Genellikle \u00e7ocukluk d\u00f6neminde ba\u015flar ve bazen kendili\u011finden gerileme g\u00f6sterebilir ancak baz\u0131 vakalarda yeti\u015fkinlikte dahi devam etti\u011fi g\u00f6r\u00fclebilir. Tourette sendromu i\u00e7in kesin bir tedavi se\u00e7ene\u011fi ne yaz\u0131k ki yoktur. Mevcut tedavi y\u00f6ntemleri ise yaln\u0131zca semptomlar\u0131 y\u00f6netmeye y\u00f6nelik uygulanmaktad\u0131r.<\/p id=\"\" id=\"\" id=\"\" id=\"\" id=\"\" id=\"\" id=\"\" id=\"\" id=\"\" id=\"\" id=\"\" id=\"\" id=\"\" id=\"\" id=\"\" id=\"\" id=\"\" id=\"\" id=\"\" id=\"\" id=\"\" id=\"\" id=\"\" id=\"\" id=\"\" id=\"\" id=\"\" id=\"\" id=\"\" id=\"\" id=\"\" id=\"\" id=\"\" id=\"\" id=\"\" id=\"\" id=\"\" id=\"\" id=\"\" id=\"\" id=\"\" id=\"\">\n<p id=\"tourette-sendromlu-kisilerde-vokal-ve-fiziksel-tiklerin-bir-kombinasyonu-bulunur-ornegin-goz-yuvarlama-bas-sallama-ve-baskalarina-dokunma-gibi-fiziksel-tikler-islik-calma-hayvan-sesleri-cikarma-v\">Tourette sendromlu ki\u015filerde vokal ve fiziksel tiklerin bir kombinasyonu bulunur. \u00d6rne\u011fin, g\u00f6z yuvarlama, ba\u015f sallama ve ba\u015fkalar\u0131na dokunma gibi fiziksel tikler; \u0131sl\u0131k \u00e7alma, hayvan sesleri \u00e7\u0131karma veya rastgele kelimeler s\u00f6yleme gibi vokal tikler yayg\u0131n belirtilerdir.<\/p id=\"\" id=\"\" id=\"\" id=\"\" id=\"\" id=\"\" id=\"\" id=\"\" id=\"\" id=\"\" id=\"\" id=\"\" id=\"\" id=\"\" id=\"\" id=\"\" id=\"\" id=\"\" id=\"\" id=\"\" id=\"\" id=\"\" id=\"\" id=\"\" id=\"\" id=\"\" id=\"\" id=\"\" id=\"\" id=\"\" id=\"\" id=\"\" id=\"\" id=\"\" id=\"\" id=\"\" id=\"\" id=\"\" id=\"\" id=\"\" id=\"\" id=\"\">\n<h2 id=\"norocesitliligin-temel-unsurlari-nelerdir\">N\u00f6ro\u00e7e\u015fitlili\u011fin Temel Unsurlar\u0131 Nelerdir?<\/h2 id=\"\" id=\"\" id=\"\" id=\"\" id=\"\" id=\"\" id=\"\" id=\"\" id=\"\" id=\"\" id=\"\" id=\"\" id=\"\" id=\"\" id=\"\" id=\"\" id=\"\" id=\"\" id=\"\" id=\"\" id=\"\" id=\"\" id=\"\" id=\"\" id=\"\" id=\"\" id=\"\" id=\"\" id=\"\" id=\"\" id=\"\" id=\"\" id=\"\" id=\"\" id=\"\" id=\"\" id=\"\" id=\"\" id=\"\" id=\"\" id=\"\" id=\"\">\n<p id=\"norocesitlilik-farkli-beyin-yapilarina-sahip-insanlari-kapsayan-genis-kapsamli-bir-kavram-olarak-bilinir-bu-kavram-insanlar-arasindaki-beyin-gelisimi-ve-islevselligi-farkliliklarini-anlamaya-yoneli\">N\u00f6ro\u00e7e\u015fitlilik, farkl\u0131 beyin yap\u0131lar\u0131na sahip insanlar\u0131 kapsayan geni\u015f kapsaml\u0131 bir kavram olarak bilinir. Bu kavram, insanlar aras\u0131ndaki beyin geli\u015fimi ve i\u015flevselli\u011fi farkl\u0131l\u0131klar\u0131n\u0131 anlamaya y\u00f6nelik bir yakla\u015f\u0131m sunar. Buna ek olarak n\u00f6ro\u00e7e\u015fitlili\u011fin kendi i\u00e7inde iki ana gruba ayr\u0131ld\u0131\u011f\u0131 s\u00f6ylenebilir:<\/p id=\"\" id=\"\" id=\"\" id=\"\" id=\"\" id=\"\" id=\"\" id=\"\" id=\"\" id=\"\" id=\"\" id=\"\" id=\"\" id=\"\" id=\"\" id=\"\" id=\"\" id=\"\" id=\"\" id=\"\" id=\"\" id=\"\" id=\"\" id=\"\" id=\"\" id=\"\" id=\"\" id=\"\" id=\"\" id=\"\" id=\"\" id=\"\" id=\"\" id=\"\" id=\"\" id=\"\" id=\"\" id=\"\" id=\"\" id=\"\" id=\"\" id=\"\">\n<h3 id=\"1-norotipik\">1. N\u00f6rotipik<\/h3 id=\"\" id=\"\" id=\"\" id=\"\" id=\"\" id=\"\" id=\"\" id=\"\" id=\"\" id=\"\" id=\"\" id=\"\" id=\"\" id=\"\" id=\"\" id=\"\" id=\"\" id=\"\" id=\"\" id=\"\" id=\"\" id=\"\" id=\"\" id=\"\" id=\"\" id=\"\" id=\"\" id=\"\" id=\"\" id=\"\" id=\"\" id=\"\" id=\"\" id=\"\" id=\"\" id=\"\" id=\"\" id=\"\" id=\"\" id=\"\" id=\"\" id=\"\">\n<p id=\"norotipik-tipik-beyin-gelisimine-ve-islevine-sahip-bireyleri-tanimlamak-icin-kullanilan-bir-terimdir-norotipik-bireyler-akranlariyla-benzer-sekilde-buyur-ve-sosyal-duygusal-gelisimlerinde-genellik\">N\u00f6rotipik, tipik beyin geli\u015fimine ve i\u015flevine sahip bireyleri tan\u0131mlamak i\u00e7in kullan\u0131lan bir terimdir. N\u00f6rotipik bireyler, akranlar\u0131yla benzer \u015fekilde b\u00fcy\u00fcr ve sosyal, duygusal geli\u015fimlerinde genellikle bir aksakl\u0131k ya\u015famazlar. N\u00f6rotipik bireylerin genellikle sahip oldu\u011fu \u00f6zellikler \u015funlard\u0131r:<\/p id=\"\" id=\"\" id=\"\" id=\"\" id=\"\" id=\"\" id=\"\" id=\"\" id=\"\" id=\"\" id=\"\" id=\"\" id=\"\" id=\"\" id=\"\" id=\"\" id=\"\" id=\"\" id=\"\" id=\"\" id=\"\" id=\"\" id=\"\" id=\"\" id=\"\" id=\"\" id=\"\" id=\"\" id=\"\" id=\"\" id=\"\" id=\"\" id=\"\" id=\"\" id=\"\" id=\"\" id=\"\" id=\"\" id=\"\" id=\"\" id=\"\" id=\"\">\n<ul id=\"\" id=\"\" id=\"\" id=\"\" id=\"\" id=\"\" id=\"\" id=\"\" id=\"\" id=\"\" id=\"\" id=\"\" id=\"\" id=\"\" id=\"\" id=\"\" id=\"\" id=\"\" id=\"\" id=\"\" id=\"\" id=\"\" id=\"\" id=\"\" id=\"\" id=\"\" id=\"\" id=\"\" id=\"\" id=\"\" id=\"\" id=\"\" id=\"\" id=\"\" id=\"\" id=\"\" id=\"\" id=\"\" id=\"\" id=\"\" id=\"\" id=\"\">\n<li style=\"font-weight: 400;\" aria-level=\"1\">Akranlar\u0131yla ayn\u0131 ya\u015fta konu\u015fmay\u0131 \u00f6\u011frenirler.<\/li id=\"\" id=\"\" id=\"\" id=\"\" id=\"\" id=\"\" id=\"\" id=\"\" id=\"\" id=\"\" id=\"\" id=\"\" id=\"\" id=\"\" id=\"\" id=\"\" id=\"\" id=\"\" id=\"\" id=\"\" id=\"\" id=\"\" id=\"\" id=\"\" id=\"\" id=\"\" id=\"\" id=\"\" id=\"\" id=\"\" id=\"\" id=\"\" id=\"\" id=\"\" id=\"\" id=\"\" id=\"\" id=\"\" id=\"\" id=\"\" id=\"\" id=\"\">\n<li style=\"font-weight: 400;\" aria-level=\"1\">Akranlarla benzer becerilere sahiptirler.<\/li id=\"\" id=\"\" id=\"\" id=\"\" id=\"\" id=\"\" id=\"\" id=\"\" id=\"\" id=\"\" id=\"\" id=\"\" id=\"\" id=\"\" id=\"\" id=\"\" id=\"\" id=\"\" id=\"\" id=\"\" id=\"\" id=\"\" id=\"\" id=\"\" id=\"\" id=\"\" id=\"\" id=\"\" id=\"\" id=\"\" id=\"\" id=\"\" id=\"\" id=\"\" id=\"\" id=\"\" id=\"\" id=\"\" id=\"\" id=\"\" id=\"\" id=\"\">\n<li style=\"font-weight: 400;\" aria-level=\"1\">Y\u00fcksek ses veya \u0131\u015f\u0131k gibi etkenlerden rahats\u0131z olmazlar.<\/li id=\"\" id=\"\" id=\"\" id=\"\" id=\"\" id=\"\" id=\"\" id=\"\" id=\"\" id=\"\" id=\"\" id=\"\" id=\"\" id=\"\" id=\"\" id=\"\" id=\"\" id=\"\" id=\"\" id=\"\" id=\"\" id=\"\" id=\"\" id=\"\" id=\"\" id=\"\" id=\"\" id=\"\" id=\"\" id=\"\" id=\"\" id=\"\" id=\"\" id=\"\" id=\"\" id=\"\" id=\"\" id=\"\" id=\"\" id=\"\" id=\"\" id=\"\">\n<li style=\"font-weight: 400;\" aria-level=\"1\">Kat\u0131 rutinleri yoktur ve de\u011fi\u015fimden korkmazlar.<\/li id=\"\" id=\"\" id=\"\" id=\"\" id=\"\" id=\"\" id=\"\" id=\"\" id=\"\" id=\"\" id=\"\" id=\"\" id=\"\" id=\"\" id=\"\" id=\"\" id=\"\" id=\"\" id=\"\" id=\"\" id=\"\" id=\"\" id=\"\" id=\"\" id=\"\" id=\"\" id=\"\" id=\"\" id=\"\" id=\"\" id=\"\" id=\"\" id=\"\" id=\"\" id=\"\" id=\"\" id=\"\" id=\"\" id=\"\" id=\"\" id=\"\" id=\"\">\n<li style=\"font-weight: 400;\" aria-level=\"1\">Depresyon veya <a href=\"https:\/\/hidoctor.health\/blog\/kaygi-nedir-kaygiyla-basa-cikabilmeniz-icin-5-ipucu\/\">kayg\u0131<\/a> gibi problemleri yoksa odaklanmalar\u0131 normaldir. Yani genel olarak odaklanma problemi ya\u015famazlar.<\/li id=\"\" id=\"\" id=\"\" id=\"\" id=\"\" id=\"\" id=\"\" id=\"\" id=\"\" id=\"\" id=\"\" id=\"\" id=\"\" id=\"\" id=\"\" id=\"\" id=\"\" id=\"\" id=\"\" id=\"\" id=\"\" id=\"\" id=\"\" id=\"\" id=\"\" id=\"\" id=\"\" id=\"\" id=\"\" id=\"\" id=\"\" id=\"\" id=\"\" id=\"\" id=\"\" id=\"\" id=\"\" id=\"\" id=\"\" id=\"\" id=\"\" id=\"\">\n<li style=\"font-weight: 400;\" aria-level=\"1\">Ya\u015f\u0131na \u00f6zg\u00fc hobilere ilgi duyarlar.<\/li id=\"\" id=\"\" id=\"\" id=\"\" id=\"\" id=\"\" id=\"\" id=\"\" id=\"\" id=\"\" id=\"\" id=\"\" id=\"\" id=\"\" id=\"\" id=\"\" id=\"\" id=\"\" id=\"\" id=\"\" id=\"\" id=\"\" id=\"\" id=\"\" id=\"\" id=\"\" id=\"\" id=\"\" id=\"\" id=\"\" id=\"\" id=\"\" id=\"\" id=\"\" id=\"\" id=\"\" id=\"\" id=\"\" id=\"\" id=\"\" id=\"\" id=\"\">\n<li style=\"font-weight: 400;\" aria-level=\"1\">\u00c7evresiyle sa\u011fl\u0131kl\u0131 bir \u015fekilde ileti\u015fim kurabilirler.<\/li id=\"\" id=\"\" id=\"\" id=\"\" id=\"\" id=\"\" id=\"\" id=\"\" id=\"\" id=\"\" id=\"\" id=\"\" id=\"\" id=\"\" id=\"\" id=\"\" id=\"\" id=\"\" id=\"\" id=\"\" id=\"\" id=\"\" id=\"\" id=\"\" id=\"\" id=\"\" id=\"\" id=\"\" id=\"\" id=\"\" id=\"\" id=\"\" id=\"\" id=\"\" id=\"\" id=\"\" id=\"\" id=\"\" id=\"\" id=\"\" id=\"\" id=\"\">\n<li style=\"font-weight: 400;\" aria-level=\"1\">Y\u00fcz ifadelerini anlayabilir ve empati kurabilirler.<\/li id=\"\" id=\"\" id=\"\" id=\"\" id=\"\" id=\"\" id=\"\" id=\"\" id=\"\" id=\"\" id=\"\" id=\"\" id=\"\" id=\"\" id=\"\" id=\"\" id=\"\" id=\"\" id=\"\" id=\"\" id=\"\" id=\"\" id=\"\" id=\"\" id=\"\" id=\"\" id=\"\" id=\"\" id=\"\" id=\"\" id=\"\" id=\"\" id=\"\" id=\"\" id=\"\" id=\"\" id=\"\" id=\"\" id=\"\" id=\"\" id=\"\" id=\"\">\n<\/ul id=\"\" id=\"\" id=\"\" id=\"\" id=\"\" id=\"\" id=\"\" id=\"\" id=\"\" id=\"\" id=\"\" id=\"\" id=\"\" id=\"\" id=\"\" id=\"\" id=\"\" id=\"\" id=\"\" id=\"\" id=\"\" id=\"\" id=\"\" id=\"\" id=\"\" id=\"\" id=\"\" id=\"\" id=\"\" id=\"\" id=\"\" id=\"\" id=\"\" id=\"\" id=\"\" id=\"\" id=\"\" id=\"\" id=\"\" id=\"\" id=\"\" id=\"\">\n<h3 id=\"2-norocesitli\">2. N\u00f6ro\u00e7e\u015fitli<\/h3 id=\"\" id=\"\" id=\"\" id=\"\" id=\"\" id=\"\" id=\"\" id=\"\" id=\"\" id=\"\" id=\"\" id=\"\" id=\"\" id=\"\" id=\"\" id=\"\" id=\"\" id=\"\" id=\"\" id=\"\" id=\"\" id=\"\" id=\"\" id=\"\" id=\"\" id=\"\" id=\"\" id=\"\" id=\"\" id=\"\" id=\"\" id=\"\" id=\"\" id=\"\" id=\"\" id=\"\" id=\"\" id=\"\" id=\"\" id=\"\" id=\"\" id=\"\">\n<p id=\"norocesitli-terimi-beyin-yapilari-ve-islevleri-norotipik-bireylerden-farkli-olan-kisileri-tanimlar-norocesitli-bireyler-beynin-isleyisindeki-farkliliklardan-kaynakli-olarak-genellikle-sosyal-etkile\">N\u00f6ro\u00e7e\u015fitli terimi, beyin yap\u0131lar\u0131 ve i\u015flevleri n\u00f6rotipik bireylerden farkl\u0131 olan ki\u015fileri tan\u0131mlar. N\u00f6ro\u00e7e\u015fitli bireyler, beynin i\u015fleyi\u015findeki farkl\u0131l\u0131klardan kaynakl\u0131 olarak genellikle sosyal etkile\u015fim, duygu y\u00f6netimi ve g\u00fcnl\u00fck aktivitelerde zorluklar ya\u015fayabilirler. Ancak n\u00f6ro\u00e7e\u015fitlili\u011fin de farkl\u0131l\u0131klar\u0131n ve \u00e7e\u015fitlili\u011fin bir par\u00e7as\u0131 olarak kabul edilmesi gerekti\u011fi vurgulan\u0131r. Ayr\u0131ca n\u00f6ro\u00e7e\u015fitli bireylerde g\u00f6r\u00fclen baz\u0131 yayg\u0131n \u00f6zellikler ise \u015funlard\u0131r:<\/p id=\"\" id=\"\" id=\"\" id=\"\" id=\"\" id=\"\" id=\"\" id=\"\" id=\"\" id=\"\" id=\"\" id=\"\" id=\"\" id=\"\" id=\"\" id=\"\" id=\"\" id=\"\" id=\"\" id=\"\" id=\"\" id=\"\" id=\"\" id=\"\" id=\"\" id=\"\" id=\"\" id=\"\" id=\"\" id=\"\" id=\"\" id=\"\" id=\"\" id=\"\" id=\"\" id=\"\" id=\"\" id=\"\" id=\"\" id=\"\" id=\"\" id=\"\">\n<ul id=\"\" id=\"\" id=\"\" id=\"\" id=\"\" id=\"\" id=\"\" id=\"\" id=\"\" id=\"\" id=\"\" id=\"\" id=\"\" id=\"\" id=\"\" id=\"\" id=\"\" id=\"\" id=\"\" id=\"\" id=\"\" id=\"\" id=\"\" id=\"\" id=\"\" id=\"\" id=\"\" id=\"\" id=\"\" id=\"\" id=\"\" id=\"\" id=\"\" id=\"\" id=\"\" id=\"\" id=\"\" id=\"\" id=\"\" id=\"\" id=\"\" id=\"\">\n<li style=\"font-weight: 400;\" aria-level=\"1\">Geli\u015fimsel \u00f6zelliklerde gecikmeler bulunur.<\/li id=\"\" id=\"\" id=\"\" id=\"\" id=\"\" id=\"\" id=\"\" id=\"\" id=\"\" id=\"\" id=\"\" id=\"\" id=\"\" id=\"\" id=\"\" id=\"\" id=\"\" id=\"\" id=\"\" id=\"\" id=\"\" id=\"\" id=\"\" id=\"\" id=\"\" id=\"\" id=\"\" id=\"\" id=\"\" id=\"\" id=\"\" id=\"\" id=\"\" id=\"\" id=\"\" id=\"\" id=\"\" id=\"\" id=\"\" id=\"\" id=\"\" id=\"\">\n<li style=\"font-weight: 400;\" aria-level=\"1\">G\u00f6z temas\u0131ndan ka\u00e7\u0131nabilir ve sosyal etkile\u015fimde zorlanabilirler.<\/li id=\"\" id=\"\" id=\"\" id=\"\" id=\"\" id=\"\" id=\"\" id=\"\" id=\"\" id=\"\" id=\"\" id=\"\" id=\"\" id=\"\" id=\"\" id=\"\" id=\"\" id=\"\" id=\"\" id=\"\" id=\"\" id=\"\" id=\"\" id=\"\" id=\"\" id=\"\" id=\"\" id=\"\" id=\"\" id=\"\" id=\"\" id=\"\" id=\"\" id=\"\" id=\"\" id=\"\" id=\"\" id=\"\" id=\"\" id=\"\" id=\"\" id=\"\">\n<li style=\"font-weight: 400;\" aria-level=\"1\">S\u00fcrekli benzer aktiviteyi yapma gibi tekrarlayan davran\u0131\u015flar sergileyebilirler.<\/li id=\"\" id=\"\" id=\"\" id=\"\" id=\"\" id=\"\" id=\"\" id=\"\" id=\"\" id=\"\" id=\"\" id=\"\" id=\"\" id=\"\" id=\"\" id=\"\" id=\"\" id=\"\" id=\"\" id=\"\" id=\"\" id=\"\" id=\"\" id=\"\" id=\"\" id=\"\" id=\"\" id=\"\" id=\"\" id=\"\" id=\"\" id=\"\" id=\"\" id=\"\" id=\"\" id=\"\" id=\"\" id=\"\" id=\"\" id=\"\" id=\"\" id=\"\">\n<li style=\"font-weight: 400;\" aria-level=\"1\">Bu ki\u015filerde hareketsizlik ya da hiperaktivite gibi i\u015faretler g\u00f6r\u00fclebilir.<\/li id=\"\" id=\"\" id=\"\" id=\"\" id=\"\" id=\"\" id=\"\" id=\"\" id=\"\" id=\"\" id=\"\" id=\"\" id=\"\" id=\"\" id=\"\" id=\"\" id=\"\" id=\"\" id=\"\" id=\"\" id=\"\" id=\"\" id=\"\" id=\"\" id=\"\" id=\"\" id=\"\" id=\"\" id=\"\" id=\"\" id=\"\" id=\"\" id=\"\" id=\"\" id=\"\" id=\"\" id=\"\" id=\"\" id=\"\" id=\"\" id=\"\" id=\"\">\n<li style=\"font-weight: 400;\" aria-level=\"1\">Ya\u015f\u0131tlar\u0131yla ileti\u015fim kurmalar\u0131 bazen zorlay\u0131c\u0131 olabilir.<\/li id=\"\" id=\"\" id=\"\" id=\"\" id=\"\" id=\"\" id=\"\" id=\"\" id=\"\" id=\"\" id=\"\" id=\"\" id=\"\" id=\"\" id=\"\" id=\"\" id=\"\" id=\"\" id=\"\" id=\"\" id=\"\" id=\"\" id=\"\" id=\"\" id=\"\" id=\"\" id=\"\" id=\"\" id=\"\" id=\"\" id=\"\" id=\"\" id=\"\" id=\"\" id=\"\" id=\"\" id=\"\" id=\"\" id=\"\" id=\"\" id=\"\" id=\"\">\n<li style=\"font-weight: 400;\" aria-level=\"1\">Duygular\u0131 anlamakta zorluk ya\u015fad\u0131klar\u0131 i\u00e7in empati kurmakta eksiklik ya\u015farlar.<\/li id=\"\" id=\"\" id=\"\" id=\"\" id=\"\" id=\"\" id=\"\" id=\"\" id=\"\" id=\"\" id=\"\" id=\"\" id=\"\" id=\"\" id=\"\" id=\"\" id=\"\" id=\"\" id=\"\" id=\"\" id=\"\" id=\"\" id=\"\" id=\"\" id=\"\" id=\"\" id=\"\" id=\"\" id=\"\" id=\"\" id=\"\" id=\"\" id=\"\" id=\"\" id=\"\" id=\"\" id=\"\" id=\"\" id=\"\" id=\"\" id=\"\" id=\"\">\n<li style=\"font-weight: 400;\" aria-level=\"1\">Belirli rutinleri ve tutkuyla ba\u011fl\u0131 olduklar\u0131 hobileri vard\u0131r.<\/li id=\"\" id=\"\" id=\"\" id=\"\" id=\"\" id=\"\" id=\"\" id=\"\" id=\"\" id=\"\" id=\"\" id=\"\" id=\"\" id=\"\" id=\"\" id=\"\" id=\"\" id=\"\" id=\"\" id=\"\" id=\"\" id=\"\" id=\"\" id=\"\" id=\"\" id=\"\" id=\"\" id=\"\" id=\"\" id=\"\" id=\"\" id=\"\" id=\"\" id=\"\" id=\"\" id=\"\" id=\"\" id=\"\" id=\"\" id=\"\" id=\"\" id=\"\">\n<\/ul id=\"\" id=\"\" id=\"\" id=\"\" id=\"\" id=\"\" id=\"\" id=\"\" id=\"\" id=\"\" id=\"\" id=\"\" id=\"\" id=\"\" id=\"\" id=\"\" id=\"\" id=\"\" id=\"\" id=\"\" id=\"\" id=\"\" id=\"\" id=\"\" id=\"\" id=\"\" id=\"\" id=\"\" id=\"\" id=\"\" id=\"\" id=\"\" id=\"\" id=\"\" id=\"\" id=\"\" id=\"\" id=\"\" id=\"\" id=\"\" id=\"\" id=\"\">\n<p id=\"norocesitlilik-insanlarin-dusunme-ogrenme-ve-dunya-ile-iletisim-kurma-bicimlerinin-farkli-olabilecegini-savunur-bu-bakis-acisi-norolojik-farkliliklari-bir-bozukluk-olarak-goren-eski-anlayislara-ka\">N\u00f6ro\u00e7e\u015fitlilik, insanlar\u0131n d\u00fc\u015f\u00fcnme, \u00f6\u011frenme ve d\u00fcnya ile ileti\u015fim kurma bi\u00e7imlerinin farkl\u0131 olabilece\u011fini savunur. Bu bak\u0131\u015f a\u00e7\u0131s\u0131, n\u00f6rolojik farkl\u0131l\u0131klar\u0131 bir bozukluk olarak g\u00f6ren eski anlay\u0131\u015flara kar\u015f\u0131 \u00e7\u0131kar. Bunun yerine, t\u00fcm bu farkl\u0131l\u0131klar\u0131n insan \u00e7e\u015fitlili\u011finin bir par\u00e7as\u0131 oldu\u011fu ve her bireyin benzersiz i\u015fleme yollar\u0131na sahip oldu\u011fu fikri vurgulan\u0131r. N\u00f6ro\u00e7e\u015fitlilik paradigmas\u0131, bireylerin farkl\u0131 beyin yap\u0131lar\u0131n\u0131n, onlar\u0131n yeteneklerini ve potansiyellerini belirleyen do\u011fal bir \u00e7e\u015fitlilik sundu\u011funu kabul eder. Ayr\u0131ca bu kavram\u0131n kendine has prensipleri de vard\u0131r. Dilerseniz \u015fimdi bu temel prensipleri ele alal\u0131m.<\/p id=\"\" id=\"\" id=\"\" id=\"\" id=\"\" id=\"\" id=\"\" id=\"\" id=\"\" id=\"\" id=\"\" id=\"\" id=\"\" id=\"\" id=\"\" id=\"\" id=\"\" id=\"\" id=\"\" id=\"\" id=\"\" id=\"\" id=\"\" id=\"\" id=\"\" id=\"\" id=\"\" id=\"\" id=\"\" id=\"\" id=\"\" id=\"\" id=\"\" id=\"\" id=\"\" id=\"\" id=\"\" id=\"\" id=\"\" id=\"\" id=\"\" id=\"\">\n<h2 id=\"norocesitliligin-8-prensibi-nedir\">N\u00f6ro\u00e7e\u015fitlili\u011fin 8 Prensibi Nedir?<\/h2 id=\"\" id=\"\" id=\"\" id=\"\" id=\"\" id=\"\" id=\"\" id=\"\" id=\"\" id=\"\" id=\"\" id=\"\" id=\"\" id=\"\" id=\"\" id=\"\" id=\"\" id=\"\" id=\"\" id=\"\" id=\"\" id=\"\" id=\"\" id=\"\" id=\"\" id=\"\" id=\"\" id=\"\" id=\"\" id=\"\" id=\"\" id=\"\" id=\"\" id=\"\" id=\"\" id=\"\" id=\"\" id=\"\" id=\"\" id=\"\" id=\"\" id=\"\">\n<p id=\"norocesitlilik-hem-biyocesitlilik-hem-de-kulturel-cesitlilikle-ilgili-bir-kavramdir-sosyallik-ogrenme-dikkat-ruh-hali-ve-diger-onemli-zihinsel-islevler-acisindan-normal\">N\u00f6ro\u00e7e\u015fitlilik, hem biyo\u00e7e\u015fitlilik hem de k\u00fclt\u00fcrel \u00e7e\u015fitlilikle ilgili bir kavramd\u0131r. Sosyallik, \u00f6\u011frenme, dikkat, ruh hali ve di\u011fer \u00f6nemli zihinsel i\u015flevler a\u00e7\u0131s\u0131ndan \u2018\u2018normal\u2019\u2019 kabul edilen beyin yap\u0131lar\u0131n\u0131n \u00f6tesinde \u00e7e\u015fitlili\u011fi \u00f6ne \u00e7\u0131kar\u0131r. Ayr\u0131ca bu farkl\u0131l\u0131klar\u0131 damgalamak yerine onlardan yeni bir \u015fey in\u015fa etmeye \u00e7al\u0131\u015f\u0131r. Bu ba\u011flamda, n\u00f6ro\u00e7e\u015fitlili\u011fe ait dikkat \u00e7eken 8 prensip vard\u0131r. Judy Singer taraf\u0131ndan bulunan ve Thomas Armstrong taraf\u0131ndan geli\u015ftirilen bu prensipleri \u015fu \u015fekilde a\u00e7\u0131klayabiliriz:<\/p id=\"\" id=\"\" id=\"\" id=\"\" id=\"\" id=\"\" id=\"\" id=\"\" id=\"\" id=\"\" id=\"\" id=\"\" id=\"\" id=\"\" id=\"\" id=\"\" id=\"\" id=\"\" id=\"\" id=\"\" id=\"\" id=\"\" id=\"\" id=\"\" id=\"\" id=\"\" id=\"\" id=\"\" id=\"\" id=\"\" id=\"\" id=\"\" id=\"\" id=\"\" id=\"\" id=\"\" id=\"\" id=\"\" id=\"\" id=\"\" id=\"\" id=\"\">\n<ul id=\"\" id=\"\" id=\"\" id=\"\" id=\"\" id=\"\" id=\"\" id=\"\" id=\"\" id=\"\" id=\"\" id=\"\" id=\"\" id=\"\" id=\"\" id=\"\" id=\"\" id=\"\" id=\"\" id=\"\" id=\"\" id=\"\" id=\"\" id=\"\" id=\"\" id=\"\" id=\"\" id=\"\" id=\"\" id=\"\" id=\"\" id=\"\" id=\"\" id=\"\" id=\"\" id=\"\" id=\"\" id=\"\" id=\"\" id=\"\" id=\"\" id=\"\">\n<li style=\"font-weight: 400;\" aria-level=\"1\">\u0130nsan beyni otomatik bir d\u00fczenek de\u011fildir. T\u0131pk\u0131 ekosistem gibi \u00e7ok \u00e7e\u015fitlidir. Dolay\u0131s\u0131yla her bireyin beyin yap\u0131s\u0131 ve i\u015fleyi\u015fi farkl\u0131d\u0131r.<\/li id=\"\" id=\"\" id=\"\" id=\"\" id=\"\" id=\"\" id=\"\" id=\"\" id=\"\" id=\"\" id=\"\" id=\"\" id=\"\" id=\"\" id=\"\" id=\"\" id=\"\" id=\"\" id=\"\" id=\"\" id=\"\" id=\"\" id=\"\" id=\"\" id=\"\" id=\"\" id=\"\" id=\"\" id=\"\" id=\"\" id=\"\" id=\"\" id=\"\" id=\"\" id=\"\" id=\"\" id=\"\" id=\"\" id=\"\" id=\"\" id=\"\" id=\"\">\n<li style=\"font-weight: 400;\" aria-level=\"1\">\u0130nsan beyni ve insanlar s\u00fcrekli olarak rekabet spektrumlar\u0131 boyunca var olabilir. Normal davran\u0131\u015f, geleneksel bir duraksamadan ba\u015fka bir \u015fey de\u011fildir. \u0130nsanlar farkl\u0131 \u015fekillerde i\u015flev g\u00f6rebilirler.<\/li id=\"\" id=\"\" id=\"\" id=\"\" id=\"\" id=\"\" id=\"\" id=\"\" id=\"\" id=\"\" id=\"\" id=\"\" id=\"\" id=\"\" id=\"\" id=\"\" id=\"\" id=\"\" id=\"\" id=\"\" id=\"\" id=\"\" id=\"\" id=\"\" id=\"\" id=\"\" id=\"\" id=\"\" id=\"\" id=\"\" id=\"\" id=\"\" id=\"\" id=\"\" id=\"\" id=\"\" id=\"\" id=\"\" id=\"\" id=\"\" id=\"\" id=\"\">\n<li style=\"font-weight: 400;\" aria-level=\"1\">\u0130nsan\u0131n yeterli olup olmad\u0131\u011f\u0131na ait oldu\u011fu k\u00fclt\u00fcr\u00fcn karar vermesi yanl\u0131\u015ft\u0131r. \u00d6rne\u011fin, ge\u00e7mi\u015fte \u015fizofreni uzun s\u00fcre boyunca tehlikeli bir hastal\u0131k olarak tan\u0131mlanm\u0131\u015ft\u0131. Oysa insan ait oldu\u011fu k\u00fclt\u00fcr\u00fcn \u00f6tesinde ve \u00e7ok daha fazlas\u0131d\u0131r.<\/li id=\"\" id=\"\" id=\"\" id=\"\" id=\"\" id=\"\" id=\"\" id=\"\" id=\"\" id=\"\" id=\"\" id=\"\" id=\"\" id=\"\" id=\"\" id=\"\" id=\"\" id=\"\" id=\"\" id=\"\" id=\"\" id=\"\" id=\"\" id=\"\" id=\"\" id=\"\" id=\"\" id=\"\" id=\"\" id=\"\" id=\"\" id=\"\" id=\"\" id=\"\" id=\"\" id=\"\" id=\"\" id=\"\" id=\"\" id=\"\" id=\"\" id=\"\">\n<li style=\"font-weight: 400;\" aria-level=\"1\">Engelli olma ger\u00e7e\u011fi, ki\u015finin bulundu\u011fu yere ve zamana g\u00f6re de\u011fi\u015fiklik g\u00f6sterebilir. Toplumlar\u0131n ve \u00e7evrenin, bireylerin yeteneklerini ve s\u0131n\u0131rlar\u0131n\u0131 nas\u0131l de\u011ferlendirdi\u011fi bu durumu etkileyebilir.<\/li id=\"\" id=\"\" id=\"\" id=\"\" id=\"\" id=\"\" id=\"\" id=\"\" id=\"\" id=\"\" id=\"\" id=\"\" id=\"\" id=\"\" id=\"\" id=\"\" id=\"\" id=\"\" id=\"\" id=\"\" id=\"\" id=\"\" id=\"\" id=\"\" id=\"\" id=\"\" id=\"\" id=\"\" id=\"\" id=\"\" id=\"\" id=\"\" id=\"\" id=\"\" id=\"\" id=\"\" id=\"\" id=\"\" id=\"\" id=\"\" id=\"\" id=\"\">\n<li style=\"font-weight: 400;\" aria-level=\"1\">Ya\u015famda ba\u015far\u0131l\u0131 olman\u0131n yolu, insan beyninin \u00e7evrenin ihtiya\u00e7lar\u0131 ile uyum sa\u011flamas\u0131ndan ge\u00e7er. Bu sebeple insan \u00e7evresine uyum sa\u011flamak i\u00e7in farkl\u0131 yollar geli\u015ftirir.<\/li id=\"\" id=\"\" id=\"\" id=\"\" id=\"\" id=\"\" id=\"\" id=\"\" id=\"\" id=\"\" id=\"\" id=\"\" id=\"\" id=\"\" id=\"\" id=\"\" id=\"\" id=\"\" id=\"\" id=\"\" id=\"\" id=\"\" id=\"\" id=\"\" id=\"\" id=\"\" id=\"\" id=\"\" id=\"\" id=\"\" id=\"\" id=\"\" id=\"\" id=\"\" id=\"\" id=\"\" id=\"\" id=\"\" id=\"\" id=\"\" id=\"\" id=\"\">\n<li style=\"font-weight: 400;\" aria-level=\"1\">Ya\u015famdaki ba\u015far\u0131, ayn\u0131 zamanda \u00e7evreyi farkl\u0131 beyin ihtiya\u00e7lar\u0131na g\u00f6re de\u011fi\u015ftirmeye de ba\u011fl\u0131d\u0131r. Farkl\u0131 d\u00fc\u015f\u00fcnme ve i\u015fleme bi\u00e7imlerinin \u00e7evreye uyum sa\u011flamas\u0131yla ba\u015far\u0131ya ula\u015f\u0131labilir.<\/li id=\"\" id=\"\" id=\"\" id=\"\" id=\"\" id=\"\" id=\"\" id=\"\" id=\"\" id=\"\" id=\"\" id=\"\" id=\"\" id=\"\" id=\"\" id=\"\" id=\"\" id=\"\" id=\"\" id=\"\" id=\"\" id=\"\" id=\"\" id=\"\" id=\"\" id=\"\" id=\"\" id=\"\" id=\"\" id=\"\" id=\"\" id=\"\" id=\"\" id=\"\" id=\"\" id=\"\" id=\"\" id=\"\" id=\"\" id=\"\" id=\"\" id=\"\">\n<li style=\"font-weight: 400;\" aria-level=\"1\">Ni\u015f olu\u015fturma, n\u00f6ro\u00e7e\u015fitli bireylerin ya\u015fam\u0131n\u0131 iyile\u015ftiren ya\u015fam tarz\u0131 se\u00e7imlerini i\u00e7erir. Kendi benzersiz ihtiya\u00e7lar\u0131na g\u00f6re ya\u015fam alanlar\u0131 ve y\u00f6ntemler yaratmak iyile\u015fmeyi destekler.<\/li id=\"\" id=\"\" id=\"\" id=\"\" id=\"\" id=\"\" id=\"\" id=\"\" id=\"\" id=\"\" id=\"\" id=\"\" id=\"\" id=\"\" id=\"\" id=\"\" id=\"\" id=\"\" id=\"\" id=\"\" id=\"\" id=\"\" id=\"\" id=\"\" id=\"\" id=\"\" id=\"\" id=\"\" id=\"\" id=\"\" id=\"\" id=\"\" id=\"\" id=\"\" id=\"\" id=\"\" id=\"\" id=\"\" id=\"\" id=\"\" id=\"\" id=\"\">\n<li style=\"font-weight: 400;\" aria-level=\"1\">Pozitif ni\u015f in\u015fas\u0131 beyni do\u011frudan de\u011fi\u015ftirir ve bu da ki\u015finin \u00e7evreye uyum sa\u011flama yetene\u011fini geli\u015ftirir. Ki\u015fi, kendi ihtiya\u00e7lar\u0131na uygun bir ni\u015f yaratarak beyninin \u00e7evresine uyum sa\u011flama kapasitesini art\u0131r\u0131r.<\/li id=\"\" id=\"\" id=\"\" id=\"\" id=\"\" id=\"\" id=\"\" id=\"\" id=\"\" id=\"\" id=\"\" id=\"\" id=\"\" id=\"\" id=\"\" id=\"\" id=\"\" id=\"\" id=\"\" id=\"\" id=\"\" id=\"\" id=\"\" id=\"\" id=\"\" id=\"\" id=\"\" id=\"\" id=\"\" id=\"\" id=\"\" id=\"\" id=\"\" id=\"\" id=\"\" id=\"\" id=\"\" id=\"\" id=\"\" id=\"\" id=\"\" id=\"\">\n<\/ul id=\"\" id=\"\" id=\"\" id=\"\" id=\"\" id=\"\" id=\"\" id=\"\" id=\"\" id=\"\" id=\"\" id=\"\" id=\"\" id=\"\" id=\"\" id=\"\" id=\"\" id=\"\" id=\"\" id=\"\" id=\"\" id=\"\" id=\"\" id=\"\" id=\"\" id=\"\" id=\"\" id=\"\" id=\"\" id=\"\" id=\"\" id=\"\" id=\"\" id=\"\" id=\"\" id=\"\" id=\"\" id=\"\" id=\"\" id=\"\" id=\"\" id=\"\">\n","protected":false},"excerpt":{"rendered":"<p>Her insan\u0131n d\u00fc\u015f\u00fcncesi ve hisleri birbirinden farkl\u0131d\u0131r. \u00d6rne\u011fin, bir trafik kazas\u0131 oldu\u011funda yan\u0131m\u0131zdaki ki\u015filerle ayn\u0131 tepkiyi vermeyiz. Baz\u0131 insanlarda ise bu farkl\u0131l\u0131k daha derindir. Onlar hepimizden farkl\u0131 d\u00fc\u015f\u00fcn\u00fcr ve d\u00fcnyay\u0131 her birimizden daha farkl\u0131 bir \u015fekilde alg\u0131lar. \u0130lk bak\u0131\u015fta zorluk gibi g\u00f6r\u00fcnen bu durum, asl\u0131nda bize bamba\u015fka perspektifler kazand\u0131ran bir \u00e7e\u015fitlilik yarat\u0131r. \u0130\u015fte bu \u00e7e\u015fitlilik [&hellip;]<\/p>\n","protected":false},"author":3,"featured_media":4903,"comment_status":"open","ping_status":"open","sticky":false,"template":"","format":"standard","meta":{"footnotes":""},"categories":[24],"tags":[],"class_list":["post-4900","post","type-post","status-publish","format-standard","has-post-thumbnail","hentry","category-iyi-hisset"],"_links":{"self":[{"href":"https:\/\/hidoctor.health\/blog\/wp-json\/wp\/v2\/posts\/4900","targetHints":{"allow":["GET"]}}],"collection":[{"href":"https:\/\/hidoctor.health\/blog\/wp-json\/wp\/v2\/posts"}],"about":[{"href":"https:\/\/hidoctor.health\/blog\/wp-json\/wp\/v2\/types\/post"}],"author":[{"embeddable":true,"href":"https:\/\/hidoctor.health\/blog\/wp-json\/wp\/v2\/users\/3"}],"replies":[{"embeddable":true,"href":"https:\/\/hidoctor.health\/blog\/wp-json\/wp\/v2\/comments?post=4900"}],"version-history":[{"count":0,"href":"https:\/\/hidoctor.health\/blog\/wp-json\/wp\/v2\/posts\/4900\/revisions"}],"wp:featuredmedia":[{"embeddable":true,"href":"https:\/\/hidoctor.health\/blog\/wp-json\/wp\/v2\/media\/4903"}],"wp:attachment":[{"href":"https:\/\/hidoctor.health\/blog\/wp-json\/wp\/v2\/media?parent=4900"}],"wp:term":[{"taxonomy":"category","embeddable":true,"href":"https:\/\/hidoctor.health\/blog\/wp-json\/wp\/v2\/categories?post=4900"},{"taxonomy":"post_tag","embeddable":true,"href":"https:\/\/hidoctor.health\/blog\/wp-json\/wp\/v2\/tags?post=4900"}],"curies":[{"name":"wp","href":"https:\/\/api.w.org\/{rel}","templated":true}]}}