{"id":3254,"date":"2024-01-16T18:15:51","date_gmt":"2024-01-16T15:15:51","guid":{"rendered":"https:\/\/demo.garsoft.com.tr\/hidoctor\/?p=3254"},"modified":"2024-03-11T13:18:31","modified_gmt":"2024-03-11T10:18:31","slug":"depresyonu-yenmek-depresyon-nedir","status":"publish","type":"post","link":"https:\/\/hidoctor.health\/blog\/depresyonu-yenmek-depresyon-nedir\/","title":{"rendered":"Depresyonu Yenmek: Depresyon Nedir?"},"content":{"rendered":"<p>Depresyon, g\u00fcn\u00fcm\u00fczde bir\u00e7ok insan\u0131n sahip oldu\u011fu ancak fark etmekte zorland\u0131\u011f\u0131 duygudurum bozukluklar\u0131n\u0131n ba\u015f\u0131nda gelir. D\u0131\u015far\u0131dan bak\u0131ld\u0131\u011f\u0131nda sadece b\u0131kk\u0131n ve yorgun g\u00f6z\u00fcken insanlar asl\u0131nda bir depresyon s\u00fcrecinde olabilir. Bu yaz\u0131m\u0131zda depresyonun ne oldu\u011fundan, belirtilerinden ve depresyonu yenmek i\u00e7in nas\u0131l yard\u0131m al\u0131nmas\u0131 gerekti\u011finden bahsedece\u011fiz.<\/p id=\"\" id=\"\" id=\"\" id=\"\" id=\"\" id=\"\" id=\"\" id=\"\" id=\"\" id=\"\" id=\"\" id=\"\" id=\"\" id=\"\" id=\"\" id=\"\" id=\"\" id=\"\" id=\"\" id=\"\" id=\"\" id=\"\" id=\"\" id=\"\" id=\"\" id=\"\" id=\"\" id=\"\">\n<h2 id=\"depresyonu-anlamak-depresyon-nedir\">Depresyonu Anlamak: Depresyon Nedir?<\/h2 id=\"\" id=\"\" id=\"\" id=\"\" id=\"\" id=\"\" id=\"\" id=\"\" id=\"\" id=\"\" id=\"\" id=\"\" id=\"\" id=\"\" id=\"\" id=\"\" id=\"\" id=\"\" id=\"\" id=\"\" id=\"\" id=\"\" id=\"\" id=\"\" id=\"\" id=\"\" id=\"\" id=\"\">\n<p id=\"depresyon-uzuntu-ve-bikkinlik-hissinin-kalici-olarak-devam-ettigi-ve-kisinin-gunluk-yasaminin-negatif-anlamda-etkilendigi-bir-duygudurum-bozuklugudur\">Depresyon, \u00fcz\u00fcnt\u00fc ve b\u0131kk\u0131nl\u0131k hissinin kal\u0131c\u0131 olarak devam etti\u011fi ve ki\u015finin g\u00fcnl\u00fck ya\u015fam\u0131n\u0131n negatif anlamda etkilendi\u011fi bir duygudurum bozuklu\u011fudur.<\/p id=\"\" id=\"\" id=\"\" id=\"\" id=\"\" id=\"\" id=\"\" id=\"\" id=\"\" id=\"\" id=\"\" id=\"\" id=\"\" id=\"\" id=\"\" id=\"\" id=\"\" id=\"\" id=\"\" id=\"\" id=\"\" id=\"\" id=\"\" id=\"\" id=\"\" id=\"\" id=\"\" id=\"\">\n<p id=\"her-insan-hayattan-zevk-almadigi-ve-kotu-dusunceler-ile-bogustugu-talihsiz-gunler-gecirebilir-ancak-bu-hisler-kalici-olarak-devam-eder-ve-siddetlenirse-kisinin-hayati-gozunde-giderek-degersizlesmis\">Her insan, hayattan zevk almad\u0131\u011f\u0131 ve k\u00f6t\u00fc d\u00fc\u015f\u00fcnceler ile bo\u011fu\u015ftu\u011fu talihsiz g\u00fcnler ge\u00e7irebilir. Ancak bu hisler kal\u0131c\u0131 olarak devam eder ve \u015fiddetlenirse, ki\u015finin hayat\u0131 g\u00f6z\u00fcnde giderek de\u011fersizle\u015fmi\u015f ve g\u00fcnl\u00fck aktivitelerine zarar verecek boyuta gelmi\u015fse, bu durum ki\u015finin depresyon s\u00fcrecinde oldu\u011funu g\u00f6sterir.<\/p id=\"\" id=\"\" id=\"\" id=\"\" id=\"\" id=\"\" id=\"\" id=\"\" id=\"\" id=\"\" id=\"\" id=\"\" id=\"\" id=\"\" id=\"\" id=\"\" id=\"\" id=\"\" id=\"\" id=\"\" id=\"\" id=\"\" id=\"\" id=\"\" id=\"\" id=\"\" id=\"\" id=\"\">\n<h2 id=\"depresyon-hakkinda-konusmak\">Depresyon Hakk\u0131nda Konu\u015fmak<\/h2 id=\"\" id=\"\" id=\"\" id=\"\" id=\"\" id=\"\" id=\"\" id=\"\" id=\"\" id=\"\" id=\"\" id=\"\" id=\"\" id=\"\" id=\"\" id=\"\" id=\"\" id=\"\" id=\"\" id=\"\" id=\"\" id=\"\" id=\"\" id=\"\" id=\"\" id=\"\" id=\"\" id=\"\">\n<p id=\"diger-psikolojik-rahatsizliklarin-aksine-depresyon-surecinden-gecen-bir-kisinin-destek-istemesi-ve-sorunlarini-etrafindakiler-ile-paylasmasi-zor-olabilir\">Di\u011fer psikolojik rahats\u0131zl\u0131klar\u0131n aksine depresyon s\u00fcrecinden ge\u00e7en bir ki\u015finin destek istemesi ve sorunlar\u0131n\u0131 etraf\u0131ndakiler ile payla\u015fmas\u0131 zor olabilir.<\/p id=\"\" id=\"\" id=\"\" id=\"\" id=\"\" id=\"\" id=\"\" id=\"\" id=\"\" id=\"\" id=\"\" id=\"\" id=\"\" id=\"\" id=\"\" id=\"\" id=\"\" id=\"\" id=\"\" id=\"\" id=\"\" id=\"\" id=\"\" id=\"\" id=\"\" id=\"\" id=\"\" id=\"\">\n<p id=\"depresyonda-olan-bireyler-genel-olarak-isteksiz-ve-bikkin-bir-ruh-halinde-olduklari-icin-kendileri-adina-destek-talep-etmeleri-de-bir-o-kadar-zordur-bu-yuzden-hem-depresyonda-olan-kisi-oz-farkindalig\">Depresyonda olan bireyler genel olarak isteksiz ve b\u0131kk\u0131n bir ruh halinde olduklar\u0131 i\u00e7in kendileri ad\u0131na destek talep etmeleri de bir o kadar zordur. Bu y\u00fczden hem depresyonda olan ki\u015fi \u00f6z fark\u0131ndal\u0131\u011fa sahip olmal\u0131 hem de ki\u015finin yak\u0131nlar\u0131, depresyonda olan bireyi alan\u0131nda uzman bir psikolo\u011fa y\u00f6nlendirerek do\u011fru yard\u0131m\u0131 almas\u0131n\u0131 sa\u011flamal\u0131, ki\u015fiye destek olmal\u0131d\u0131r.<\/p id=\"\" id=\"\" id=\"\" id=\"\" id=\"\" id=\"\" id=\"\" id=\"\" id=\"\" id=\"\" id=\"\" id=\"\" id=\"\" id=\"\" id=\"\" id=\"\" id=\"\" id=\"\" id=\"\" id=\"\" id=\"\" id=\"\" id=\"\" id=\"\" id=\"\" id=\"\" id=\"\" id=\"\">\n<h2 id=\"depresyon-belirtileri-nelerdir\">Depresyon Belirtileri Nelerdir?<\/h2 id=\"\" id=\"\" id=\"\" id=\"\" id=\"\" id=\"\" id=\"\" id=\"\" id=\"\" id=\"\" id=\"\" id=\"\" id=\"\" id=\"\" id=\"\" id=\"\" id=\"\" id=\"\" id=\"\" id=\"\" id=\"\" id=\"\" id=\"\" id=\"\" id=\"\" id=\"\" id=\"\" id=\"\">\n<p id=\"depresyon-belirtileri-kisinin-gecirdigi-depresyon-turune-bagli-olarak-degisiklik-gosterebilir-ayni-zamanda-kadinlarda-depresyon-belirtileri-ve-erkeklerde-depresyon-belirtileri-de-gecirdikleri-depresy\">Depresyon belirtileri ki\u015finin ge\u00e7irdi\u011fi depresyon t\u00fcr\u00fcne ba\u011fl\u0131 olarak de\u011fi\u015fiklik g\u00f6sterebilir. Ayn\u0131 zamanda kad\u0131nlarda depresyon belirtileri ve erkeklerde depresyon belirtileri de ge\u00e7irdikleri depresyon t\u00fcr\u00fcne ba\u011fl\u0131 olarak daha az veya daha fazla olabilir.<\/p id=\"\" id=\"\" id=\"\" id=\"\" id=\"\" id=\"\" id=\"\" id=\"\" id=\"\" id=\"\" id=\"\" id=\"\" id=\"\" id=\"\" id=\"\" id=\"\" id=\"\" id=\"\" id=\"\" id=\"\" id=\"\" id=\"\" id=\"\" id=\"\" id=\"\" id=\"\" id=\"\" id=\"\">\n<p id=\"klinik-depresyonun-en-sik-rastlanan-belirtileri-sunlardir\">Klinik depresyonun en s\u0131k rastlanan belirtileri \u015funlard\u0131r:<\/p id=\"\" id=\"\" id=\"\" id=\"\" id=\"\" id=\"\" id=\"\" id=\"\" id=\"\" id=\"\" id=\"\" id=\"\" id=\"\" id=\"\" id=\"\" id=\"\" id=\"\" id=\"\" id=\"\" id=\"\" id=\"\" id=\"\" id=\"\" id=\"\" id=\"\" id=\"\" id=\"\" id=\"\">\n<ul id=\"\" id=\"\" id=\"\" id=\"\" id=\"\" id=\"\" id=\"\" id=\"\" id=\"\" id=\"\" id=\"\" id=\"\" id=\"\" id=\"\" id=\"\" id=\"\" id=\"\" id=\"\" id=\"\" id=\"\" id=\"\" id=\"\" id=\"\" id=\"\" id=\"\" id=\"\" id=\"\" id=\"\">\n<li>Ki\u015finin umutsuzluk, b\u0131kk\u0131nl\u0131k, yetersizlik, gelecek kayg\u0131s\u0131, korku ve endi\u015fe gibi negatif duygu ve d\u00fc\u015f\u00fcnceleri s\u00fcrekli olarak hissetmesi<\/li id=\"\" id=\"\" id=\"\" id=\"\" id=\"\" id=\"\" id=\"\" id=\"\" id=\"\" id=\"\" id=\"\" id=\"\" id=\"\" id=\"\" id=\"\" id=\"\" id=\"\" id=\"\" id=\"\" id=\"\" id=\"\" id=\"\" id=\"\" id=\"\" id=\"\" id=\"\" id=\"\" id=\"\">\n<li>Yapmaktan keyif al\u0131nan aktivitelere olan ilgisizlik<\/li id=\"\" id=\"\" id=\"\" id=\"\" id=\"\" id=\"\" id=\"\" id=\"\" id=\"\" id=\"\" id=\"\" id=\"\" id=\"\" id=\"\" id=\"\" id=\"\" id=\"\" id=\"\" id=\"\" id=\"\" id=\"\" id=\"\" id=\"\" id=\"\" id=\"\" id=\"\" id=\"\" id=\"\">\n<li>G\u00fcnl\u00fck rutin i\u015fleri bile aksatacak kadar isteksizlik<\/li id=\"\" id=\"\" id=\"\" id=\"\" id=\"\" id=\"\" id=\"\" id=\"\" id=\"\" id=\"\" id=\"\" id=\"\" id=\"\" id=\"\" id=\"\" id=\"\" id=\"\" id=\"\" id=\"\" id=\"\" id=\"\" id=\"\" id=\"\" id=\"\" id=\"\" id=\"\" id=\"\" id=\"\">\n<li>\u00c7ok fazla uyuma iste\u011fi veya uyuyamamak<\/li id=\"\" id=\"\" id=\"\" id=\"\" id=\"\" id=\"\" id=\"\" id=\"\" id=\"\" id=\"\" id=\"\" id=\"\" id=\"\" id=\"\" id=\"\" id=\"\" id=\"\" id=\"\" id=\"\" id=\"\" id=\"\" id=\"\" id=\"\" id=\"\" id=\"\" id=\"\" id=\"\" id=\"\">\n<li>Enerjinin \u00e7ok \u00e7abuk bitmesi ve a\u015f\u0131r\u0131 yorgun hissetme<\/li id=\"\" id=\"\" id=\"\" id=\"\" id=\"\" id=\"\" id=\"\" id=\"\" id=\"\" id=\"\" id=\"\" id=\"\" id=\"\" id=\"\" id=\"\" id=\"\" id=\"\" id=\"\" id=\"\" id=\"\" id=\"\" id=\"\" id=\"\" id=\"\" id=\"\" id=\"\" id=\"\" id=\"\">\n<li>Ki\u015finin kendisini de\u011fersiz hissetmesi ve \u00f6z benli\u011fini tan\u0131yamama<\/li id=\"\" id=\"\" id=\"\" id=\"\" id=\"\" id=\"\" id=\"\" id=\"\" id=\"\" id=\"\" id=\"\" id=\"\" id=\"\" id=\"\" id=\"\" id=\"\" id=\"\" id=\"\" id=\"\" id=\"\" id=\"\" id=\"\" id=\"\" id=\"\" id=\"\" id=\"\" id=\"\" id=\"\">\n<li>Gelecek i\u00e7in beklentilerin ve umutlar\u0131n kaybolmas\u0131<\/li id=\"\" id=\"\" id=\"\" id=\"\" id=\"\" id=\"\" id=\"\" id=\"\" id=\"\" id=\"\" id=\"\" id=\"\" id=\"\" id=\"\" id=\"\" id=\"\" id=\"\" id=\"\" id=\"\" id=\"\" id=\"\" id=\"\" id=\"\" id=\"\" id=\"\" id=\"\" id=\"\" id=\"\">\n<li>\u00d6l\u00fcm ve intihar d\u00fc\u015f\u00fcncelerinin kafada s\u00fcrekli olarak tekrarlanmas\u0131<\/li id=\"\" id=\"\" id=\"\" id=\"\" id=\"\" id=\"\" id=\"\" id=\"\" id=\"\" id=\"\" id=\"\" id=\"\" id=\"\" id=\"\" id=\"\" id=\"\" id=\"\" id=\"\" id=\"\" id=\"\" id=\"\" id=\"\" id=\"\" id=\"\" id=\"\" id=\"\" id=\"\" id=\"\">\n<\/ul id=\"\" id=\"\" id=\"\" id=\"\" id=\"\" id=\"\" id=\"\" id=\"\" id=\"\" id=\"\" id=\"\" id=\"\" id=\"\" id=\"\" id=\"\" id=\"\" id=\"\" id=\"\" id=\"\" id=\"\" id=\"\" id=\"\" id=\"\" id=\"\" id=\"\" id=\"\" id=\"\" id=\"\">\n<h2 id=\"depresyon-turleri-nelerdir\">Depresyon T\u00fcrleri Nelerdir?<\/h2 id=\"\" id=\"\" id=\"\" id=\"\" id=\"\" id=\"\" id=\"\" id=\"\" id=\"\" id=\"\" id=\"\" id=\"\" id=\"\" id=\"\" id=\"\" id=\"\" id=\"\" id=\"\" id=\"\" id=\"\" id=\"\" id=\"\" id=\"\" id=\"\" id=\"\" id=\"\" id=\"\" id=\"\">\n<p id=\"depresyonun-farkli-turleri-vardir-ve-kisilerde-gecirdikleri-depresyonun-turune-bagli-olarak-farkli-davranis-ve-ruhsal-bozukluklar-gozlemlenir-en-yaygin-olan-depresyon-turleri-asagidaki-gibidir\">Depresyonun farkl\u0131 t\u00fcrleri vard\u0131r ve ki\u015filerde ge\u00e7irdikleri depresyonun t\u00fcr\u00fcne ba\u011fl\u0131 olarak farkl\u0131 davran\u0131\u015f ve ruhsal bozukluklar g\u00f6zlemlenir. En yayg\u0131n olan depresyon t\u00fcrleri a\u015fa\u011f\u0131daki gibidir.<\/p id=\"\" id=\"\" id=\"\" id=\"\" id=\"\" id=\"\" id=\"\" id=\"\" id=\"\" id=\"\" id=\"\" id=\"\" id=\"\" id=\"\" id=\"\" id=\"\" id=\"\" id=\"\" id=\"\" id=\"\" id=\"\" id=\"\" id=\"\" id=\"\" id=\"\" id=\"\" id=\"\" id=\"\">\n<h3 id=\"major-depresyon\">Maj\u00f6r Depresyon<\/h3 id=\"\" id=\"\" id=\"\" id=\"\" id=\"\" id=\"\" id=\"\" id=\"\" id=\"\" id=\"\" id=\"\" id=\"\" id=\"\" id=\"\" id=\"\" id=\"\" id=\"\" id=\"\" id=\"\" id=\"\" id=\"\" id=\"\" id=\"\" id=\"\" id=\"\" id=\"\" id=\"\" id=\"\">\n<p id=\"major-depresyon-insanlar-arasinda-en-sik-rastlanan-kisinin-intihar-ve-kendine-zarar-verme-dusuncesi-gibi-agir-depresyon-belirtileri-gosterdigi-veya-yorgun-hissetme-isteksizlik-ve-uyku-problemleri-g\">Maj\u00f6r depresyon insanlar aras\u0131nda en s\u0131k rastlanan; ki\u015finin, intihar ve kendine zarar verme d\u00fc\u015f\u00fcncesi gibi a\u011f\u0131r depresyon belirtileri g\u00f6sterdi\u011fi veya yorgun hissetme, isteksizlik ve uyku problemleri gibi orta \u015fiddetli depresyon belirtileri g\u00f6sterdi\u011fi bir depresyon t\u00fcr\u00fcd\u00fcr.<\/p id=\"\" id=\"\" id=\"\" id=\"\" id=\"\" id=\"\" id=\"\" id=\"\" id=\"\" id=\"\" id=\"\" id=\"\" id=\"\" id=\"\" id=\"\" id=\"\" id=\"\" id=\"\" id=\"\" id=\"\" id=\"\" id=\"\" id=\"\" id=\"\" id=\"\" id=\"\" id=\"\" id=\"\">\n<p id=\"major-depresyonun-suresi-kisiden-kisiye-degisiklik-gosterebilir-bazi-insanlar-yillardir-major-depresyona-sahip-olmalarina-ragmen-durumlarinin-farkinda-bile-olmayabilirler\">Maj\u00f6r depresyonun s\u00fcresi ki\u015fiden ki\u015fiye de\u011fi\u015fiklik g\u00f6sterebilir. Baz\u0131 insanlar y\u0131llard\u0131r maj\u00f6r depresyona sahip olmalar\u0131na ra\u011fmen durumlar\u0131n\u0131n fark\u0131nda bile olmayabilirler.<\/p id=\"\" id=\"\" id=\"\" id=\"\" id=\"\" id=\"\" id=\"\" id=\"\" id=\"\" id=\"\" id=\"\" id=\"\" id=\"\" id=\"\" id=\"\" id=\"\" id=\"\" id=\"\" id=\"\" id=\"\" id=\"\" id=\"\" id=\"\" id=\"\" id=\"\" id=\"\" id=\"\" id=\"\">\n<h3 id=\"mevsimsel-depresyon\">Mevsimsel Depresyon<\/h3 id=\"\" id=\"\" id=\"\" id=\"\" id=\"\" id=\"\" id=\"\" id=\"\" id=\"\" id=\"\" id=\"\" id=\"\" id=\"\" id=\"\" id=\"\" id=\"\" id=\"\" id=\"\" id=\"\" id=\"\" id=\"\" id=\"\" id=\"\" id=\"\" id=\"\" id=\"\" id=\"\" id=\"\">\n<p id=\"ozellikle-sonbahar-ve-kis-aylarinda-gorulen-kisinin-vucudunun-hem-biyolojik-hem-de-ruhsal-olarak-mevsime-uyum-saglayamamasi-ve-buna-bagli-olarak-depresyon-belirtileri-gostermesi-durumudur-mevsimsel\">\u00d6zellikle sonbahar ve k\u0131\u015f aylar\u0131nda g\u00f6r\u00fclen, ki\u015finin v\u00fccudunun hem biyolojik hem de ruhsal olarak mevsime uyum sa\u011flayamamas\u0131 ve buna ba\u011fl\u0131 olarak depresyon belirtileri g\u00f6stermesi durumudur. Mevsimsel depresyon uzun s\u00fcreli de\u011fildir, ancak en az maj\u00f6r depresyon kadar ciddi olabilir.<\/p id=\"\" id=\"\" id=\"\" id=\"\" id=\"\" id=\"\" id=\"\" id=\"\" id=\"\" id=\"\" id=\"\" id=\"\" id=\"\" id=\"\" id=\"\" id=\"\" id=\"\" id=\"\" id=\"\" id=\"\" id=\"\" id=\"\" id=\"\" id=\"\" id=\"\" id=\"\" id=\"\" id=\"\">\n<h3 id=\"postpartum-depresyon\">Postpartum Depresyon<\/h3 id=\"\" id=\"\" id=\"\" id=\"\" id=\"\" id=\"\" id=\"\" id=\"\" id=\"\" id=\"\" id=\"\" id=\"\" id=\"\" id=\"\" id=\"\" id=\"\" id=\"\" id=\"\" id=\"\" id=\"\" id=\"\" id=\"\" id=\"\" id=\"\" id=\"\" id=\"\" id=\"\" id=\"\">\n<p id=\"diger-adi-ile-dogum-sonrasi-depresyonu-kisinin-dogumdan-iki-hafta-sonra-gostermeye-basladigi-depresyon-semptomlari-ile-karakterize-olan-ek-olarak-uykusuzluk-ile-tetiklenen-depresyon-turudur\">Di\u011fer ad\u0131 ile do\u011fum sonras\u0131 depresyonu, ki\u015finin do\u011fumdan iki hafta sonra g\u00f6stermeye ba\u015flad\u0131\u011f\u0131 depresyon semptomlar\u0131 ile karakterize olan, ek olarak uykusuzluk ile tetiklenen depresyon t\u00fcr\u00fcd\u00fcr.<\/p id=\"\" id=\"\" id=\"\" id=\"\" id=\"\" id=\"\" id=\"\" id=\"\" id=\"\" id=\"\" id=\"\" id=\"\" id=\"\" id=\"\" id=\"\" id=\"\" id=\"\" id=\"\" id=\"\" id=\"\" id=\"\" id=\"\" id=\"\" id=\"\" id=\"\" id=\"\" id=\"\" id=\"\">\n<p id=\"postpartum-depresyonu-bir-yila-kadar-surebilir-ve-kisinin-ruh-halini-negatif-yonde-etkileyerek-major-depresyon-belirtileri-gostermesine-sebep-olabilir-yorgunluk-bikkinlik-umutsuzluk-ve-kaygi-bozukl\">Postpartum depresyonu bir y\u0131la kadar s\u00fcrebilir ve ki\u015finin ruh halini negatif y\u00f6nde etkileyerek maj\u00f6r depresyon belirtileri g\u00f6stermesine sebep olabilir. Yorgunluk, b\u0131kk\u0131nl\u0131k, umutsuzluk ve kayg\u0131 bozuklu\u011fu gibi durumlar postpartum depresyonda en \u00e7ok rastlanan belirtilerdir.<\/p id=\"\" id=\"\" id=\"\" id=\"\" id=\"\" id=\"\" id=\"\" id=\"\" id=\"\" id=\"\" id=\"\" id=\"\" id=\"\" id=\"\" id=\"\" id=\"\" id=\"\" id=\"\" id=\"\" id=\"\" id=\"\" id=\"\" id=\"\" id=\"\" id=\"\" id=\"\" id=\"\" id=\"\">\n<h3 id=\"atipik-depresyon\">Atipik Depresyon<\/h3 id=\"\" id=\"\" id=\"\" id=\"\" id=\"\" id=\"\" id=\"\" id=\"\" id=\"\" id=\"\" id=\"\" id=\"\" id=\"\" id=\"\" id=\"\" id=\"\" id=\"\" id=\"\" id=\"\" id=\"\" id=\"\" id=\"\" id=\"\" id=\"\" id=\"\" id=\"\" id=\"\" id=\"\">\n<p id=\"atipik-depresyon-kisinin-etrafina-son-derece-normal-gorundugu-gunluk-rutinini-yapabilecek-kadar-hayattan-kopuk-olmadigi-ancak-kendi-ile-bas-basa-kalinca-diger-butun-depresyon-belirtilerini-gosterebi\">Atipik depresyon, ki\u015finin etraf\u0131na son derece normal g\u00f6r\u00fcnd\u00fc\u011f\u00fc, g\u00fcnl\u00fck rutinini yapabilecek kadar hayattan kopuk olmad\u0131\u011f\u0131 ancak kendi ile ba\u015f ba\u015fa kal\u0131nca di\u011fer b\u00fct\u00fcn depresyon belirtilerini g\u00f6sterebilece\u011fi bir depresyon t\u00fcr\u00fcd\u00fcr.<\/p id=\"\" id=\"\" id=\"\" id=\"\" id=\"\" id=\"\" id=\"\" id=\"\" id=\"\" id=\"\" id=\"\" id=\"\" id=\"\" id=\"\" id=\"\" id=\"\" id=\"\" id=\"\" id=\"\" id=\"\" id=\"\" id=\"\" id=\"\" id=\"\" id=\"\" id=\"\" id=\"\" id=\"\">\n<p id=\"atipik-depresyona-sahip-olan-kisiler-major-depresyona-sahip-olanlara-kiyasla-cevrelerini-daha-cok-onemserler-ve-etrafa-normal-gorunmek-icin-belirtilerini-maskeleyebilirler-ancak-yalniz-kaldiklarinda\">Atipik depresyona sahip olan ki\u015filer, maj\u00f6r depresyona sahip olanlara k\u0131yasla \u00e7evrelerini daha \u00e7ok \u00f6nemserler ve etrafa normal g\u00f6r\u00fcnmek i\u00e7in belirtilerini maskeleyebilirler. Ancak yaln\u0131z kald\u0131klar\u0131nda takt\u0131klar\u0131 g\u00fcler y\u00fczl\u00fc maske ortadan kalkar ve s\u00fcrekli mutsuzluk, b\u0131kk\u0131nl\u0131k, \u00fcz\u00fcnt\u00fc ve endi\u015fe hissederler.<\/p id=\"\" id=\"\" id=\"\" id=\"\" id=\"\" id=\"\" id=\"\" id=\"\" id=\"\" id=\"\" id=\"\" id=\"\" id=\"\" id=\"\" id=\"\" id=\"\" id=\"\" id=\"\" id=\"\" id=\"\" id=\"\" id=\"\" id=\"\" id=\"\" id=\"\" id=\"\" id=\"\" id=\"\">\n<h2 id=\"yardim-almali-misiniz\">Yard\u0131m Almal\u0131 M\u0131s\u0131n\u0131z?<\/h2 id=\"\" id=\"\" id=\"\" id=\"\" id=\"\" id=\"\" id=\"\" id=\"\" id=\"\" id=\"\" id=\"\" id=\"\" id=\"\" id=\"\" id=\"\" id=\"\" id=\"\" id=\"\" id=\"\" id=\"\" id=\"\" id=\"\" id=\"\" id=\"\" id=\"\" id=\"\" id=\"\" id=\"\">\n<p id=\"gunluk-olarak-yasanan-negatif-duygular-depresyonda-oldugunuzu-gostermez-her-insan-zaman-zaman-umutsuzluga-kapilabilir-herhangi-bir-is-yapma-konusunda-isteksizlik-yasayabilir-veya-kendisini-degersiz\">G\u00fcnl\u00fck olarak ya\u015fanan negatif duygular depresyonda oldu\u011funuzu g\u00f6stermez. Her insan zaman zaman umutsuzlu\u011fa kap\u0131labilir, herhangi bir i\u015f yapma konusunda isteksizlik ya\u015fayabilir veya kendisini de\u011fersiz hissedebilir. Ancak daha \u00f6nce bu negatif duygu bozukluklar\u0131n\u0131 uzun s\u00fcre ya\u015famad\u0131ysan\u0131z ve negatif duygulardan kurtulam\u0131yorsan\u0131z mutlaka profesyonel yard\u0131m almal\u0131s\u0131n\u0131z. Do\u011fru destek ile depresyon olgular\u0131n\u0131n \u00e7o\u011fu bir y\u0131ldan k\u0131sa bir s\u00fcre i\u00e7inde ge\u00e7ebilir.<\/p id=\"\" id=\"\" id=\"\" id=\"\" id=\"\" id=\"\" id=\"\" id=\"\" id=\"\" id=\"\" id=\"\" id=\"\" id=\"\" id=\"\" id=\"\" id=\"\" id=\"\" id=\"\" id=\"\" id=\"\" id=\"\" id=\"\" id=\"\" id=\"\" id=\"\" id=\"\" id=\"\" id=\"\">\n<h2 id=\"ozet\">\u00d6zet<\/h2 id=\"\" id=\"\" id=\"\" id=\"\" id=\"\" id=\"\" id=\"\" id=\"\" id=\"\" id=\"\" id=\"\" id=\"\" id=\"\" id=\"\" id=\"\" id=\"\" id=\"\" id=\"\" id=\"\" id=\"\" id=\"\" id=\"\" id=\"\" id=\"\" id=\"\" id=\"\" id=\"\" id=\"\">\n<p id=\"sonuc-olarak-depresyon-bir-kisinin-uzun-sureli-olarak-negatif-duygu-bozukluklarina-maruz-kalmasidir-kisiler-major-depresyon-mevsimsel-depresyon-postpartum-depresyon-ve-atipik-depresyon-gibi-farkl\">Sonu\u00e7 olarak; depresyon, bir ki\u015finin uzun s\u00fcreli olarak negatif duygu bozukluklar\u0131na maruz kalmas\u0131d\u0131r. Ki\u015filer maj\u00f6r depresyon, mevsimsel depresyon, postpartum depresyon ve atipik depresyon gibi farkl\u0131 depresyon t\u00fcrleri ge\u00e7irebilir. Her depresyon \u00e7e\u015fidinin farkl\u0131 neden ve belirtileri vard\u0131r.<\/p id=\"\" id=\"\" id=\"\" id=\"\" id=\"\" id=\"\" id=\"\" id=\"\" id=\"\" id=\"\" id=\"\" id=\"\" id=\"\" id=\"\" id=\"\" id=\"\" id=\"\" id=\"\" id=\"\" id=\"\" id=\"\" id=\"\" id=\"\" id=\"\" id=\"\" id=\"\" id=\"\" id=\"\">\n<p>E\u011fer g\u00fcnl\u00fck ya\u015fam\u0131n\u0131z\u0131 s\u00fcrd\u00fcrmekte zorlan\u0131yorsan\u0131z, olumsuz d\u00fc\u015f\u00fcnce ve duygularla uzun s\u00fcredir bo\u011fu\u015fuyorsan\u0131z ve yard\u0131ma ihtiyac\u0131n\u0131z oldu\u011funu d\u00fc\u015f\u00fcn\u00fcyorsan\u0131z HiDoctor sayesinde online psikolog deste\u011fi alabilir ve evinizdeki konforu terk etmeden <a href=\"https:\/\/hidoctor.health\/online\/psikolog\/landing?utm_source=blog&amp;utm_medium=blog&amp;utm_campaign=blog-cta-online-psikolog\">online terapilere ba\u015fvurabilirsiniz<\/a><\/p id=\"\" id=\"\" id=\"\" id=\"\" id=\"\" id=\"\" id=\"\" id=\"\" id=\"\" id=\"\" id=\"\" id=\"\" id=\"\" id=\"\" id=\"\" id=\"\" id=\"\" id=\"\" id=\"\" id=\"\" id=\"\" id=\"\" id=\"\" id=\"\" id=\"\" id=\"\" id=\"\" id=\"\">\n","protected":false},"excerpt":{"rendered":"<p>Depresyon, g\u00fcn\u00fcm\u00fczde bir\u00e7ok insan\u0131n sahip oldu\u011fu ancak fark etmekte zorland\u0131\u011f\u0131 duygudurum bozukluklar\u0131n\u0131n ba\u015f\u0131nda gelir. D\u0131\u015far\u0131dan bak\u0131ld\u0131\u011f\u0131nda sadece b\u0131kk\u0131n ve yorgun g\u00f6z\u00fcken insanlar asl\u0131nda bir depresyon s\u00fcrecinde olabilir. Bu yaz\u0131m\u0131zda depresyonun ne oldu\u011fundan, belirtilerinden ve depresyonu yenmek i\u00e7in nas\u0131l yard\u0131m al\u0131nmas\u0131 gerekti\u011finden bahsedece\u011fiz. Depresyonu Anlamak: Depresyon Nedir? Depresyon, \u00fcz\u00fcnt\u00fc ve b\u0131kk\u0131nl\u0131k hissinin kal\u0131c\u0131 olarak devam etti\u011fi [&hellip;]<\/p>\n","protected":false},"author":3,"featured_media":3255,"comment_status":"open","ping_status":"open","sticky":false,"template":"","format":"standard","meta":{"footnotes":""},"categories":[24],"tags":[],"class_list":["post-3254","post","type-post","status-publish","format-standard","has-post-thumbnail","hentry","category-iyi-hisset"],"_links":{"self":[{"href":"https:\/\/hidoctor.health\/blog\/wp-json\/wp\/v2\/posts\/3254","targetHints":{"allow":["GET"]}}],"collection":[{"href":"https:\/\/hidoctor.health\/blog\/wp-json\/wp\/v2\/posts"}],"about":[{"href":"https:\/\/hidoctor.health\/blog\/wp-json\/wp\/v2\/types\/post"}],"author":[{"embeddable":true,"href":"https:\/\/hidoctor.health\/blog\/wp-json\/wp\/v2\/users\/3"}],"replies":[{"embeddable":true,"href":"https:\/\/hidoctor.health\/blog\/wp-json\/wp\/v2\/comments?post=3254"}],"version-history":[{"count":0,"href":"https:\/\/hidoctor.health\/blog\/wp-json\/wp\/v2\/posts\/3254\/revisions"}],"wp:featuredmedia":[{"embeddable":true,"href":"https:\/\/hidoctor.health\/blog\/wp-json\/wp\/v2\/media\/3255"}],"wp:attachment":[{"href":"https:\/\/hidoctor.health\/blog\/wp-json\/wp\/v2\/media?parent=3254"}],"wp:term":[{"taxonomy":"category","embeddable":true,"href":"https:\/\/hidoctor.health\/blog\/wp-json\/wp\/v2\/categories?post=3254"},{"taxonomy":"post_tag","embeddable":true,"href":"https:\/\/hidoctor.health\/blog\/wp-json\/wp\/v2\/tags?post=3254"}],"curies":[{"name":"wp","href":"https:\/\/api.w.org\/{rel}","templated":true}]}}