{"id":3138,"date":"2024-01-15T05:19:16","date_gmt":"2024-01-15T02:19:16","guid":{"rendered":"https:\/\/demo.garsoft.com.tr\/hidoctor\/?p=3138"},"modified":"2024-01-15T05:19:16","modified_gmt":"2024-01-15T02:19:16","slug":"depresyon-hakkinda-sikca-sorulan-sorular","status":"publish","type":"post","link":"https:\/\/hidoctor.health\/blog\/depresyon-hakkinda-sikca-sorulan-sorular\/","title":{"rendered":"Depresyon Hakk\u0131nda S\u0131k\u00e7a Sorulan Sorular"},"content":{"rendered":"<p>Depresyon, pek \u00e7ok t\u00fcrde ve a\u011f\u0131rl\u0131kta olabilir. Hayat\u0131m\u0131z\u0131n \u00e7e\u015fitli d\u00f6nemlerinde depresyona yakalanma ihtimalimiz vard\u0131r. Depresyon \u00e7o\u011fu zaman g\u00fcnl\u00fck hayat\u0131 olumsuz etkileyen, i\u015flevselli\u011fi d\u00fc\u015f\u00fcren ve ki\u015finin hayat\u0131nda ciddi etkileri olabilecek bir psikopatolojidir. Hemen her bireyin ya\u015fam\u0131nda bir veya birden fazla kez tecr\u00fcbe edebilece\u011fi bir deneyimdir. Burada de\u011ferli olan bir an \u00f6nce bu duruma m\u00fcdahale edilmesi ve profesyonel destek al\u0131nmas\u0131d\u0131r. Depresyon, tamamen tedavi edilebilir ve bireyler normal hayatlar\u0131na d\u00f6nebilirler.<\/p id=\"\" id=\"\" id=\"\" id=\"\" id=\"\" id=\"\" id=\"\" id=\"\" id=\"\" id=\"\" id=\"\" id=\"\" id=\"\" id=\"\" id=\"\" id=\"\" id=\"\" id=\"\" id=\"\" id=\"\" id=\"\" id=\"\" id=\"\" id=\"\" id=\"\" id=\"\" id=\"\" id=\"\" id=\"\" id=\"\" id=\"\" id=\"\" id=\"\" id=\"\" id=\"\" id=\"\" id=\"\" id=\"\" id=\"\" id=\"\" id=\"\" id=\"\" id=\"\" id=\"\" id=\"\" id=\"\" id=\"\" id=\"\" id=\"\" id=\"\" id=\"\" id=\"\" id=\"\" id=\"\" id=\"\" id=\"\" id=\"\" id=\"\" id=\"\" id=\"\" id=\"\">\n<h2 id=\"depresyon-icin-hangi-bolume-gidilir\">Depresyon i\u00e7in hangi b\u00f6l\u00fcme gidilir?<\/h2 id=\"\" id=\"\" id=\"\" id=\"\" id=\"\" id=\"\" id=\"\" id=\"\" id=\"\" id=\"\" id=\"\" id=\"\" id=\"\" id=\"\" id=\"\" id=\"\" id=\"\" id=\"\" id=\"\" id=\"\" id=\"\" id=\"\" id=\"\" id=\"\" id=\"\" id=\"\" id=\"\" id=\"\" id=\"\" id=\"\" id=\"\" id=\"\" id=\"\" id=\"\" id=\"\" id=\"\" id=\"\" id=\"\" id=\"\" id=\"\" id=\"\" id=\"\" id=\"\" id=\"\" id=\"\" id=\"\" id=\"\" id=\"\" id=\"\" id=\"\" id=\"\" id=\"\" id=\"\" id=\"\" id=\"\" id=\"\" id=\"\" id=\"\" id=\"\" id=\"\" id=\"\">\n<p id=\"depresyon-hastaliginin-tani-ve-tedavisiyle-ilgilenen-psikolog-bolumudur-bunalim-belirtileri-gosteren-bireylerin-yasadiklari-durumun-depresyon-olup-olmadigini-anlayabilmek-adina-once-psikolog-ile-ongo\">Depresyon hastal\u0131\u011f\u0131n\u0131n tan\u0131 ve tedavisiyle ilgilenen psikolog b\u00f6l\u00fcm\u00fcd\u00fcr. Bunal\u0131m belirtileri g\u00f6steren bireylerin ya\u015fad\u0131klar\u0131 durumun depresyon olup olmad\u0131\u011f\u0131n\u0131 anlayabilmek ad\u0131na \u00f6nce psikolog ile \u00f6ng\u00f6r\u00fc\u015fme seans\u0131 ger\u00e7ekle\u015ftirmeleri gerekir. Burada yap\u0131lan tetkik ve muayeneler neticesinde tan\u0131 konulur. Ard\u0131ndan hastan\u0131n psikolog randevusu almas\u0131, bir tedavi ve terapi plan\u0131 olu\u015fturulmas\u0131 beklenir.<\/p id=\"\" id=\"\" id=\"\" id=\"\" id=\"\" id=\"\" id=\"\" id=\"\" id=\"\" id=\"\" id=\"\" id=\"\" id=\"\" id=\"\" id=\"\" id=\"\" id=\"\" id=\"\" id=\"\" id=\"\" id=\"\" id=\"\" id=\"\" id=\"\" id=\"\" id=\"\" id=\"\" id=\"\" id=\"\" id=\"\" id=\"\" id=\"\" id=\"\" id=\"\" id=\"\" id=\"\" id=\"\" id=\"\" id=\"\" id=\"\" id=\"\" id=\"\" id=\"\" id=\"\" id=\"\" id=\"\" id=\"\" id=\"\" id=\"\" id=\"\" id=\"\" id=\"\" id=\"\" id=\"\" id=\"\" id=\"\" id=\"\" id=\"\" id=\"\" id=\"\" id=\"\">\n<h2 id=\"depresyon-nasil-anlasilir-depresyon-nasil-olur-tanisi-nasil-konur\">Depresyon nas\u0131l anla\u015f\u0131l\u0131r, depresyon nas\u0131l olur, tan\u0131s\u0131 nas\u0131l konur?<\/h2 id=\"\" id=\"\" id=\"\" id=\"\" id=\"\" id=\"\" id=\"\" id=\"\" id=\"\" id=\"\" id=\"\" id=\"\" id=\"\" id=\"\" id=\"\" id=\"\" id=\"\" id=\"\" id=\"\" id=\"\" id=\"\" id=\"\" id=\"\" id=\"\" id=\"\" id=\"\" id=\"\" id=\"\" id=\"\" id=\"\" id=\"\" id=\"\" id=\"\" id=\"\" id=\"\" id=\"\" id=\"\" id=\"\" id=\"\" id=\"\" id=\"\" id=\"\" id=\"\" id=\"\" id=\"\" id=\"\" id=\"\" id=\"\" id=\"\" id=\"\" id=\"\" id=\"\" id=\"\" id=\"\" id=\"\" id=\"\" id=\"\" id=\"\" id=\"\" id=\"\" id=\"\">\n<p>Depresyonun t\u00fcr\u00fcne ba\u011fl\u0131 olarak ay\u0131r\u0131c\u0131 veya t\u00fcm t\u00fcrlerde ortak olan semptomlar mevcuttur. Bu semptomlar\u0131n en az be\u015finin, 15 g\u00fcnden uzun s\u00fcre ile devam etmesi sonucunda depresyon tan\u0131s\u0131 konulur. Bu belirtiler aras\u0131nda; depresif duygudurum, normalde sevilen aktivitelere kar\u015f\u0131 ilgi ve iste\u011fin azalmas\u0131, i\u015ftah\u0131n azalmas\u0131 veya artmas\u0131, uyku bozukluklar\u0131, psikomotor yava\u015flama, enerji azalmas\u0131, yorgunluk, su\u00e7luluk, de\u011fersizlik hissi, konsantrasyon g\u00fc\u00e7l\u00fc\u011f\u00fc ve intihar e\u011filimi bulunabilir. Ancak semptomlar\u0131n yaln\u0131zca bireysel takibiyle depresyon ya\u015fan\u0131p ya\u015fanmad\u0131\u011f\u0131 anla\u015f\u0131lamaz. Dolay\u0131s\u0131yla bu tan\u0131n\u0131n uzmanlar taraf\u0131ndan konulmas\u0131 gerekir.<br \/ id=\"\" id=\"\" id=\"\" id=\"\" id=\"\" id=\"\" id=\"\" id=\"\" id=\"\" id=\"\" id=\"\" id=\"\" id=\"\" id=\"\" id=\"\" id=\"\" id=\"\" id=\"\" id=\"\" id=\"\" id=\"\" id=\"\" id=\"\" id=\"\" id=\"\" id=\"\" id=\"\" id=\"\" id=\"\" id=\"\" id=\"\" id=\"\" id=\"\" id=\"\" id=\"\" id=\"\" id=\"\" id=\"\" id=\"\" id=\"\" id=\"\" id=\"\" id=\"\" id=\"\" id=\"\" id=\"\" id=\"\" id=\"\" id=\"\" id=\"\" id=\"\" id=\"\" id=\"\" id=\"\" id=\"\" id=\"\" id=\"\" id=\"\" id=\"\" id=\"\" id=\"\">\nUzun s\u00fcre belirtileri g\u00f6steren birinin tan\u0131 alabilmesi i\u00e7in ilgili b\u00f6l\u00fcme ba\u015fvurarak muayene olmas\u0131 gerekir.<\/p id=\"\" id=\"\" id=\"\" id=\"\" id=\"\" id=\"\" id=\"\" id=\"\" id=\"\" id=\"\" id=\"\" id=\"\" id=\"\" id=\"\" id=\"\" id=\"\" id=\"\" id=\"\" id=\"\" id=\"\" id=\"\" id=\"\" id=\"\" id=\"\" id=\"\" id=\"\" id=\"\" id=\"\" id=\"\" id=\"\" id=\"\" id=\"\" id=\"\" id=\"\" id=\"\" id=\"\" id=\"\" id=\"\" id=\"\" id=\"\" id=\"\" id=\"\" id=\"\" id=\"\" id=\"\" id=\"\" id=\"\" id=\"\" id=\"\" id=\"\" id=\"\" id=\"\" id=\"\" id=\"\" id=\"\" id=\"\" id=\"\" id=\"\" id=\"\" id=\"\" id=\"\">\n<h2 id=\"major-agir-depresyon-nedir-nasil-gecer\">Maj\u00f6r (A\u011f\u0131r) depresyon nedir, nas\u0131l ge\u00e7er?<\/h2 id=\"\" id=\"\" id=\"\" id=\"\" id=\"\" id=\"\" id=\"\" id=\"\" id=\"\" id=\"\" id=\"\" id=\"\" id=\"\" id=\"\" id=\"\" id=\"\" id=\"\" id=\"\" id=\"\" id=\"\" id=\"\" id=\"\" id=\"\" id=\"\" id=\"\" id=\"\" id=\"\" id=\"\" id=\"\" id=\"\" id=\"\" id=\"\" id=\"\" id=\"\" id=\"\" id=\"\" id=\"\" id=\"\" id=\"\" id=\"\" id=\"\" id=\"\" id=\"\" id=\"\" id=\"\" id=\"\" id=\"\" id=\"\" id=\"\" id=\"\" id=\"\" id=\"\" id=\"\" id=\"\" id=\"\" id=\"\" id=\"\" id=\"\" id=\"\" id=\"\" id=\"\">\n<p id=\"depresyon-cokuntu-hastaliginin-birbirinden-farkli-cesitleri-ve-yasanan-her-vakanin-kendine-ozgu-bir-derinligi-bulunur-bu-nedenle-tani-ve-tedavi-surecinde-profesyonel-mudahale-sarttir\">Depresyon (\u00e7\u00f6k\u00fcnt\u00fc) hastal\u0131\u011f\u0131n\u0131n birbirinden farkl\u0131 \u00e7e\u015fitleri ve ya\u015fanan her vakan\u0131n kendine \u00f6zg\u00fc bir derinli\u011fi bulunur. Bu nedenle tan\u0131 ve tedavi s\u00fcrecinde profesyonel m\u00fcdahale \u015fartt\u0131r.<\/p id=\"\" id=\"\" id=\"\" id=\"\" id=\"\" id=\"\" id=\"\" id=\"\" id=\"\" id=\"\" id=\"\" id=\"\" id=\"\" id=\"\" id=\"\" id=\"\" id=\"\" id=\"\" id=\"\" id=\"\" id=\"\" id=\"\" id=\"\" id=\"\" id=\"\" id=\"\" id=\"\" id=\"\" id=\"\" id=\"\" id=\"\" id=\"\" id=\"\" id=\"\" id=\"\" id=\"\" id=\"\" id=\"\" id=\"\" id=\"\" id=\"\" id=\"\" id=\"\" id=\"\" id=\"\" id=\"\" id=\"\" id=\"\" id=\"\" id=\"\" id=\"\" id=\"\" id=\"\" id=\"\" id=\"\" id=\"\" id=\"\" id=\"\" id=\"\" id=\"\" id=\"\">\n<p id=\"hastaligin-turleri-arasinda-en-siddetli-depresyon-cesidi-major-agir-depresyondur-bu-vakalarda-tum-olumsuz-hissiyatlar-en-derin-sekilde-hissedilir-uzuntu-oz-guvensizlik-umutsuzluk-korku-uykusuz\">Hastal\u0131\u011f\u0131n t\u00fcrleri aras\u0131nda en \u015fiddetli depresyon \u00e7e\u015fidi maj\u00f6r (a\u011f\u0131r) depresyondur. Bu vakalarda t\u00fcm olumsuz hissiyatlar en derin \u015fekilde hissedilir. \u00dcz\u00fcnt\u00fc, \u00f6z g\u00fcvensizlik, umutsuzluk, korku, uykusuzluk ve i\u015ftahs\u0131zl\u0131k gibi say\u0131s\u0131z belirti bir arada hissedilebilir.<\/p id=\"\" id=\"\" id=\"\" id=\"\" id=\"\" id=\"\" id=\"\" id=\"\" id=\"\" id=\"\" id=\"\" id=\"\" id=\"\" id=\"\" id=\"\" id=\"\" id=\"\" id=\"\" id=\"\" id=\"\" id=\"\" id=\"\" id=\"\" id=\"\" id=\"\" id=\"\" id=\"\" id=\"\" id=\"\" id=\"\" id=\"\" id=\"\" id=\"\" id=\"\" id=\"\" id=\"\" id=\"\" id=\"\" id=\"\" id=\"\" id=\"\" id=\"\" id=\"\" id=\"\" id=\"\" id=\"\" id=\"\" id=\"\" id=\"\" id=\"\" id=\"\" id=\"\" id=\"\" id=\"\" id=\"\" id=\"\" id=\"\" id=\"\" id=\"\" id=\"\" id=\"\">\n<p id=\"bunun-yaninda-olmayan-sesler-duyma-zihnin-surekli-negatif-dusuncelere-sahip-olmasi-ve-yogun-intihar-dusunceleri-ozellikle-major-depresyonda-gorulur-ve-bu-semptomlar-tani-surecinde-ayirici-ozellikler\">Bunun yan\u0131nda olmayan sesler duyma, zihnin s\u00fcrekli negatif d\u00fc\u015f\u00fcncelere sahip olmas\u0131 ve yo\u011fun intihar d\u00fc\u015f\u00fcnceleri \u00f6zellikle maj\u00f6r depresyonda g\u00f6r\u00fcl\u00fcr ve bu semptomlar tan\u0131 s\u00fcrecinde ay\u0131r\u0131c\u0131 \u00f6zellikler ta\u015f\u0131mas\u0131ndan dolay\u0131 de\u011ferlidir. Maj\u00f6r depresyonun klinik y\u00f6ntemlere ba\u015fvurulmadan tedavi edilmesi m\u00fcmk\u00fcn de\u011fildir.<\/p id=\"\" id=\"\" id=\"\" id=\"\" id=\"\" id=\"\" id=\"\" id=\"\" id=\"\" id=\"\" id=\"\" id=\"\" id=\"\" id=\"\" id=\"\" id=\"\" id=\"\" id=\"\" id=\"\" id=\"\" id=\"\" id=\"\" id=\"\" id=\"\" id=\"\" id=\"\" id=\"\" id=\"\" id=\"\" id=\"\" id=\"\" id=\"\" id=\"\" id=\"\" id=\"\" id=\"\" id=\"\" id=\"\" id=\"\" id=\"\" id=\"\" id=\"\" id=\"\" id=\"\" id=\"\" id=\"\" id=\"\" id=\"\" id=\"\" id=\"\" id=\"\" id=\"\" id=\"\" id=\"\" id=\"\" id=\"\" id=\"\" id=\"\" id=\"\" id=\"\" id=\"\">\n<h2 id=\"unipolar-depresyon-nedir-nasil-gecer\">Unipolar depresyon nedir, nas\u0131l ge\u00e7er?<\/h2 id=\"\" id=\"\" id=\"\" id=\"\" id=\"\" id=\"\" id=\"\" id=\"\" id=\"\" id=\"\" id=\"\" id=\"\" id=\"\" id=\"\" id=\"\" id=\"\" id=\"\" id=\"\" id=\"\" id=\"\" id=\"\" id=\"\" id=\"\" id=\"\" id=\"\" id=\"\" id=\"\" id=\"\" id=\"\" id=\"\" id=\"\" id=\"\" id=\"\" id=\"\" id=\"\" id=\"\" id=\"\" id=\"\" id=\"\" id=\"\" id=\"\" id=\"\" id=\"\" id=\"\" id=\"\" id=\"\" id=\"\" id=\"\" id=\"\" id=\"\" id=\"\" id=\"\" id=\"\" id=\"\" id=\"\" id=\"\" id=\"\" id=\"\" id=\"\" id=\"\" id=\"\">\n<p id=\"unipolar-depresyon-yogun-oz-guven-eksikligi-ve-umutsuzluk-belirtileriyle-ortaya-cikan-bir-bunalim-turudur-bu-vakalarda-kisinin-yasam-rutininde-olan-ilgi-kaybi-ve-olumsuz-dusunce-yapisi-gozlemlenir\">Unipolar depresyon; yo\u011fun \u00f6z g\u00fcven eksikli\u011fi ve umutsuzluk belirtileriyle ortaya \u00e7\u0131kan bir bunal\u0131m t\u00fcr\u00fcd\u00fcr. Bu vakalarda ki\u015finin ya\u015fam rutininde olan ilgi kayb\u0131 ve olumsuz d\u00fc\u015f\u00fcnce yap\u0131s\u0131 g\u00f6zlemlenir.<\/p id=\"\" id=\"\" id=\"\" id=\"\" id=\"\" id=\"\" id=\"\" id=\"\" id=\"\" id=\"\" id=\"\" id=\"\" id=\"\" id=\"\" id=\"\" id=\"\" id=\"\" id=\"\" id=\"\" id=\"\" id=\"\" id=\"\" id=\"\" id=\"\" id=\"\" id=\"\" id=\"\" id=\"\" id=\"\" id=\"\" id=\"\" id=\"\" id=\"\" id=\"\" id=\"\" id=\"\" id=\"\" id=\"\" id=\"\" id=\"\" id=\"\" id=\"\" id=\"\" id=\"\" id=\"\" id=\"\" id=\"\" id=\"\" id=\"\" id=\"\" id=\"\" id=\"\" id=\"\" id=\"\" id=\"\" id=\"\" id=\"\" id=\"\" id=\"\" id=\"\" id=\"\">\n<p id=\"dogasinda-olumsuz-dusuncelerin-yogun-bir-bicimde-gorulmesi-olan-bu-turun-tedavisi-icin-uzman-destegi-sarttir-unipolar-depresyon-farkli-tedavi-yontemleriyle-ve-terapi-surecleriyle-atlatilabilen-bir-h\">Do\u011fas\u0131nda olumsuz d\u00fc\u015f\u00fcncelerin yo\u011fun bir bi\u00e7imde g\u00f6r\u00fclmesi olan bu t\u00fcr\u00fcn tedavisi i\u00e7in uzman deste\u011fi \u015fartt\u0131r.. Unipolar depresyon farkl\u0131 tedavi y\u00f6ntemleriyle ve terapi s\u00fcre\u00e7leriyle atlat\u0131labilen bir hastal\u0131kt\u0131r.<\/p id=\"\" id=\"\" id=\"\" id=\"\" id=\"\" id=\"\" id=\"\" id=\"\" id=\"\" id=\"\" id=\"\" id=\"\" id=\"\" id=\"\" id=\"\" id=\"\" id=\"\" id=\"\" id=\"\" id=\"\" id=\"\" id=\"\" id=\"\" id=\"\" id=\"\" id=\"\" id=\"\" id=\"\" id=\"\" id=\"\" id=\"\" id=\"\" id=\"\" id=\"\" id=\"\" id=\"\" id=\"\" id=\"\" id=\"\" id=\"\" id=\"\" id=\"\" id=\"\" id=\"\" id=\"\" id=\"\" id=\"\" id=\"\" id=\"\" id=\"\" id=\"\" id=\"\" id=\"\" id=\"\" id=\"\" id=\"\" id=\"\" id=\"\" id=\"\" id=\"\" id=\"\">\n<h2 id=\"kronik-depresyon-distimi-nedir-nasil-gecer\">Kronik depresyon (Distimi) nedir, nas\u0131l ge\u00e7er?<\/h2 id=\"\" id=\"\" id=\"\" id=\"\" id=\"\" id=\"\" id=\"\" id=\"\" id=\"\" id=\"\" id=\"\" id=\"\" id=\"\" id=\"\" id=\"\" id=\"\" id=\"\" id=\"\" id=\"\" id=\"\" id=\"\" id=\"\" id=\"\" id=\"\" id=\"\" id=\"\" id=\"\" id=\"\" id=\"\" id=\"\" id=\"\" id=\"\" id=\"\" id=\"\" id=\"\" id=\"\" id=\"\" id=\"\" id=\"\" id=\"\" id=\"\" id=\"\" id=\"\" id=\"\" id=\"\" id=\"\" id=\"\" id=\"\" id=\"\" id=\"\" id=\"\" id=\"\" id=\"\" id=\"\" id=\"\" id=\"\" id=\"\" id=\"\" id=\"\" id=\"\" id=\"\">\n<p id=\"depresyona-ait-belirtilerin-hemen-hemen-her-gun-gun-boyu-ve-siddetli-sekilde-devam-ettigi-ve-en-az-iki-yil-boyunca-suren-depresyonlar-kronik-depresyon-distimi-olarak-kabul-edilir-kronik-depresyon\">Depresyona ait belirtilerin hemen hemen her g\u00fcn, g\u00fcn boyu ve \u015fiddetli \u015fekilde devam etti\u011fi ve en az iki y\u0131l boyunca s\u00fcren depresyonlar kronik depresyon (distimi) olarak kabul edilir. Kronik depresyon hastalar\u0131 i\u00e7in hastal\u0131\u011f\u0131n derinli\u011fi ve seyrine ba\u011fl\u0131 olarak farkl\u0131 belirtiler ve semptomlar bir arada g\u00f6r\u00fclebilir.<\/p id=\"\" id=\"\" id=\"\" id=\"\" id=\"\" id=\"\" id=\"\" id=\"\" id=\"\" id=\"\" id=\"\" id=\"\" id=\"\" id=\"\" id=\"\" id=\"\" id=\"\" id=\"\" id=\"\" id=\"\" id=\"\" id=\"\" id=\"\" id=\"\" id=\"\" id=\"\" id=\"\" id=\"\" id=\"\" id=\"\" id=\"\" id=\"\" id=\"\" id=\"\" id=\"\" id=\"\" id=\"\" id=\"\" id=\"\" id=\"\" id=\"\" id=\"\" id=\"\" id=\"\" id=\"\" id=\"\" id=\"\" id=\"\" id=\"\" id=\"\" id=\"\" id=\"\" id=\"\" id=\"\" id=\"\" id=\"\" id=\"\" id=\"\" id=\"\" id=\"\" id=\"\">\n<p id=\"major-depresyondan-cesitli-yonlerden-ayrilir-oncelikle-sure-bakimindan-distimi-daha-uzun-surer-semptomlarin-yogunlugu-major-depresyonda-cok-daha-agirken-kronik-depresyonda-daha-hafiftir\">Maj\u00f6r depresyondan \u00e7e\u015fitli y\u00f6nlerden ayr\u0131l\u0131r. \u00d6ncelikle s\u00fcre bak\u0131m\u0131ndan, distimi daha uzun s\u00fcrer. Semptomlar\u0131n yo\u011funlu\u011fu, maj\u00f6r depresyonda \u00e7ok daha a\u011f\u0131rken, kronik depresyonda daha hafiftir.<\/p id=\"\" id=\"\" id=\"\" id=\"\" id=\"\" id=\"\" id=\"\" id=\"\" id=\"\" id=\"\" id=\"\" id=\"\" id=\"\" id=\"\" id=\"\" id=\"\" id=\"\" id=\"\" id=\"\" id=\"\" id=\"\" id=\"\" id=\"\" id=\"\" id=\"\" id=\"\" id=\"\" id=\"\" id=\"\" id=\"\" id=\"\" id=\"\" id=\"\" id=\"\" id=\"\" id=\"\" id=\"\" id=\"\" id=\"\" id=\"\" id=\"\" id=\"\" id=\"\" id=\"\" id=\"\" id=\"\" id=\"\" id=\"\" id=\"\" id=\"\" id=\"\" id=\"\" id=\"\" id=\"\" id=\"\" id=\"\" id=\"\" id=\"\" id=\"\" id=\"\" id=\"\">\n<p id=\"yas-agirligi-bakimindan-major-depresyonu-40li-yaslarda-gorebiliyorken-distimi-20li-yaslarda-gorulur-islevsellik-acisindan-da-major-depresyon-islevselligi-ciddi-anlamda-dusurup-gun\">Ya\u015f a\u011f\u0131rl\u0131\u011f\u0131 bak\u0131m\u0131ndan maj\u00f6r depresyonu 40\u2019l\u0131 ya\u015flarda g\u00f6rebiliyorken, distimi 20\u2019li ya\u015flarda g\u00f6r\u00fcl\u00fcr. \u0130\u015flevsellik a\u00e7\u0131s\u0131ndan da, maj\u00f6r depresyon i\u015flevselli\u011fi ciddi anlamda d\u00fc\u015f\u00fcr\u00fcp g\u00fcnl\u00fck aktiviteleri yerine getirmede b\u00fcy\u00fck bir engel olu\u015ftururken, distimide etkilenme dereceleri daha d\u00fc\u015f\u00fckt\u00fcr b\u00fc y\u00fczden b\u00f6yle bir durum s\u00f6z konusu olmaz.<\/p id=\"\" id=\"\" id=\"\" id=\"\" id=\"\" id=\"\" id=\"\" id=\"\" id=\"\" id=\"\" id=\"\" id=\"\" id=\"\" id=\"\" id=\"\" id=\"\" id=\"\" id=\"\" id=\"\" id=\"\" id=\"\" id=\"\" id=\"\" id=\"\" id=\"\" id=\"\" id=\"\" id=\"\" id=\"\" id=\"\" id=\"\" id=\"\" id=\"\" id=\"\" id=\"\" id=\"\" id=\"\" id=\"\" id=\"\" id=\"\" id=\"\" id=\"\" id=\"\" id=\"\" id=\"\" id=\"\" id=\"\" id=\"\" id=\"\" id=\"\" id=\"\" id=\"\" id=\"\" id=\"\" id=\"\" id=\"\" id=\"\" id=\"\" id=\"\" id=\"\" id=\"\">\n<p id=\"surekli-bu-semptomlarla-mucadele-eden-ve-uzun-sure-belirtilere-maruz-kalan-kronik-depresyon-hastalarinin-tedavi-surecleri-de-belirli-bir-doneme-yayilir-hastaligin-gecmesi-icin-farkli-yontem-ve-teknik\">S\u00fcrekli bu semptomlarla m\u00fccadele eden ve uzun s\u00fcre belirtilere maruz kalan kronik depresyon hastalar\u0131n\u0131n tedavi s\u00fcre\u00e7leri de belirli bir d\u00f6neme yay\u0131l\u0131r. Hastal\u0131\u011f\u0131n ge\u00e7mesi i\u00e7in farkl\u0131 y\u00f6ntem ve teknikler ile klinik tedavi gere\u00e7leri kullan\u0131labilir.<\/p id=\"\" id=\"\" id=\"\" id=\"\" id=\"\" id=\"\" id=\"\" id=\"\" id=\"\" id=\"\" id=\"\" id=\"\" id=\"\" id=\"\" id=\"\" id=\"\" id=\"\" id=\"\" id=\"\" id=\"\" id=\"\" id=\"\" id=\"\" id=\"\" id=\"\" id=\"\" id=\"\" id=\"\" id=\"\" id=\"\" id=\"\" id=\"\" id=\"\" id=\"\" id=\"\" id=\"\" id=\"\" id=\"\" id=\"\" id=\"\" id=\"\" id=\"\" id=\"\" id=\"\" id=\"\" id=\"\" id=\"\" id=\"\" id=\"\" id=\"\" id=\"\" id=\"\" id=\"\" id=\"\" id=\"\" id=\"\" id=\"\" id=\"\" id=\"\" id=\"\" id=\"\">\n<h2 id=\"manik-depresyon-nedir-nasil-gecer\">Manik depresyon nedir, nas\u0131l ge\u00e7er?<\/h2 id=\"\" id=\"\" id=\"\" id=\"\" id=\"\" id=\"\" id=\"\" id=\"\" id=\"\" id=\"\" id=\"\" id=\"\" id=\"\" id=\"\" id=\"\" id=\"\" id=\"\" id=\"\" id=\"\" id=\"\" id=\"\" id=\"\" id=\"\" id=\"\" id=\"\" id=\"\" id=\"\" id=\"\" id=\"\" id=\"\" id=\"\" id=\"\" id=\"\" id=\"\" id=\"\" id=\"\" id=\"\" id=\"\" id=\"\" id=\"\" id=\"\" id=\"\" id=\"\" id=\"\" id=\"\" id=\"\" id=\"\" id=\"\" id=\"\" id=\"\" id=\"\" id=\"\" id=\"\" id=\"\" id=\"\" id=\"\" id=\"\" id=\"\" id=\"\" id=\"\" id=\"\">\n<p id=\"manik-depresif-bozukluk-kisinin-iki-uclu-duygudurum-bozulmalari-yasanan-bir-hastalik-turudur-genellikle-taskinlik-mani-ve-cokkunluk-depresyon-donemlerini-birbirinin-takip-etmesi-seklinde-karakter\">Manik depresif bozukluk ki\u015finin iki u\u00e7lu duygudurum bozulmalar\u0131 ya\u015fanan bir hastal\u0131k t\u00fcr\u00fcd\u00fcr. Genellikle ta\u015fk\u0131nl\u0131k (mani) ve \u00e7\u00f6kk\u00fcnl\u00fck (depresyon) d\u00f6nemlerini birbirinin takip etmesi \u015feklinde karakterizedir. Mani d\u00f6nemlerinde co\u015fkunluk, heyecan, i\u00e7i i\u00e7ine s\u0131\u011famama durumu, ayaklara yere basmayan duygular ve projeler olurken, \u00e7\u00f6kk\u00fcnl\u00fck d\u00f6neminde, derin bir h\u00fcz\u00fcn , \u00fcz\u00fcnt\u00fc, huzursuzluk, yorgunluk ve isteksizlik hakim olur.<\/p id=\"\" id=\"\" id=\"\" id=\"\" id=\"\" id=\"\" id=\"\" id=\"\" id=\"\" id=\"\" id=\"\" id=\"\" id=\"\" id=\"\" id=\"\" id=\"\" id=\"\" id=\"\" id=\"\" id=\"\" id=\"\" id=\"\" id=\"\" id=\"\" id=\"\" id=\"\" id=\"\" id=\"\" id=\"\" id=\"\" id=\"\" id=\"\" id=\"\" id=\"\" id=\"\" id=\"\" id=\"\" id=\"\" id=\"\" id=\"\" id=\"\" id=\"\" id=\"\" id=\"\" id=\"\" id=\"\" id=\"\" id=\"\" id=\"\" id=\"\" id=\"\" id=\"\" id=\"\" id=\"\" id=\"\" id=\"\" id=\"\" id=\"\" id=\"\" id=\"\" id=\"\">\n<p id=\"vakalarin-her-zaman-spesifik-nedenleri-olmasa-da-manik-depresyon-bir-travma-ve-stresli-olaylar-mevsimsel-gecisler-ve-ozellikle-de-soya-cekim-ihtimali-kuvvetlidir-tedavisi-icin-klinik-muayene-ve-yont\">Vakalar\u0131n her zaman spesifik nedenleri olmasa da manik depresyon bir travma ve stresli olaylar, mevsimsel ge\u00e7i\u015fler ve \u00f6zellikle de soya \u00e7ekim ihtimali kuvvetlidir. Tedavisi i\u00e7in klinik muayene ve y\u00f6ntemlerle birlikte farkl\u0131 terapi teknikleri de kullan\u0131l\u0131r.<\/p id=\"\" id=\"\" id=\"\" id=\"\" id=\"\" id=\"\" id=\"\" id=\"\" id=\"\" id=\"\" id=\"\" id=\"\" id=\"\" id=\"\" id=\"\" id=\"\" id=\"\" id=\"\" id=\"\" id=\"\" id=\"\" id=\"\" id=\"\" id=\"\" id=\"\" id=\"\" id=\"\" id=\"\" id=\"\" id=\"\" id=\"\" id=\"\" id=\"\" id=\"\" id=\"\" id=\"\" id=\"\" id=\"\" id=\"\" id=\"\" id=\"\" id=\"\" id=\"\" id=\"\" id=\"\" id=\"\" id=\"\" id=\"\" id=\"\" id=\"\" id=\"\" id=\"\" id=\"\" id=\"\" id=\"\" id=\"\" id=\"\" id=\"\" id=\"\" id=\"\" id=\"\">\n<h2 id=\"endojen-depresyon-nedir-nasil-gecer\">Endojen depresyon nedir, nas\u0131l ge\u00e7er?<\/h2 id=\"\" id=\"\" id=\"\" id=\"\" id=\"\" id=\"\" id=\"\" id=\"\" id=\"\" id=\"\" id=\"\" id=\"\" id=\"\" id=\"\" id=\"\" id=\"\" id=\"\" id=\"\" id=\"\" id=\"\" id=\"\" id=\"\" id=\"\" id=\"\" id=\"\" id=\"\" id=\"\" id=\"\" id=\"\" id=\"\" id=\"\" id=\"\" id=\"\" id=\"\" id=\"\" id=\"\" id=\"\" id=\"\" id=\"\" id=\"\" id=\"\" id=\"\" id=\"\" id=\"\" id=\"\" id=\"\" id=\"\" id=\"\" id=\"\" id=\"\" id=\"\" id=\"\" id=\"\" id=\"\" id=\"\" id=\"\" id=\"\" id=\"\" id=\"\" id=\"\" id=\"\">\n<p id=\"endojen-depresyon-icsel-depresyon-olarak-da-adlandirilan-bir-hastalik-cesididir-genellikle-kiside-depresyona-sebep-olmasi-muhtemel-bir-durum-olmamasina-karsin-ortaya-cikan-bir-turdu\">Endojen depresyon \u201ci\u00e7sel depresyon\u201d olarak da adland\u0131r\u0131lan bir hastal\u0131k \u00e7e\u015fididir. Genellikle ki\u015fide depresyona sebep olmas\u0131 muhtemel bir durum olmamas\u0131na kar\u015f\u0131n ortaya \u00e7\u0131kan bir t\u00fcrd\u00fcr. Sebebi de\u011fi\u015fkenlik g\u00f6sterebilir veya a\u00e7\u0131\u011fa \u00e7\u0131kar\u0131lmas\u0131 gereken dan\u0131\u015fan\u0131n da fark\u0131nda olmad\u0131\u011f\u0131 gizli sebeplere ba\u011fl\u0131 olarak geli\u015febilir. Kal\u0131tsall\u0131k de\u011ferlidir, bunun yan\u0131nda beyindeki hormon d\u00fczeyleri de sebeplerden biri olabilir.<\/p id=\"\" id=\"\" id=\"\" id=\"\" id=\"\" id=\"\" id=\"\" id=\"\" id=\"\" id=\"\" id=\"\" id=\"\" id=\"\" id=\"\" id=\"\" id=\"\" id=\"\" id=\"\" id=\"\" id=\"\" id=\"\" id=\"\" id=\"\" id=\"\" id=\"\" id=\"\" id=\"\" id=\"\" id=\"\" id=\"\" id=\"\" id=\"\" id=\"\" id=\"\" id=\"\" id=\"\" id=\"\" id=\"\" id=\"\" id=\"\" id=\"\" id=\"\" id=\"\" id=\"\" id=\"\" id=\"\" id=\"\" id=\"\" id=\"\" id=\"\" id=\"\" id=\"\" id=\"\" id=\"\" id=\"\" id=\"\" id=\"\" id=\"\" id=\"\" id=\"\" id=\"\">\n<p id=\"icsel-endojen-bunalim-hastaliginin-gecmesi-icin-oncelikle-uzmanlar-tarafindan-teshisi-ardindan-da-uygun-tedavi-modeliyle-mudahalesi-gerekir\">\u0130\u00e7sel (endojen) bunal\u0131m hastal\u0131\u011f\u0131n\u0131n ge\u00e7mesi i\u00e7in \u00f6ncelikle uzmanlar taraf\u0131ndan te\u015fhisi ard\u0131ndan da uygun tedavi modeliyle m\u00fcdahalesi gerekir.<\/p id=\"\" id=\"\" id=\"\" id=\"\" id=\"\" id=\"\" id=\"\" id=\"\" id=\"\" id=\"\" id=\"\" id=\"\" id=\"\" id=\"\" id=\"\" id=\"\" id=\"\" id=\"\" id=\"\" id=\"\" id=\"\" id=\"\" id=\"\" id=\"\" id=\"\" id=\"\" id=\"\" id=\"\" id=\"\" id=\"\" id=\"\" id=\"\" id=\"\" id=\"\" id=\"\" id=\"\" id=\"\" id=\"\" id=\"\" id=\"\" id=\"\" id=\"\" id=\"\" id=\"\" id=\"\" id=\"\" id=\"\" id=\"\" id=\"\" id=\"\" id=\"\" id=\"\" id=\"\" id=\"\" id=\"\" id=\"\" id=\"\" id=\"\" id=\"\" id=\"\" id=\"\">\n<h2 id=\"depresyon-nasil-atlatilir\">Depresyon nas\u0131l atlat\u0131l\u0131r?<\/h2 id=\"\" id=\"\" id=\"\" id=\"\" id=\"\" id=\"\" id=\"\" id=\"\" id=\"\" id=\"\" id=\"\" id=\"\" id=\"\" id=\"\" id=\"\" id=\"\" id=\"\" id=\"\" id=\"\" id=\"\" id=\"\" id=\"\" id=\"\" id=\"\" id=\"\" id=\"\" id=\"\" id=\"\" id=\"\" id=\"\" id=\"\" id=\"\" id=\"\" id=\"\" id=\"\" id=\"\" id=\"\" id=\"\" id=\"\" id=\"\" id=\"\" id=\"\" id=\"\" id=\"\" id=\"\" id=\"\" id=\"\" id=\"\" id=\"\" id=\"\" id=\"\" id=\"\" id=\"\" id=\"\" id=\"\" id=\"\" id=\"\" id=\"\" id=\"\" id=\"\" id=\"\">\n<p id=\"depresyon-tamamen-tedavi-edilebilir-bir-hastalik-turudur-bu-sebeple-ilk-belirti-evresinden-itibaren-oncelikle-bireylerin-uzman-destegine-yonelmesi-gerekir-bireysel-cabalar-ve-yanlis-yonlendirmeler-s\">Depresyon tamamen tedavi edilebilir bir hastal\u0131k t\u00fcr\u00fcd\u00fcr. Bu sebeple ilk belirti evresinden itibaren \u00f6ncelikle bireylerin uzman deste\u011fine y\u00f6nelmesi gerekir. Bireysel \u00e7abalar ve yanl\u0131\u015f y\u00f6nlendirmeler sonucu hastal\u0131\u011f\u0131n derinle\u015fmemesi ad\u0131na tedavi yoluna ba\u015fvurulmal\u0131d\u0131r.<\/p id=\"\" id=\"\" id=\"\" id=\"\" id=\"\" id=\"\" id=\"\" id=\"\" id=\"\" id=\"\" id=\"\" id=\"\" id=\"\" id=\"\" id=\"\" id=\"\" id=\"\" id=\"\" id=\"\" id=\"\" id=\"\" id=\"\" id=\"\" id=\"\" id=\"\" id=\"\" id=\"\" id=\"\" id=\"\" id=\"\" id=\"\" id=\"\" id=\"\" id=\"\" id=\"\" id=\"\" id=\"\" id=\"\" id=\"\" id=\"\" id=\"\" id=\"\" id=\"\" id=\"\" id=\"\" id=\"\" id=\"\" id=\"\" id=\"\" id=\"\" id=\"\" id=\"\" id=\"\" id=\"\" id=\"\" id=\"\" id=\"\" id=\"\" id=\"\" id=\"\" id=\"\">\n<p id=\"depresyonu-atlatmak-icin-atilan-tedavi-adimlarinin-ardindan-bireylerin-uzman-yonlendirmelerine-uygun-hareket-etmeleri-hastalik-surecinde-belirtilerin-hafiflemesini-saglar-alinan-ilac-ve-terapi-desteg\">Depresyonu atlatmak i\u00e7in at\u0131lan tedavi ad\u0131mlar\u0131n\u0131n ard\u0131ndan bireylerin uzman y\u00f6nlendirmelerine uygun hareket etmeleri hastal\u0131k s\u00fcrecinde belirtilerin hafiflemesini sa\u011flar. Al\u0131nan ila\u00e7 ve terapi deste\u011fi sayesinde zamanla belirtiler ortadan kalkar ve iyile\u015fme s\u00fcrecine girilir. Yaln\u0131zca ila\u00e7 kullanmak gereksiz bir \u00e7aba manas\u0131na gelir. Terapi olmadan ila\u00e7 kullan\u0131m\u0131 hi\u00e7bir psikopatolojiyi tedavi edemez. Bu y\u00fczden ila\u00e7 kullan\u0131m\u0131 ve terapi s\u00fcrecinin bir arada y\u00fcr\u00fct\u00fclmesi b\u00fcy\u00fck \u00f6nem ta\u015f\u0131r.<\/p id=\"\" id=\"\" id=\"\" id=\"\" id=\"\" id=\"\" id=\"\" id=\"\" id=\"\" id=\"\" id=\"\" id=\"\" id=\"\" id=\"\" id=\"\" id=\"\" id=\"\" id=\"\" id=\"\" id=\"\" id=\"\" id=\"\" id=\"\" id=\"\" id=\"\" id=\"\" id=\"\" id=\"\" id=\"\" id=\"\" id=\"\" id=\"\" id=\"\" id=\"\" id=\"\" id=\"\" id=\"\" id=\"\" id=\"\" id=\"\" id=\"\" id=\"\" id=\"\" id=\"\" id=\"\" id=\"\" id=\"\" id=\"\" id=\"\" id=\"\" id=\"\" id=\"\" id=\"\" id=\"\" id=\"\" id=\"\" id=\"\" id=\"\" id=\"\" id=\"\" id=\"\">\n<h2 id=\"depresyon-ne-kadar-surer\">Depresyon ne kadar s\u00fcrer?<\/h2 id=\"\" id=\"\" id=\"\" id=\"\" id=\"\" id=\"\" id=\"\" id=\"\" id=\"\" id=\"\" id=\"\" id=\"\" id=\"\" id=\"\" id=\"\" id=\"\" id=\"\" id=\"\" id=\"\" id=\"\" id=\"\" id=\"\" id=\"\" id=\"\" id=\"\" id=\"\" id=\"\" id=\"\" id=\"\" id=\"\" id=\"\" id=\"\" id=\"\" id=\"\" id=\"\" id=\"\" id=\"\" id=\"\" id=\"\" id=\"\" id=\"\" id=\"\" id=\"\" id=\"\" id=\"\" id=\"\" id=\"\" id=\"\" id=\"\" id=\"\" id=\"\" id=\"\" id=\"\" id=\"\" id=\"\" id=\"\" id=\"\" id=\"\" id=\"\" id=\"\" id=\"\">\n<p id=\"bunalim-yani-depresyon-birbirinden-farkli-turleri-ve-seyir-durumlari-olan-bir-hastalik-oldugundan-hastalik-surecleri-degisiklik-gosterebilir-agir-manik-major-veya-atipik-depresyonlarda-vakanin-oz\">Bunal\u0131m yani depresyon, birbirinden farkl\u0131 t\u00fcrleri ve seyir durumlar\u0131 olan bir hastal\u0131k oldu\u011fundan, hastal\u0131k s\u00fcre\u00e7leri de\u011fi\u015fiklik g\u00f6sterebilir. A\u011f\u0131r, manik, maj\u00f6r veya atipik depresyonlarda vakan\u0131n \u00f6zelliklerine ba\u011fl\u0131 belirti yo\u011funluklar\u0131 ve hissiyat\u0131 g\u00f6zlemlenebilir.<\/p id=\"\" id=\"\" id=\"\" id=\"\" id=\"\" id=\"\" id=\"\" id=\"\" id=\"\" id=\"\" id=\"\" id=\"\" id=\"\" id=\"\" id=\"\" id=\"\" id=\"\" id=\"\" id=\"\" id=\"\" id=\"\" id=\"\" id=\"\" id=\"\" id=\"\" id=\"\" id=\"\" id=\"\" id=\"\" id=\"\" id=\"\" id=\"\" id=\"\" id=\"\" id=\"\" id=\"\" id=\"\" id=\"\" id=\"\" id=\"\" id=\"\" id=\"\" id=\"\" id=\"\" id=\"\" id=\"\" id=\"\" id=\"\" id=\"\" id=\"\" id=\"\" id=\"\" id=\"\" id=\"\" id=\"\" id=\"\" id=\"\" id=\"\" id=\"\" id=\"\" id=\"\">\n<p id=\"bazi-turlerde-hastalik-6-12-ay-araliginda-tedavi-edilebilirken-bazi-depresyon-turleri-uzun-yillar-devam-edebilir-bu-surecte-onemli-olan-verimli-bir-tedavi-donemi-yasamak-adina-alaninda-uzman-birimler\">Baz\u0131 t\u00fcrlerde hastal\u0131k 6-12 ay aral\u0131\u011f\u0131nda tedavi edilebilirken baz\u0131 depresyon t\u00fcrleri uzun y\u0131llar devam edebilir. Bu s\u00fcre\u00e7te \u00f6nemli olan verimli bir tedavi d\u00f6nemi ya\u015famak ad\u0131na alan\u0131nda uzman birimlerden destek almak ve verilen y\u00f6nlendirmelere uygun hareket etmektir. T\u00fcm bunlara ra\u011fmen, her bireyin devaml\u0131 psikolojik destek almas\u0131 da olu\u015fabilecek t\u00fcm psikopatolojilere \u00f6nlem niteli\u011findedir ve al\u0131nmas\u0131 de\u011ferlidir.<\/p id=\"\" id=\"\" id=\"\" id=\"\" id=\"\" id=\"\" id=\"\" id=\"\" id=\"\" id=\"\" id=\"\" id=\"\" id=\"\" id=\"\" id=\"\" id=\"\" id=\"\" id=\"\" id=\"\" id=\"\" id=\"\" id=\"\" id=\"\" id=\"\" id=\"\" id=\"\" id=\"\" id=\"\" id=\"\" id=\"\" id=\"\" id=\"\" id=\"\" id=\"\" id=\"\" id=\"\" id=\"\" id=\"\" id=\"\" id=\"\" id=\"\" id=\"\" id=\"\" id=\"\" id=\"\" id=\"\" id=\"\" id=\"\" id=\"\" id=\"\" id=\"\" id=\"\" id=\"\" id=\"\" id=\"\" id=\"\" id=\"\" id=\"\" id=\"\" id=\"\" id=\"\">\n<h2 id=\"depresyon-tedavisi-ne-kadar-surer\">Depresyon tedavisi ne kadar s\u00fcrer?<\/h2 id=\"\" id=\"\" id=\"\" id=\"\" id=\"\" id=\"\" id=\"\" id=\"\" id=\"\" id=\"\" id=\"\" id=\"\" id=\"\" id=\"\" id=\"\" id=\"\" id=\"\" id=\"\" id=\"\" id=\"\" id=\"\" id=\"\" id=\"\" id=\"\" id=\"\" id=\"\" id=\"\" id=\"\" id=\"\" id=\"\" id=\"\" id=\"\" id=\"\" id=\"\" id=\"\" id=\"\" id=\"\" id=\"\" id=\"\" id=\"\" id=\"\" id=\"\" id=\"\" id=\"\" id=\"\" id=\"\" id=\"\" id=\"\" id=\"\" id=\"\" id=\"\" id=\"\" id=\"\" id=\"\" id=\"\" id=\"\" id=\"\" id=\"\" id=\"\" id=\"\" id=\"\">\n<p id=\"tum-hastalik-sureclerinde-oldugu-uzere-depresyon-hastaliklarinda-da-farkli-teknik-ve-yontemler-ile-klinik-mudahaleler-soz-konusudur-ilacli-tedavi-ve-terapi-destegi-ile-tedavi-edilmek-istenen-depresyo\">T\u00fcm hastal\u0131k s\u00fcre\u00e7lerinde oldu\u011fu \u00fczere depresyon hastal\u0131klar\u0131nda da farkl\u0131 teknik ve y\u00f6ntemler ile klinik m\u00fcdahaleler s\u00f6z konusudur. \u0130la\u00e7l\u0131 tedavi ve terapi deste\u011fi ile tedavi edilmek istenen depresyon hastalar\u0131n\u0131n bu teknik ve y\u00f6ntemlere cevap vermesi; t\u0131pk\u0131 depresyon hastal\u0131\u011f\u0131nda oldu\u011fu gibi belirli bir zaman diliminde ger\u00e7ekle\u015fir.<\/p id=\"\" id=\"\" id=\"\" id=\"\" id=\"\" id=\"\" id=\"\" id=\"\" id=\"\" id=\"\" id=\"\" id=\"\" id=\"\" id=\"\" id=\"\" id=\"\" id=\"\" id=\"\" id=\"\" id=\"\" id=\"\" id=\"\" id=\"\" id=\"\" id=\"\" id=\"\" id=\"\" id=\"\" id=\"\" id=\"\" id=\"\" id=\"\" id=\"\" id=\"\" id=\"\" id=\"\" id=\"\" id=\"\" id=\"\" id=\"\" id=\"\" id=\"\" id=\"\" id=\"\" id=\"\" id=\"\" id=\"\" id=\"\" id=\"\" id=\"\" id=\"\" id=\"\" id=\"\" id=\"\" id=\"\" id=\"\" id=\"\" id=\"\" id=\"\" id=\"\" id=\"\">\n<p id=\"depresyon-tedavisi-hastaligin-turu-tedavi-yontemi-ve-hastanin-tedaviye-yanit-verme-sureci-gibi-etkenlere-bagli-olarak-farkli-surelerde-tamamlanir\">Depresyon tedavisi hastal\u0131\u011f\u0131n t\u00fcr\u00fc, tedavi y\u00f6ntemi ve hastan\u0131n tedaviye yan\u0131t verme s\u00fcreci gibi etkenlere ba\u011fl\u0131 olarak farkl\u0131 s\u00fcrelerde tamamlan\u0131r.<\/p id=\"\" id=\"\" id=\"\" id=\"\" id=\"\" id=\"\" id=\"\" id=\"\" id=\"\" id=\"\" id=\"\" id=\"\" id=\"\" id=\"\" id=\"\" id=\"\" id=\"\" id=\"\" id=\"\" id=\"\" id=\"\" id=\"\" id=\"\" id=\"\" id=\"\" id=\"\" id=\"\" id=\"\" id=\"\" id=\"\" id=\"\" id=\"\" id=\"\" id=\"\" id=\"\" id=\"\" id=\"\" id=\"\" id=\"\" id=\"\" id=\"\" id=\"\" id=\"\" id=\"\" id=\"\" id=\"\" id=\"\" id=\"\" id=\"\" id=\"\" id=\"\" id=\"\" id=\"\" id=\"\" id=\"\" id=\"\" id=\"\" id=\"\" id=\"\" id=\"\" id=\"\">\n<h2 id=\"depresyon-agrilari-nasil-gecer\">Depresyon a\u011fr\u0131lar\u0131 nas\u0131l ge\u00e7er?<\/h2 id=\"\" id=\"\" id=\"\" id=\"\" id=\"\" id=\"\" id=\"\" id=\"\" id=\"\" id=\"\" id=\"\" id=\"\" id=\"\" id=\"\" id=\"\" id=\"\" id=\"\" id=\"\" id=\"\" id=\"\" id=\"\" id=\"\" id=\"\" id=\"\" id=\"\" id=\"\" id=\"\" id=\"\" id=\"\" id=\"\" id=\"\" id=\"\" id=\"\" id=\"\" id=\"\" id=\"\" id=\"\" id=\"\" id=\"\" id=\"\" id=\"\" id=\"\" id=\"\" id=\"\" id=\"\" id=\"\" id=\"\" id=\"\" id=\"\" id=\"\" id=\"\" id=\"\" id=\"\" id=\"\" id=\"\" id=\"\" id=\"\" id=\"\" id=\"\" id=\"\" id=\"\">\n<p id=\"depresyon-ve-agri-arasinda-birbirlerini-tetikleyen-ve-sonduren-yapida-bir-iliski-bulunur-depresyon-agrilari-farkli-kimyasal-degisimlere-de-bagli-olarak-gelisebilir-bu-agrilarin-azaltilmasi-veya-gide\">Depresyon ve a\u011fr\u0131 aras\u0131nda birbirlerini tetikleyen ve s\u00f6nd\u00fcren yap\u0131da bir ili\u015fki bulunur. Depresyon a\u011fr\u0131lar\u0131 farkl\u0131 kimyasal de\u011fi\u015fimlere de ba\u011fl\u0131 olarak geli\u015febilir. Bu a\u011fr\u0131lar\u0131n azalt\u0131lmas\u0131 veya giderilmesine y\u00f6nelik \u00e7al\u0131\u015fmalar tedavi s\u0131ras\u0131nda ilgili uzmanlar taraf\u0131ndan y\u00fcr\u00fct\u00fcl\u00fcr.<\/p id=\"\" id=\"\" id=\"\" id=\"\" id=\"\" id=\"\" id=\"\" id=\"\" id=\"\" id=\"\" id=\"\" id=\"\" id=\"\" id=\"\" id=\"\" id=\"\" id=\"\" id=\"\" id=\"\" id=\"\" id=\"\" id=\"\" id=\"\" id=\"\" id=\"\" id=\"\" id=\"\" id=\"\" id=\"\" id=\"\" id=\"\" id=\"\" id=\"\" id=\"\" id=\"\" id=\"\" id=\"\" id=\"\" id=\"\" id=\"\" id=\"\" id=\"\" id=\"\" id=\"\" id=\"\" id=\"\" id=\"\" id=\"\" id=\"\" id=\"\" id=\"\" id=\"\" id=\"\" id=\"\" id=\"\" id=\"\" id=\"\" id=\"\" id=\"\" id=\"\" id=\"\">\n<p id=\"genel-olarak-depresyonun-belirtilerinin-ve-derinliginin-azaltilmasiyla-birlikte-depresyon-agrilarinin-da-hafifledigi-ve-giderildigi-gozlemlenmistir\">Genel olarak depresyonun belirtilerinin ve derinli\u011finin azalt\u0131lmas\u0131yla birlikte depresyon a\u011fr\u0131lar\u0131n\u0131n da hafifledi\u011fi ve giderildi\u011fi g\u00f6zlemlenmi\u015ftir.<\/p id=\"\" id=\"\" id=\"\" id=\"\" id=\"\" id=\"\" id=\"\" id=\"\" id=\"\" id=\"\" id=\"\" id=\"\" id=\"\" id=\"\" id=\"\" id=\"\" id=\"\" id=\"\" id=\"\" id=\"\" id=\"\" id=\"\" id=\"\" id=\"\" id=\"\" id=\"\" id=\"\" id=\"\" id=\"\" id=\"\" id=\"\" id=\"\" id=\"\" id=\"\" id=\"\" id=\"\" id=\"\" id=\"\" id=\"\" id=\"\" id=\"\" id=\"\" id=\"\" id=\"\" id=\"\" id=\"\" id=\"\" id=\"\" id=\"\" id=\"\" id=\"\" id=\"\" id=\"\" id=\"\" id=\"\" id=\"\" id=\"\" id=\"\" id=\"\" id=\"\" id=\"\">\n<h2 id=\"depresyon-tedavi-edilmezse-ne-olur\">Depresyon tedavi edilmezse ne olur ?<\/h2 id=\"\" id=\"\" id=\"\" id=\"\" id=\"\" id=\"\" id=\"\" id=\"\" id=\"\" id=\"\" id=\"\" id=\"\" id=\"\" id=\"\" id=\"\" id=\"\" id=\"\" id=\"\" id=\"\" id=\"\" id=\"\" id=\"\" id=\"\" id=\"\" id=\"\" id=\"\" id=\"\" id=\"\" id=\"\" id=\"\" id=\"\" id=\"\" id=\"\" id=\"\" id=\"\" id=\"\" id=\"\" id=\"\" id=\"\" id=\"\" id=\"\" id=\"\" id=\"\" id=\"\" id=\"\" id=\"\" id=\"\" id=\"\" id=\"\" id=\"\" id=\"\" id=\"\" id=\"\" id=\"\" id=\"\" id=\"\" id=\"\" id=\"\" id=\"\" id=\"\" id=\"\">\n<p id=\"depresyon-hastaligi-bireylerin-ozel-ve-sosyal-yasaminda-buyuk-bir-cokuntu-ve-bozulmaya-sebep-olabilir-bu-nedenle-vakit-kaybetmeden-uzman-destegiyle-tedavi-edilmesi-gerekir\">Depresyon hastal\u0131\u011f\u0131, bireylerin \u00f6zel ve sosyal ya\u015fam\u0131nda b\u00fcy\u00fck bir \u00e7\u00f6k\u00fcnt\u00fc ve bozulmaya sebep olabilir. Bu nedenle vakit kaybetmeden uzman deste\u011fiyle tedavi edilmesi gerekir.<\/p id=\"\" id=\"\" id=\"\" id=\"\" id=\"\" id=\"\" id=\"\" id=\"\" id=\"\" id=\"\" id=\"\" id=\"\" id=\"\" id=\"\" id=\"\" id=\"\" id=\"\" id=\"\" id=\"\" id=\"\" id=\"\" id=\"\" id=\"\" id=\"\" id=\"\" id=\"\" id=\"\" id=\"\" id=\"\" id=\"\" id=\"\" id=\"\" id=\"\" id=\"\" id=\"\" id=\"\" id=\"\" id=\"\" id=\"\" id=\"\" id=\"\" id=\"\" id=\"\" id=\"\" id=\"\" id=\"\" id=\"\" id=\"\" id=\"\" id=\"\" id=\"\" id=\"\" id=\"\" id=\"\" id=\"\" id=\"\" id=\"\" id=\"\" id=\"\" id=\"\" id=\"\">\n<p id=\"depresyon-tedavi-edilmezse-hastaligin-derinlesmesi-ve-belirtilerin-cogalmasi-soz-konusu-olabilir-bunalim-belirtilerinin-gorulmeye-basladigi-ilk-donemden-itibaren-teshis-ve-tedavi-yoluna-basvurulmalid\">Depresyon tedavi edilmezse hastal\u0131\u011f\u0131n derinle\u015fmesi ve belirtilerin \u00e7o\u011falmas\u0131 s\u00f6z konusu olabilir. Bunal\u0131m belirtilerinin g\u00f6r\u00fclmeye ba\u015flad\u0131\u011f\u0131 ilk d\u00f6nemden itibaren te\u015fhis ve tedavi yoluna ba\u015fvurulmal\u0131d\u0131r.<\/p id=\"\" id=\"\" id=\"\" id=\"\" id=\"\" id=\"\" id=\"\" id=\"\" id=\"\" id=\"\" id=\"\" id=\"\" id=\"\" id=\"\" id=\"\" id=\"\" id=\"\" id=\"\" id=\"\" id=\"\" id=\"\" id=\"\" id=\"\" id=\"\" id=\"\" id=\"\" id=\"\" id=\"\" id=\"\" id=\"\" id=\"\" id=\"\" id=\"\" id=\"\" id=\"\" id=\"\" id=\"\" id=\"\" id=\"\" id=\"\" id=\"\" id=\"\" id=\"\" id=\"\" id=\"\" id=\"\" id=\"\" id=\"\" id=\"\" id=\"\" id=\"\" id=\"\" id=\"\" id=\"\" id=\"\" id=\"\" id=\"\" id=\"\" id=\"\" id=\"\" id=\"\">\n<h2 id=\"depresyon-ilacsiz-nasil-atlatilir\">Depresyon ila\u00e7s\u0131z nas\u0131l atlat\u0131l\u0131r?<\/h2 id=\"\" id=\"\" id=\"\" id=\"\" id=\"\" id=\"\" id=\"\" id=\"\" id=\"\" id=\"\" id=\"\" id=\"\" id=\"\" id=\"\" id=\"\" id=\"\" id=\"\" id=\"\" id=\"\" id=\"\" id=\"\" id=\"\" id=\"\" id=\"\" id=\"\" id=\"\" id=\"\" id=\"\" id=\"\" id=\"\" id=\"\" id=\"\" id=\"\" id=\"\" id=\"\" id=\"\" id=\"\" id=\"\" id=\"\" id=\"\" id=\"\" id=\"\" id=\"\" id=\"\" id=\"\" id=\"\" id=\"\" id=\"\" id=\"\" id=\"\" id=\"\" id=\"\" id=\"\" id=\"\" id=\"\" id=\"\" id=\"\" id=\"\" id=\"\" id=\"\" id=\"\">\n<p id=\"hafif-duzey-depresyon-vakalarinda-klinik-mudahaleler-ve-ilac-kullanimi-olmadan-tedavi-mumkundur-terapi-destegiyle-tedavi-edilen-hafif-duzey-depresyonlar-ilacsiz-sekilde-atlatilabilir-bunun-yapilabil\">Hafif d\u00fczey depresyon vakalar\u0131nda klinik m\u00fcdahaleler ve ila\u00e7 kullan\u0131m\u0131 olmadan tedavi m\u00fcmk\u00fcnd\u00fcr. Terapi deste\u011fiyle tedavi edilen hafif d\u00fczey depresyonlar ila\u00e7s\u0131z \u015fekilde atlat\u0131labilir. Bunun yap\u0131labilmesi i\u00e7in hastalar\u0131n alan\u0131nda uzman bir psikologdan destek almalar\u0131 gerekir.<\/p id=\"\" id=\"\" id=\"\" id=\"\" id=\"\" id=\"\" id=\"\" id=\"\" id=\"\" id=\"\" id=\"\" id=\"\" id=\"\" id=\"\" id=\"\" id=\"\" id=\"\" id=\"\" id=\"\" id=\"\" id=\"\" id=\"\" id=\"\" id=\"\" id=\"\" id=\"\" id=\"\" id=\"\" id=\"\" id=\"\" id=\"\" id=\"\" id=\"\" id=\"\" id=\"\" id=\"\" id=\"\" id=\"\" id=\"\" id=\"\" id=\"\" id=\"\" id=\"\" id=\"\" id=\"\" id=\"\" id=\"\" id=\"\" id=\"\" id=\"\" id=\"\" id=\"\" id=\"\" id=\"\" id=\"\" id=\"\" id=\"\" id=\"\" id=\"\" id=\"\" id=\"\">\n<h2 id=\"sari-kantaron-yagi-depresyon-icin-nasil-kullanilir\">Sar\u0131 kantaron ya\u011f\u0131 depresyon i\u00e7in nas\u0131l kullan\u0131l\u0131r?<\/h2 id=\"\" id=\"\" id=\"\" id=\"\" id=\"\" id=\"\" id=\"\" id=\"\" id=\"\" id=\"\" id=\"\" id=\"\" id=\"\" id=\"\" id=\"\" id=\"\" id=\"\" id=\"\" id=\"\" id=\"\" id=\"\" id=\"\" id=\"\" id=\"\" id=\"\" id=\"\" id=\"\" id=\"\" id=\"\" id=\"\" id=\"\" id=\"\" id=\"\" id=\"\" id=\"\" id=\"\" id=\"\" id=\"\" id=\"\" id=\"\" id=\"\" id=\"\" id=\"\" id=\"\" id=\"\" id=\"\" id=\"\" id=\"\" id=\"\" id=\"\" id=\"\" id=\"\" id=\"\" id=\"\" id=\"\" id=\"\" id=\"\" id=\"\" id=\"\" id=\"\" id=\"\">\n<p id=\"hafif-duzey-depresyon-vakalarinda-sari-kantaron-bitkisi-fitoterapi-kapsaminda-kullanilir-demleme-yoluyla-cay-yapilarak-gunde-iki-kez-tuketilen-sari-kantaron-bitkisinin-depresyon-belirtilerini-hafifle\">Hafif d\u00fczey depresyon vakalar\u0131nda sar\u0131 kantaron bitkisi fitoterapi kapsam\u0131nda kullan\u0131l\u0131r. Demleme yoluyla \u00e7ay yap\u0131larak g\u00fcnde iki kez t\u00fcketilen sar\u0131 kantaron bitkisinin depresyon belirtilerini hafifletti\u011fi ve kad\u0131nlarda kar\u0131n \u015fikayetlerine iyi geldi\u011fi bilinmektedir.<\/p id=\"\" id=\"\" id=\"\" id=\"\" id=\"\" id=\"\" id=\"\" id=\"\" id=\"\" id=\"\" id=\"\" id=\"\" id=\"\" id=\"\" id=\"\" id=\"\" id=\"\" id=\"\" id=\"\" id=\"\" id=\"\" id=\"\" id=\"\" id=\"\" id=\"\" id=\"\" id=\"\" id=\"\" id=\"\" id=\"\" id=\"\" id=\"\" id=\"\" id=\"\" id=\"\" id=\"\" id=\"\" id=\"\" id=\"\" id=\"\" id=\"\" id=\"\" id=\"\" id=\"\" id=\"\" id=\"\" id=\"\" id=\"\" id=\"\" id=\"\" id=\"\" id=\"\" id=\"\" id=\"\" id=\"\" id=\"\" id=\"\" id=\"\" id=\"\" id=\"\" id=\"\">\n<h2 id=\"dogum-sonrasi-depresyon-postpartum-ne-kadar-surer\">Do\u011fum sonras\u0131 depresyon (postpartum) ne kadar s\u00fcrer?<\/h2 id=\"\" id=\"\" id=\"\" id=\"\" id=\"\" id=\"\" id=\"\" id=\"\" id=\"\" id=\"\" id=\"\" id=\"\" id=\"\" id=\"\" id=\"\" id=\"\" id=\"\" id=\"\" id=\"\" id=\"\" id=\"\" id=\"\" id=\"\" id=\"\" id=\"\" id=\"\" id=\"\" id=\"\" id=\"\" id=\"\" id=\"\" id=\"\" id=\"\" id=\"\" id=\"\" id=\"\" id=\"\" id=\"\" id=\"\" id=\"\" id=\"\" id=\"\" id=\"\" id=\"\" id=\"\" id=\"\" id=\"\" id=\"\" id=\"\" id=\"\" id=\"\" id=\"\" id=\"\" id=\"\" id=\"\" id=\"\" id=\"\" id=\"\" id=\"\" id=\"\" id=\"\">\n<p id=\"dogum-yapmak-kadinlar-icin-hem-fizyolojik-hem-de-psikolojik-anlamda-etkin-degisimlerin-oldugu-bir-olaydir-bazi-kadinlarin-dogum-sonrasi-depresyon-belirtileri-gosterdigi-ve-dogum-sonrasi-depr\">Do\u011fum yapmak kad\u0131nlar i\u00e7in hem fizyolojik hem de psikolojik anlamda etkin de\u011fi\u015fimlerin oldu\u011fu bir olayd\u0131r. Baz\u0131 kad\u0131nlar\u0131n do\u011fum sonras\u0131 depresyon belirtileri g\u00f6sterdi\u011fi ve \u201cdo\u011fum sonras\u0131 depresyon\u201d hastal\u0131\u011f\u0131na yakaland\u0131\u011f\u0131 g\u00f6r\u00fclebilir. Esasen do\u011fum sonras\u0131 depresyon (postpartum), do\u011fumdan sonra kad\u0131nlar\u0131n mental anlamda hassas ve zay\u0131f olduklar\u0131 bu d\u00f6nemde normal depresyona yakalanmalar\u0131 s\u00fcrecidir. Bu s\u00fcre\u00e7 genellikle do\u011fumdan sonraki 2. haftada ba\u015flayarak en az 2 hafta s\u00fcrer fakat do\u011fum sonras\u0131nda 1 y\u0131l boyunca anne risk alt\u0131ndad\u0131r. Uzun s\u00fcreli do\u011fum sonras\u0131 depresyonlar\u0131n, 3 y\u0131la kadar s\u00fcrmesi s\u00f6z konusu olabilir.<\/p id=\"\" id=\"\" id=\"\" id=\"\" id=\"\" id=\"\" id=\"\" id=\"\" id=\"\" id=\"\" id=\"\" id=\"\" id=\"\" id=\"\" id=\"\" id=\"\" id=\"\" id=\"\" id=\"\" id=\"\" id=\"\" id=\"\" id=\"\" id=\"\" id=\"\" id=\"\" id=\"\" id=\"\" id=\"\" id=\"\" id=\"\" id=\"\" id=\"\" id=\"\" id=\"\" id=\"\" id=\"\" id=\"\" id=\"\" id=\"\" id=\"\" id=\"\" id=\"\" id=\"\" id=\"\" id=\"\" id=\"\" id=\"\" id=\"\" id=\"\" id=\"\" id=\"\" id=\"\" id=\"\" id=\"\" id=\"\" id=\"\" id=\"\" id=\"\" id=\"\" id=\"\">\n<h2 id=\"depresyondan-nasil-cikilir\">Depresyondan nas\u0131l \u00e7\u0131k\u0131l\u0131r?<\/h2 id=\"\" id=\"\" id=\"\" id=\"\" id=\"\" id=\"\" id=\"\" id=\"\" id=\"\" id=\"\" id=\"\" id=\"\" id=\"\" id=\"\" id=\"\" id=\"\" id=\"\" id=\"\" id=\"\" id=\"\" id=\"\" id=\"\" id=\"\" id=\"\" id=\"\" id=\"\" id=\"\" id=\"\" id=\"\" id=\"\" id=\"\" id=\"\" id=\"\" id=\"\" id=\"\" id=\"\" id=\"\" id=\"\" id=\"\" id=\"\" id=\"\" id=\"\" id=\"\" id=\"\" id=\"\" id=\"\" id=\"\" id=\"\" id=\"\" id=\"\" id=\"\" id=\"\" id=\"\" id=\"\" id=\"\" id=\"\" id=\"\" id=\"\" id=\"\" id=\"\" id=\"\">\n<p id=\"bunalim-cokuntu-hastaligindan-cikmak-isteyen-kisilerin-oncelikle-hastaliklarina-yonelik-profesyonel-teshis-icin-uzman-yardimi-almalari-gerekir-kategorisel-olarak-ayrim-yapilmasi-gereken-bu-hastalik\">Bunal\u0131m (\u00e7\u00f6k\u00fcnt\u00fc) hastal\u0131\u011f\u0131ndan \u00e7\u0131kmak isteyen ki\u015filerin \u00f6ncelikle hastal\u0131klar\u0131na y\u00f6nelik profesyonel te\u015fhis i\u00e7in uzman yard\u0131m\u0131 almalar\u0131 gerekir. Kategorisel olarak ayr\u0131m yap\u0131lmas\u0131 gereken bu hastal\u0131k i\u00e7in farkl\u0131 teknik ve y\u00f6ntemlerden tedavi amac\u0131yla faydalan\u0131l\u0131r. Dolay\u0131s\u0131yla uzmanlar\u0131n y\u00f6nlendirmelerine uygun hareket ederek ve klinik tedavilerde ila\u00e7 kullan\u0131m\u0131na uyarak depresyonun atlat\u0131lmas\u0131 m\u00fcmk\u00fcnd\u00fcr.<\/p id=\"\" id=\"\" id=\"\" id=\"\" id=\"\" id=\"\" id=\"\" id=\"\" id=\"\" id=\"\" id=\"\" id=\"\" id=\"\" id=\"\" id=\"\" id=\"\" id=\"\" id=\"\" id=\"\" id=\"\" id=\"\" id=\"\" id=\"\" id=\"\" id=\"\" id=\"\" id=\"\" id=\"\" id=\"\" id=\"\" id=\"\" id=\"\" id=\"\" id=\"\" id=\"\" id=\"\" id=\"\" id=\"\" id=\"\" id=\"\" id=\"\" id=\"\" id=\"\" id=\"\" id=\"\" id=\"\" id=\"\" id=\"\" id=\"\" id=\"\" id=\"\" id=\"\" id=\"\" id=\"\" id=\"\" id=\"\" id=\"\" id=\"\" id=\"\" id=\"\" id=\"\">\n<h2 id=\"depresyon-atagi-nasil-olur\">Depresyon ata\u011f\u0131 nas\u0131l olur?<\/h2 id=\"\" id=\"\" id=\"\" id=\"\" id=\"\" id=\"\" id=\"\" id=\"\" id=\"\" id=\"\" id=\"\" id=\"\" id=\"\" id=\"\" id=\"\" id=\"\" id=\"\" id=\"\" id=\"\" id=\"\" id=\"\" id=\"\" id=\"\" id=\"\" id=\"\" id=\"\" id=\"\" id=\"\" id=\"\" id=\"\" id=\"\" id=\"\" id=\"\" id=\"\" id=\"\" id=\"\" id=\"\" id=\"\" id=\"\" id=\"\" id=\"\" id=\"\" id=\"\" id=\"\" id=\"\" id=\"\" id=\"\" id=\"\" id=\"\" id=\"\" id=\"\" id=\"\" id=\"\" id=\"\" id=\"\" id=\"\" id=\"\" id=\"\" id=\"\" id=\"\" id=\"\">\n<p id=\"depresyon-ataklari-hastaliga-ait-belirtilerden-birinin-veya-birkacinin-bir-arada-aniden-yasanmasiyla-gerceklesir-aglama-krizleri-uykusuzluk-istahsizlik-mutsuzluk-ve-olumsuz-dusunceler-gibi-pek-cok\">Depresyon ataklar\u0131 hastal\u0131\u011fa ait belirtilerden birinin veya birka\u00e7\u0131n\u0131n bir arada aniden ya\u015fanmas\u0131yla ger\u00e7ekle\u015fir. A\u011flama krizleri, uykusuzluk, i\u015ftahs\u0131zl\u0131k, mutsuzluk ve olumsuz d\u00fc\u015f\u00fcnceler gibi pek \u00e7ok depresyon belirtisi depresyon ataklar\u0131nda bir arada g\u00f6r\u00fclebilir.<\/p id=\"\" id=\"\" id=\"\" id=\"\" id=\"\" id=\"\" id=\"\" id=\"\" id=\"\" id=\"\" id=\"\" id=\"\" id=\"\" id=\"\" id=\"\" id=\"\" id=\"\" id=\"\" id=\"\" id=\"\" id=\"\" id=\"\" id=\"\" id=\"\" id=\"\" id=\"\" id=\"\" id=\"\" id=\"\" id=\"\" id=\"\" id=\"\" id=\"\" id=\"\" id=\"\" id=\"\" id=\"\" id=\"\" id=\"\" id=\"\" id=\"\" id=\"\" id=\"\" id=\"\" id=\"\" id=\"\" id=\"\" id=\"\" id=\"\" id=\"\" id=\"\" id=\"\" id=\"\" id=\"\" id=\"\" id=\"\" id=\"\" id=\"\" id=\"\" id=\"\" id=\"\">\n<h2 id=\"depresyon-ilaclari-ne-ise-yarar\">Depresyon ila\u00e7lar\u0131 ne i\u015fe yarar?<\/h2 id=\"\" id=\"\" id=\"\" id=\"\" id=\"\" id=\"\" id=\"\" id=\"\" id=\"\" id=\"\" id=\"\" id=\"\" id=\"\" id=\"\" id=\"\" id=\"\" id=\"\" id=\"\" id=\"\" id=\"\" id=\"\" id=\"\" id=\"\" id=\"\" id=\"\" id=\"\" id=\"\" id=\"\" id=\"\" id=\"\" id=\"\" id=\"\" id=\"\" id=\"\" id=\"\" id=\"\" id=\"\" id=\"\" id=\"\" id=\"\" id=\"\" id=\"\" id=\"\" id=\"\" id=\"\" id=\"\" id=\"\" id=\"\" id=\"\" id=\"\" id=\"\" id=\"\" id=\"\" id=\"\" id=\"\" id=\"\" id=\"\" id=\"\" id=\"\" id=\"\" id=\"\">\n<p id=\"depresyon-ruhsal-bir-cokuntu-olmakla-birlikte-beyin-hastaligi-kategorisinde-de-yer-alir-hastaliga-yakalanan-kisilerde-cesitli-hormonal-bozulmalar-artis-ve-azalislar-gorulebilir-depresyon-ilaclari-h\">Depresyon ruhsal bir \u00e7\u00f6k\u00fcnt\u00fc olmakla birlikte beyin hastal\u0131\u011f\u0131 kategorisinde de yer al\u0131r. Hastal\u0131\u011fa yakalanan ki\u015filerde \u00e7e\u015fitli hormonal bozulmalar, art\u0131\u015f ve azal\u0131\u015flar g\u00f6r\u00fclebilir. Depresyon ila\u00e7lar\u0131 hastal\u0131k sebebiyle ya\u015fanan hormonal dengesizliklerin \u00f6nlenmesi ve d\u00fczenlenmesi, psikologlarla y\u00fcr\u00fct\u00fclen terapi s\u00fcrecine destek olmas\u0131 ve g\u00fcnl\u00fck aktivitelerde i\u015flevselli\u011fin kazan\u0131lmas\u0131 a\u00e7\u0131s\u0131ndan \u00f6nemlidir.<\/p id=\"\" id=\"\" id=\"\" id=\"\" id=\"\" id=\"\" id=\"\" id=\"\" id=\"\" id=\"\" id=\"\" id=\"\" id=\"\" id=\"\" id=\"\" id=\"\" id=\"\" id=\"\" id=\"\" id=\"\" id=\"\" id=\"\" id=\"\" id=\"\" id=\"\" id=\"\" id=\"\" id=\"\" id=\"\" id=\"\" id=\"\" id=\"\" id=\"\" id=\"\" id=\"\" id=\"\" id=\"\" id=\"\" id=\"\" id=\"\" id=\"\" id=\"\" id=\"\" id=\"\" id=\"\" id=\"\" id=\"\" id=\"\" id=\"\" id=\"\" id=\"\" id=\"\" id=\"\" id=\"\" id=\"\" id=\"\" id=\"\" id=\"\" id=\"\" id=\"\" id=\"\">\n<h2 id=\"alkol-sonrasi-depresyon-nasil-gecer\">Alkol sonras\u0131 depresyon nas\u0131l ge\u00e7er?<\/h2 id=\"\" id=\"\" id=\"\" id=\"\" id=\"\" id=\"\" id=\"\" id=\"\" id=\"\" id=\"\" id=\"\" id=\"\" id=\"\" id=\"\" id=\"\" id=\"\" id=\"\" id=\"\" id=\"\" id=\"\" id=\"\" id=\"\" id=\"\" id=\"\" id=\"\" id=\"\" id=\"\" id=\"\" id=\"\" id=\"\" id=\"\" id=\"\" id=\"\" id=\"\" id=\"\" id=\"\" id=\"\" id=\"\" id=\"\" id=\"\" id=\"\" id=\"\" id=\"\" id=\"\" id=\"\" id=\"\" id=\"\" id=\"\" id=\"\" id=\"\" id=\"\" id=\"\" id=\"\" id=\"\" id=\"\" id=\"\" id=\"\" id=\"\" id=\"\" id=\"\" id=\"\">\n<p id=\"asiri-alkol-tuketimi-veya-bagimliligi-sonrasi-geri-cekilme-doneminde-yasanan-depresyon-belirtileri-kisinin-yogun-olarak-depresif-hallere-suruklenmesine-sebep-olabilir-alkolun-beyindeki-serotonini-ta\">A\u015f\u0131r\u0131 alkol t\u00fcketimi veya ba\u011f\u0131ml\u0131l\u0131\u011f\u0131 sonras\u0131 geri \u00e7ekilme d\u00f6neminde ya\u015fanan depresyon belirtileri, ki\u015finin yo\u011fun olarak depresif hallere s\u00fcr\u00fcklenmesine sebep olabilir. Alkol\u00fcn beyindeki serotonini tamamen \u00e7ekmesi ve yeniden \u00fcretilebilmesini de olduk\u00e7a zor bir hale getirmesi, alkol kullan\u0131m\u0131n\u0131n hemen ard\u0131ndan depresyona sebep olur. Alkol sonras\u0131 depresyonun ge\u00e7mesi i\u00e7in uzman te\u015fhisinin ard\u0131ndan \u00e7e\u015fitli ila\u00e7 tedavileri veya terapi teknikleri uygulan\u0131r.<\/p id=\"\" id=\"\" id=\"\" id=\"\" id=\"\" id=\"\" id=\"\" id=\"\" id=\"\" id=\"\" id=\"\" id=\"\" id=\"\" id=\"\" id=\"\" id=\"\" id=\"\" id=\"\" id=\"\" id=\"\" id=\"\" id=\"\" id=\"\" id=\"\" id=\"\" id=\"\" id=\"\" id=\"\" id=\"\" id=\"\" id=\"\" id=\"\" id=\"\" id=\"\" id=\"\" id=\"\" id=\"\" id=\"\" id=\"\" id=\"\" id=\"\" id=\"\" id=\"\" id=\"\" id=\"\" id=\"\" id=\"\" id=\"\" id=\"\" id=\"\" id=\"\" id=\"\" id=\"\" id=\"\" id=\"\" id=\"\" id=\"\" id=\"\" id=\"\" id=\"\" id=\"\">\n<h2 id=\"dogum-sonrasi-depresyon-nasil-gecer\">Do\u011fum sonras\u0131 depresyon nas\u0131l ge\u00e7er?<\/h2 id=\"\" id=\"\" id=\"\" id=\"\" id=\"\" id=\"\" id=\"\" id=\"\" id=\"\" id=\"\" id=\"\" id=\"\" id=\"\" id=\"\" id=\"\" id=\"\" id=\"\" id=\"\" id=\"\" id=\"\" id=\"\" id=\"\" id=\"\" id=\"\" id=\"\" id=\"\" id=\"\" id=\"\" id=\"\" id=\"\" id=\"\" id=\"\" id=\"\" id=\"\" id=\"\" id=\"\" id=\"\" id=\"\" id=\"\" id=\"\" id=\"\" id=\"\" id=\"\" id=\"\" id=\"\" id=\"\" id=\"\" id=\"\" id=\"\" id=\"\" id=\"\" id=\"\" id=\"\" id=\"\" id=\"\" id=\"\" id=\"\" id=\"\" id=\"\" id=\"\" id=\"\">\n<p id=\"dogum-sonrasi-depresyon-genellikle-dogumun-ardindan-2-4-hafta-surecinde-baslar-ve-cesitli-tekniklerle-tedavi-edilir-bu-depresyona-yakalanan-kisilerin-depresyonu-atlatmak-icin-dogumdan-sonra-gorulen\">Do\u011fum sonras\u0131 depresyon genellikle do\u011fumun ard\u0131ndan 2.-4. hafta s\u00fcrecinde ba\u015flar ve \u00e7e\u015fitli tekniklerle tedavi edilir. Bu depresyona yakalanan ki\u015filerin depresyonu atlatmak i\u00e7in do\u011fumdan sonra g\u00f6r\u00fclen belirtilerin hemen ard\u0131ndan uzman deste\u011fi almas\u0131 gerekir.<\/p id=\"\" id=\"\" id=\"\" id=\"\" id=\"\" id=\"\" id=\"\" id=\"\" id=\"\" id=\"\" id=\"\" id=\"\" id=\"\" id=\"\" id=\"\" id=\"\" id=\"\" id=\"\" id=\"\" id=\"\" id=\"\" id=\"\" id=\"\" id=\"\" id=\"\" id=\"\" id=\"\" id=\"\" id=\"\" id=\"\" id=\"\" id=\"\" id=\"\" id=\"\" id=\"\" id=\"\" id=\"\" id=\"\" id=\"\" id=\"\" id=\"\" id=\"\" id=\"\" id=\"\" id=\"\" id=\"\" id=\"\" id=\"\" id=\"\" id=\"\" id=\"\" id=\"\" id=\"\" id=\"\" id=\"\" id=\"\" id=\"\" id=\"\" id=\"\" id=\"\" id=\"\">\n<p id=\"bu-belirtilerin-takip-edilmesi-acisindan-ilk-bir-hafta-kritiktir-bu-surecin-acilen-tedavi-edilmesi-anne-ve-bebek-icin-oldukca-kiymetlidir-hafif-duzey-vakalarda-farkli-terapi-teknikleriyle-ortalama\">Bu belirtilerin takip edilmesi a\u00e7\u0131s\u0131ndan ilk bir hafta kritiktir. Bu s\u00fcrecin acilen tedavi edilmesi, anne ve bebek i\u00e7in olduk\u00e7a k\u0131ymetlidir. Hafif d\u00fczey vakalarda farkl\u0131 terapi teknikleriyle ortalama 3-6 hafta i\u00e7erisinde iyile\u015fme s\u00fcrecine girilir. Bu s\u00fcre\u00e7te belirtiler azal\u0131r ve depresyon atlat\u0131l\u0131r.<\/p id=\"\" id=\"\" id=\"\" id=\"\" id=\"\" id=\"\" id=\"\" id=\"\" id=\"\" id=\"\" id=\"\" id=\"\" id=\"\" id=\"\" id=\"\" id=\"\" id=\"\" id=\"\" id=\"\" id=\"\" id=\"\" id=\"\" id=\"\" id=\"\" id=\"\" id=\"\" id=\"\" id=\"\" id=\"\" id=\"\" id=\"\" id=\"\" id=\"\" id=\"\" id=\"\" id=\"\" id=\"\" id=\"\" id=\"\" id=\"\" id=\"\" id=\"\" id=\"\" id=\"\" id=\"\" id=\"\" id=\"\" id=\"\" id=\"\" id=\"\" id=\"\" id=\"\" id=\"\" id=\"\" id=\"\" id=\"\" id=\"\" id=\"\" id=\"\" id=\"\" id=\"\">\n<h2 id=\"depresyon-belirtileri-nedir-nasil-tedavi-edilir\">Depresyon belirtileri nedir, nas\u0131l tedavi edilir?<\/h2 id=\"\" id=\"\" id=\"\" id=\"\" id=\"\" id=\"\" id=\"\" id=\"\" id=\"\" id=\"\" id=\"\" id=\"\" id=\"\" id=\"\" id=\"\" id=\"\" id=\"\" id=\"\" id=\"\" id=\"\" id=\"\" id=\"\" id=\"\" id=\"\" id=\"\" id=\"\" id=\"\" id=\"\" id=\"\" id=\"\" id=\"\" id=\"\" id=\"\" id=\"\" id=\"\" id=\"\" id=\"\" id=\"\" id=\"\" id=\"\" id=\"\" id=\"\" id=\"\" id=\"\" id=\"\" id=\"\" id=\"\" id=\"\" id=\"\" id=\"\" id=\"\" id=\"\" id=\"\" id=\"\" id=\"\" id=\"\" id=\"\" id=\"\" id=\"\" id=\"\" id=\"\">\n<p id=\"depresyon-hastaligi-farkli-derinlik-ve-turleri-olan-bir-psikopatoloji-olarak-kabul-edilir-ruhsal-cokuntu-hali-olarak-da-adlandirilan-bu-hastaligin-umutsuzluk-mutsuzluk-yasama-sevincinin-yok-olmasi\">Depresyon hastal\u0131\u011f\u0131 farkl\u0131 derinlik ve t\u00fcrleri olan bir psikopatoloji olarak kabul edilir. Ruhsal \u00e7\u00f6k\u00fcnt\u00fc hali olarak da adland\u0131r\u0131lan bu hastal\u0131\u011f\u0131n; umutsuzluk, mutsuzluk, ya\u015fama sevincinin yok olmas\u0131, yorgunluk, uykusuzluk ve olumsuz d\u00fc\u015f\u00fcnce d\u00f6ng\u00fcs\u00fc gibi \u00e7e\u015fitli belirtileri bulunur.<\/p id=\"\" id=\"\" id=\"\" id=\"\" id=\"\" id=\"\" id=\"\" id=\"\" id=\"\" id=\"\" id=\"\" id=\"\" id=\"\" id=\"\" id=\"\" id=\"\" id=\"\" id=\"\" id=\"\" id=\"\" id=\"\" id=\"\" id=\"\" id=\"\" id=\"\" id=\"\" id=\"\" id=\"\" id=\"\" id=\"\" id=\"\" id=\"\" id=\"\" id=\"\" id=\"\" id=\"\" id=\"\" id=\"\" id=\"\" id=\"\" id=\"\" id=\"\" id=\"\" id=\"\" id=\"\" id=\"\" id=\"\" id=\"\" id=\"\" id=\"\" id=\"\" id=\"\" id=\"\" id=\"\" id=\"\" id=\"\" id=\"\" id=\"\" id=\"\" id=\"\" id=\"\">\n<p id=\"hastaligin-turune-derinlik-durumuna-ve-seyrine-bagli-olarak-uzmanlar-tarafindan-karar-verilen-tedavi-surecleri-soz-konusudur-bazi-depresyon-vakalari-yalnizca-terapi-yontemleriyle-tedavi-edilirken-ba\">Hastal\u0131\u011f\u0131n t\u00fcr\u00fcne, derinlik durumuna ve seyrine ba\u011fl\u0131 olarak uzmanlar taraf\u0131ndan karar verilen tedavi s\u00fcre\u00e7leri s\u00f6z konusudur. Baz\u0131 depresyon vakalar\u0131 yaln\u0131zca terapi y\u00f6ntemleriyle tedavi edilirken baz\u0131lar\u0131nda ayn\u0131 anda ila\u00e7 kullan\u0131m\u0131 gerekebilir.<\/p id=\"\" id=\"\" id=\"\" id=\"\" id=\"\" id=\"\" id=\"\" id=\"\" id=\"\" id=\"\" id=\"\" id=\"\" id=\"\" id=\"\" id=\"\" id=\"\" id=\"\" id=\"\" id=\"\" id=\"\" id=\"\" id=\"\" id=\"\" id=\"\" id=\"\" id=\"\" id=\"\" id=\"\" id=\"\" id=\"\" id=\"\" id=\"\" id=\"\" id=\"\" id=\"\" id=\"\" id=\"\" id=\"\" id=\"\" id=\"\" id=\"\" id=\"\" id=\"\" id=\"\" id=\"\" id=\"\" id=\"\" id=\"\" id=\"\" id=\"\" id=\"\" id=\"\" id=\"\" id=\"\" id=\"\" id=\"\" id=\"\" id=\"\" id=\"\" id=\"\" id=\"\">\n<h2 id=\"depresyon-ilaclari-nasil-birakilir\">Depresyon ila\u00e7lar\u0131 nas\u0131l b\u0131rak\u0131l\u0131r?<\/h2 id=\"\" id=\"\" id=\"\" id=\"\" id=\"\" id=\"\" id=\"\" id=\"\" id=\"\" id=\"\" id=\"\" id=\"\" id=\"\" id=\"\" id=\"\" id=\"\" id=\"\" id=\"\" id=\"\" id=\"\" id=\"\" id=\"\" id=\"\" id=\"\" id=\"\" id=\"\" id=\"\" id=\"\" id=\"\" id=\"\" id=\"\" id=\"\" id=\"\" id=\"\" id=\"\" id=\"\" id=\"\" id=\"\" id=\"\" id=\"\" id=\"\" id=\"\" id=\"\" id=\"\" id=\"\" id=\"\" id=\"\" id=\"\" id=\"\" id=\"\" id=\"\" id=\"\" id=\"\" id=\"\" id=\"\" id=\"\" id=\"\" id=\"\" id=\"\" id=\"\" id=\"\">\n<p id=\"bunalim-hastaliginin-tedavisi-icin-kullanilan-ilaclar-iyilesme-surecinin-bir-parcasidir-depresyon-ilaclari-hastaligi-tedavi-eden-uzman-kontrolunde-kullanilir-birakma-surecinde-de-uzman-yonlendirmes\">Bunal\u0131m hastal\u0131\u011f\u0131n\u0131n tedavisi i\u00e7in kullan\u0131lan ila\u00e7lar iyile\u015fme s\u00fcrecinin bir par\u00e7as\u0131d\u0131r. Depresyon ila\u00e7lar\u0131, hastal\u0131\u011f\u0131 tedavi eden uzman kontrol\u00fcnde kullan\u0131l\u0131r. B\u0131rakma s\u00fcrecinde de uzman y\u00f6nlendirmesi dikkate al\u0131nmal\u0131d\u0131r.<\/p id=\"\" id=\"\" id=\"\" id=\"\" id=\"\" id=\"\" id=\"\" id=\"\" id=\"\" id=\"\" id=\"\" id=\"\" id=\"\" id=\"\" id=\"\" id=\"\" id=\"\" id=\"\" id=\"\" id=\"\" id=\"\" id=\"\" id=\"\" id=\"\" id=\"\" id=\"\" id=\"\" id=\"\" id=\"\" id=\"\" id=\"\" id=\"\" id=\"\" id=\"\" id=\"\" id=\"\" id=\"\" id=\"\" id=\"\" id=\"\" id=\"\" id=\"\" id=\"\" id=\"\" id=\"\" id=\"\" id=\"\" id=\"\" id=\"\" id=\"\" id=\"\" id=\"\" id=\"\" id=\"\" id=\"\" id=\"\" id=\"\" id=\"\" id=\"\" id=\"\" id=\"\">\n<p id=\"profesyonel-tedavi-sureclerinde-kullanilan-depresyon-ilaclari-ilgili-uzmanin-uygun-gormesi-halinde-yine-onun-yonlendirmeleriyle-dozaja-uygun-sekilde-birakilmalidir-hastalarin-ilaclari-doktor-kontrol\">Profesyonel tedavi s\u00fcre\u00e7lerinde kullan\u0131lan depresyon ila\u00e7lar\u0131, ilgili uzman\u0131n uygun g\u00f6rmesi halinde yine onun y\u00f6nlendirmeleriyle dozaja uygun \u015fekilde b\u0131rak\u0131lmal\u0131d\u0131r. Hastalar\u0131n ila\u00e7lar\u0131 doktor kontrol\u00fcnde kullanmalar\u0131 ve b\u0131rakmalar\u0131 gerekir.<\/p id=\"\" id=\"\" id=\"\" id=\"\" id=\"\" id=\"\" id=\"\" id=\"\" id=\"\" id=\"\" id=\"\" id=\"\" id=\"\" id=\"\" id=\"\" id=\"\" id=\"\" id=\"\" id=\"\" id=\"\" id=\"\" id=\"\" id=\"\" id=\"\" id=\"\" id=\"\" id=\"\" id=\"\" id=\"\" id=\"\" id=\"\" id=\"\" id=\"\" id=\"\" id=\"\" id=\"\" id=\"\" id=\"\" id=\"\" id=\"\" id=\"\" id=\"\" id=\"\" id=\"\" id=\"\" id=\"\" id=\"\" id=\"\" id=\"\" id=\"\" id=\"\" id=\"\" id=\"\" id=\"\" id=\"\" id=\"\" id=\"\" id=\"\" id=\"\" id=\"\" id=\"\">\n<p id=\"bununla-birlikte-depresyon-doneminde-kullanilan-ilaclara-alisma-sureci-ve-etki-etmesi-3-ila-4-haftayi-bulabilir-bu-surecte-pek-cok-hasta-yan-etkilerle-karsilasir-ilaci-bu-donemde-birakmak-ilaca-tek\">Bununla birlikte depresyon d\u00f6neminde kullan\u0131lan ila\u00e7lara al\u0131\u015fma s\u00fcreci ve etki etmesi 3 ila 4 haftay\u0131 bulabilir. Bu s\u00fcre\u00e7te pek \u00e7ok hasta yan etkilerle kar\u015f\u0131la\u015f\u0131r. \u0130lac\u0131 bu d\u00f6nemde b\u0131rakmak, ilaca tekrar ba\u015fland\u0131\u011f\u0131nda s\u00fcreci en ba\u015f\u0131na d\u00f6nd\u00fcr\u00fcr. Bu y\u00fczden ila\u00e7 kullan\u0131m\u0131nda istikrarl\u0131 ve kontroll\u00fc olunmas\u0131 gerekmektedir.<\/p id=\"\" id=\"\" id=\"\" id=\"\" id=\"\" id=\"\" id=\"\" id=\"\" id=\"\" id=\"\" id=\"\" id=\"\" id=\"\" id=\"\" id=\"\" id=\"\" id=\"\" id=\"\" id=\"\" id=\"\" id=\"\" id=\"\" id=\"\" id=\"\" id=\"\" id=\"\" id=\"\" id=\"\" id=\"\" id=\"\" id=\"\" id=\"\" id=\"\" id=\"\" id=\"\" id=\"\" id=\"\" id=\"\" id=\"\" id=\"\" id=\"\" id=\"\" id=\"\" id=\"\" id=\"\" id=\"\" id=\"\" id=\"\" id=\"\" id=\"\" id=\"\" id=\"\" id=\"\" id=\"\" id=\"\" id=\"\" id=\"\" id=\"\" id=\"\" id=\"\" id=\"\">\n","protected":false},"excerpt":{"rendered":"<p>Depresyon, pek \u00e7ok t\u00fcrde ve a\u011f\u0131rl\u0131kta olabilir. Hayat\u0131m\u0131z\u0131n \u00e7e\u015fitli d\u00f6nemlerinde depresyona yakalanma ihtimalimiz vard\u0131r. Depresyon \u00e7o\u011fu zaman g\u00fcnl\u00fck hayat\u0131 olumsuz etkileyen, i\u015flevselli\u011fi d\u00fc\u015f\u00fcren ve ki\u015finin hayat\u0131nda ciddi etkileri olabilecek bir psikopatolojidir. Hemen her bireyin ya\u015fam\u0131nda bir veya birden fazla kez tecr\u00fcbe edebilece\u011fi bir deneyimdir. Burada de\u011ferli olan bir an \u00f6nce bu duruma m\u00fcdahale edilmesi ve [&hellip;]<\/p>\n","protected":false},"author":3,"featured_media":3139,"comment_status":"open","ping_status":"open","sticky":false,"template":"","format":"standard","meta":{"footnotes":""},"categories":[24],"tags":[],"class_list":["post-3138","post","type-post","status-publish","format-standard","has-post-thumbnail","hentry","category-iyi-hisset"],"_links":{"self":[{"href":"https:\/\/hidoctor.health\/blog\/wp-json\/wp\/v2\/posts\/3138","targetHints":{"allow":["GET"]}}],"collection":[{"href":"https:\/\/hidoctor.health\/blog\/wp-json\/wp\/v2\/posts"}],"about":[{"href":"https:\/\/hidoctor.health\/blog\/wp-json\/wp\/v2\/types\/post"}],"author":[{"embeddable":true,"href":"https:\/\/hidoctor.health\/blog\/wp-json\/wp\/v2\/users\/3"}],"replies":[{"embeddable":true,"href":"https:\/\/hidoctor.health\/blog\/wp-json\/wp\/v2\/comments?post=3138"}],"version-history":[{"count":0,"href":"https:\/\/hidoctor.health\/blog\/wp-json\/wp\/v2\/posts\/3138\/revisions"}],"wp:featuredmedia":[{"embeddable":true,"href":"https:\/\/hidoctor.health\/blog\/wp-json\/wp\/v2\/media\/3139"}],"wp:attachment":[{"href":"https:\/\/hidoctor.health\/blog\/wp-json\/wp\/v2\/media?parent=3138"}],"wp:term":[{"taxonomy":"category","embeddable":true,"href":"https:\/\/hidoctor.health\/blog\/wp-json\/wp\/v2\/categories?post=3138"},{"taxonomy":"post_tag","embeddable":true,"href":"https:\/\/hidoctor.health\/blog\/wp-json\/wp\/v2\/tags?post=3138"}],"curies":[{"name":"wp","href":"https:\/\/api.w.org\/{rel}","templated":true}]}}