{"id":3113,"date":"2024-01-15T04:36:59","date_gmt":"2024-01-15T01:36:59","guid":{"rendered":"https:\/\/demo.garsoft.com.tr\/hidoctor\/?p=3113"},"modified":"2024-03-11T13:04:46","modified_gmt":"2024-03-11T10:04:46","slug":"unutkanlik-demans-nedir-unutkanlik-nasil-gecer","status":"publish","type":"post","link":"https:\/\/hidoctor.health\/blog\/unutkanlik-demans-nedir-unutkanlik-nasil-gecer\/","title":{"rendered":"Unutkanl\u0131k (Demans) Nedir? Unutkanl\u0131k Nas\u0131l Ge\u00e7er?"},"content":{"rendered":"<p>Unutkanl\u0131k, k\u00fc\u00e7\u00fckten b\u00fcy\u00fc\u011fe pek \u00e7ok bireyi etkileyen ve yayg\u0131n olan bir rahats\u0131zl\u0131kt\u0131r. Fizyolojik sebeplerin yan\u0131s\u0131ra hayat\u0131n\u0131zdaki bir tak\u0131m de\u011fi\u015fiklikler ve bunlar\u0131n getirdi\u011fi psikolojik sonu\u00e7larla da unutkanl\u0131k durumu ile m\u00fccadele etmeye ba\u015flayabilirsiniz. Ayr\u0131ca hemen herkesin hayat\u0131nda yer edinmi\u015f stres fakt\u00f6r\u00fc de unutkanl\u0131\u011f\u0131n ortaya \u00e7\u0131kmas\u0131nda ve geli\u015fmesinde b\u00fcy\u00fck rol oynar. E\u011fer unutkanl\u0131kla m\u00fccadele ediyorsan\u0131z, zaman kaybetmeden \u00f6ncelikle bir n\u00f6rolo\u011fa ard\u0131ndan unutkanl\u0131\u011f\u0131n\u0131z\u0131n as\u0131l sebebine g\u00f6re bir psikolo\u011fa veya psikiyatriste y\u00f6nelebilirsiniz. Unutkanl\u0131k i\u00e7in en do\u011fru m\u00fcdahaleleri HiDoctor \u00fczerinden psikolojik dan\u0131\u015fmanlar\u0131m\u0131zdan alabilir veya di\u011fer sa\u011fl\u0131k hizmetlerimizden de yararlanabilirsiniz.<\/p id=\"\" id=\"\" id=\"\" id=\"\" id=\"\" id=\"\" id=\"\" id=\"\" id=\"\" id=\"\" id=\"\" id=\"\" id=\"\" id=\"\" id=\"\" id=\"\" id=\"\" id=\"\" id=\"\" id=\"\" id=\"\" id=\"\" id=\"\" id=\"\" id=\"\" id=\"\" id=\"\" id=\"\" id=\"\" id=\"\" id=\"\" id=\"\" id=\"\" id=\"\" id=\"\" id=\"\" id=\"\" id=\"\" id=\"\" id=\"\" id=\"\" id=\"\" id=\"\" id=\"\" id=\"\" id=\"\" id=\"\" id=\"\" id=\"\" id=\"\" id=\"\" id=\"\" id=\"\" id=\"\">\n<p>Demans; unutkanl\u0131k belirtilerinin s\u0131k ya\u015fand\u0131\u011f\u0131 ve pek \u00e7ok hastal\u0131kla birlikte seyreden, sosyal\/\u00f6zel ya\u015fam\u0131 olumsuz etkileyen, \u00f6z bak\u0131m dahil olmak \u00fczere bir\u00e7ok alanda yeterlili\u011fi d\u00fc\u015f\u00fcren semptomlar b\u00fct\u00fcn\u00fcne verilen add\u0131r.<br \/ id=\"\" id=\"\" id=\"\" id=\"\" id=\"\" id=\"\" id=\"\" id=\"\" id=\"\" id=\"\" id=\"\" id=\"\" id=\"\" id=\"\" id=\"\" id=\"\" id=\"\" id=\"\" id=\"\" id=\"\" id=\"\" id=\"\" id=\"\" id=\"\" id=\"\" id=\"\" id=\"\" id=\"\" id=\"\" id=\"\" id=\"\" id=\"\" id=\"\" id=\"\" id=\"\" id=\"\" id=\"\" id=\"\" id=\"\" id=\"\" id=\"\" id=\"\" id=\"\" id=\"\" id=\"\" id=\"\" id=\"\" id=\"\" id=\"\" id=\"\" id=\"\" id=\"\" id=\"\" id=\"\">\nDemans\u0131n say\u0131s\u0131z t\u00fcr\u00fc bulunur. Bunlar aras\u0131nda en yayg\u0131n g\u00f6r\u00fclen t\u00fcrlerin ba\u015f\u0131nda Alzheimer demans\u0131 yer al\u0131r. \u0130kinci s\u0131rada ise inme sonras\u0131 g\u00f6r\u00fclen vask\u00fcler demans bulunur.<\/p id=\"\" id=\"\" id=\"\" id=\"\" id=\"\" id=\"\" id=\"\" id=\"\" id=\"\" id=\"\" id=\"\" id=\"\" id=\"\" id=\"\" id=\"\" id=\"\" id=\"\" id=\"\" id=\"\" id=\"\" id=\"\" id=\"\" id=\"\" id=\"\" id=\"\" id=\"\" id=\"\" id=\"\" id=\"\" id=\"\" id=\"\" id=\"\" id=\"\" id=\"\" id=\"\" id=\"\" id=\"\" id=\"\" id=\"\" id=\"\" id=\"\" id=\"\" id=\"\" id=\"\" id=\"\" id=\"\" id=\"\" id=\"\" id=\"\" id=\"\" id=\"\" id=\"\" id=\"\" id=\"\">\n<p>Halk i\u00e7inde unutkanl\u0131k, bunama vb. isimlerle an\u0131lan demans\u0131n olu\u015fum sebepleri, ba\u011fl\u0131 oldu\u011fu hastal\u0131klar veya ortaya \u00e7\u0131k\u0131\u015f \u015fekilleri birbirinden farkl\u0131 olabilir. Anlam bak\u0131m\u0131ndan \u201czihin\u201d s\u00f6zc\u00fc\u011f\u00fcnden t\u00fcretilen demans\u0131n haf\u0131za sorunlar\u0131yla bir ili\u015fkisi bulunur. Belirli ani demanslar\u0131n ortaya \u00e7\u0131k\u0131\u015f\u0131 g\u00f6zlemlenmi\u015f olsa da genel olarak bu sorunlar\u0131n olu\u015fumu bir s\u00fcreci kapsar.<\/p id=\"\" id=\"\" id=\"\" id=\"\" id=\"\" id=\"\" id=\"\" id=\"\" id=\"\" id=\"\" id=\"\" id=\"\" id=\"\" id=\"\" id=\"\" id=\"\" id=\"\" id=\"\" id=\"\" id=\"\" id=\"\" id=\"\" id=\"\" id=\"\" id=\"\" id=\"\" id=\"\" id=\"\" id=\"\" id=\"\" id=\"\" id=\"\" id=\"\" id=\"\" id=\"\" id=\"\" id=\"\" id=\"\" id=\"\" id=\"\" id=\"\" id=\"\" id=\"\" id=\"\" id=\"\" id=\"\" id=\"\" id=\"\" id=\"\" id=\"\" id=\"\" id=\"\" id=\"\" id=\"\">\n<p>\u00d6zellikle Alzheimer demans\u0131 yava\u015f yava\u015f ilerleyen, derinli\u011fi ve seviyesi hastal\u0131\u011fa ba\u011fl\u0131 olan demans t\u00fcrlerinden biridir. Bireylerin kendi ihtiya\u00e7lar\u0131n\u0131 dahi ihmal etti\u011fi durumlar son s\u00fcre\u00e7lerde ortaya \u00e7\u0131kar.<\/p id=\"\" id=\"\" id=\"\" id=\"\" id=\"\" id=\"\" id=\"\" id=\"\" id=\"\" id=\"\" id=\"\" id=\"\" id=\"\" id=\"\" id=\"\" id=\"\" id=\"\" id=\"\" id=\"\" id=\"\" id=\"\" id=\"\" id=\"\" id=\"\" id=\"\" id=\"\" id=\"\" id=\"\" id=\"\" id=\"\" id=\"\" id=\"\" id=\"\" id=\"\" id=\"\" id=\"\" id=\"\" id=\"\" id=\"\" id=\"\" id=\"\" id=\"\" id=\"\" id=\"\" id=\"\" id=\"\" id=\"\" id=\"\" id=\"\" id=\"\" id=\"\" id=\"\" id=\"\" id=\"\">\n<p>Baz\u0131 demanslar\u0131n ortaya \u00e7\u0131k\u0131\u015f\u0131nda ba\u011f\u0131l hastal\u0131klar\u0131n ilerleyi\u015fi rol oynarken; baz\u0131lar\u0131 i\u00e7in bir madde eksikli\u011fi veya yan etki s\u00f6z konusu olabilir. \u0130la\u00e7 kullan\u0131mlar\u0131ndan kaynakl\u0131 yan etkilerle veya v\u00fccuttaki bir maddenin optimal seviyenin alt\u0131na d\u00fc\u015fmesiyle ortaya \u00e7\u0131kan kay\u0131ts\u0131zl\u0131k hali (unutkanl\u0131k) geri d\u00f6n\u00fc\u015f\u00fc m\u00fcmk\u00fcn olan durumlard\u0131r ve tedavi edilebilir. Bu tarz demanslar i\u00e7in t\u0131bbi tedavi s\u00fcre\u00e7leri olumlu yan\u0131t verir.<\/p id=\"\" id=\"\" id=\"\" id=\"\" id=\"\" id=\"\" id=\"\" id=\"\" id=\"\" id=\"\" id=\"\" id=\"\" id=\"\" id=\"\" id=\"\" id=\"\" id=\"\" id=\"\" id=\"\" id=\"\" id=\"\" id=\"\" id=\"\" id=\"\" id=\"\" id=\"\" id=\"\" id=\"\" id=\"\" id=\"\" id=\"\" id=\"\" id=\"\" id=\"\" id=\"\" id=\"\" id=\"\" id=\"\" id=\"\" id=\"\" id=\"\" id=\"\" id=\"\" id=\"\" id=\"\" id=\"\" id=\"\" id=\"\" id=\"\" id=\"\" id=\"\" id=\"\" id=\"\" id=\"\">\n<h2 id=\"unutkanlik-hastaligi-demans-belirtileri-nelerdir\">Unutkanl\u0131k Hastal\u0131\u011f\u0131 (Demans) Belirtileri Nelerdir?<\/h2 id=\"\" id=\"\" id=\"\" id=\"\" id=\"\" id=\"\" id=\"\" id=\"\" id=\"\" id=\"\" id=\"\" id=\"\" id=\"\" id=\"\" id=\"\" id=\"\" id=\"\" id=\"\" id=\"\" id=\"\" id=\"\" id=\"\" id=\"\" id=\"\" id=\"\" id=\"\" id=\"\" id=\"\" id=\"\" id=\"\" id=\"\" id=\"\" id=\"\" id=\"\" id=\"\" id=\"\" id=\"\" id=\"\" id=\"\" id=\"\" id=\"\" id=\"\" id=\"\" id=\"\" id=\"\" id=\"\" id=\"\" id=\"\" id=\"\" id=\"\" id=\"\" id=\"\" id=\"\" id=\"\">\n<p id=\"unutkanlik-hastaligi-pek-cok-farkli-nedenle-ortaya-cikan-ve-her-vakada-farkli-seviyelerde-seyredebilen-bir-durumdur-bagil-sebeplerin-yansimasi-olarak-ortaya-cikan-demanslarda-daha-farkli-bir-ilerleme\">Unutkanl\u0131k hastal\u0131\u011f\u0131 pek \u00e7ok farkl\u0131 nedenle ortaya \u00e7\u0131kan ve her vakada farkl\u0131 seviyelerde seyredebilen bir durumdur. Ba\u011f\u0131l sebeplerin yans\u0131mas\u0131 olarak ortaya \u00e7\u0131kan demanslarda daha farkl\u0131 bir ilerleme h\u0131z\u0131, derinlik ve etki s\u00f6z konusu olurken; ani, yan etki olarak veya eksiklik dolay\u0131s\u0131yla ortaya \u00e7\u0131kan t\u00fcrlerin \u00f6zellikleri \u00e7ok daha farkl\u0131d\u0131r. Bu sebeple belirtilerde de birtak\u0131m de\u011fi\u015fiklikler s\u00f6z konusu olabilir.<\/p id=\"\" id=\"\" id=\"\" id=\"\" id=\"\" id=\"\" id=\"\" id=\"\" id=\"\" id=\"\" id=\"\" id=\"\" id=\"\" id=\"\" id=\"\" id=\"\" id=\"\" id=\"\" id=\"\" id=\"\" id=\"\" id=\"\" id=\"\" id=\"\" id=\"\" id=\"\" id=\"\" id=\"\" id=\"\" id=\"\" id=\"\" id=\"\" id=\"\" id=\"\" id=\"\" id=\"\" id=\"\" id=\"\" id=\"\" id=\"\" id=\"\" id=\"\" id=\"\" id=\"\" id=\"\" id=\"\" id=\"\" id=\"\" id=\"\" id=\"\" id=\"\" id=\"\" id=\"\" id=\"\">\n<p id=\"genel-olarak-demansin-belirtileri-arasinda-su-basliklari-saymak-mumkundur\">Genel olarak demans\u0131n belirtileri aras\u0131nda \u015fu ba\u015fl\u0131klar\u0131 saymak m\u00fcmk\u00fcnd\u00fcr:<\/p id=\"\" id=\"\" id=\"\" id=\"\" id=\"\" id=\"\" id=\"\" id=\"\" id=\"\" id=\"\" id=\"\" id=\"\" id=\"\" id=\"\" id=\"\" id=\"\" id=\"\" id=\"\" id=\"\" id=\"\" id=\"\" id=\"\" id=\"\" id=\"\" id=\"\" id=\"\" id=\"\" id=\"\" id=\"\" id=\"\" id=\"\" id=\"\" id=\"\" id=\"\" id=\"\" id=\"\" id=\"\" id=\"\" id=\"\" id=\"\" id=\"\" id=\"\" id=\"\" id=\"\" id=\"\" id=\"\" id=\"\" id=\"\" id=\"\" id=\"\" id=\"\" id=\"\" id=\"\" id=\"\">\n<ul id=\"\" id=\"\" id=\"\" id=\"\" id=\"\" id=\"\" id=\"\" id=\"\" id=\"\" id=\"\" id=\"\" id=\"\" id=\"\" id=\"\" id=\"\" id=\"\" id=\"\" id=\"\" id=\"\" id=\"\" id=\"\" id=\"\" id=\"\" id=\"\" id=\"\" id=\"\" id=\"\" id=\"\" id=\"\" id=\"\" id=\"\" id=\"\" id=\"\" id=\"\" id=\"\" id=\"\" id=\"\" id=\"\" id=\"\" id=\"\" id=\"\" id=\"\" id=\"\" id=\"\" id=\"\" id=\"\" id=\"\" id=\"\" id=\"\" id=\"\" id=\"\" id=\"\" id=\"\" id=\"\">\n<li>Bili\u015fsel farkl\u0131l\u0131klar<\/li id=\"\" id=\"\" id=\"\" id=\"\" id=\"\" id=\"\" id=\"\" id=\"\" id=\"\" id=\"\" id=\"\" id=\"\" id=\"\" id=\"\" id=\"\" id=\"\" id=\"\" id=\"\" id=\"\" id=\"\" id=\"\" id=\"\" id=\"\" id=\"\" id=\"\" id=\"\" id=\"\" id=\"\" id=\"\" id=\"\" id=\"\" id=\"\" id=\"\" id=\"\" id=\"\" id=\"\" id=\"\" id=\"\" id=\"\" id=\"\" id=\"\" id=\"\" id=\"\" id=\"\" id=\"\" id=\"\" id=\"\" id=\"\" id=\"\" id=\"\" id=\"\" id=\"\" id=\"\" id=\"\">\n<li>Haf\u0131za sorunlar\u0131 (yak\u0131n d\u00f6nem\/uzun d\u00f6nem)<\/li id=\"\" id=\"\" id=\"\" id=\"\" id=\"\" id=\"\" id=\"\" id=\"\" id=\"\" id=\"\" id=\"\" id=\"\" id=\"\" id=\"\" id=\"\" id=\"\" id=\"\" id=\"\" id=\"\" id=\"\" id=\"\" id=\"\" id=\"\" id=\"\" id=\"\" id=\"\" id=\"\" id=\"\" id=\"\" id=\"\" id=\"\" id=\"\" id=\"\" id=\"\" id=\"\" id=\"\" id=\"\" id=\"\" id=\"\" id=\"\" id=\"\" id=\"\" id=\"\" id=\"\" id=\"\" id=\"\" id=\"\" id=\"\" id=\"\" id=\"\" id=\"\" id=\"\" id=\"\" id=\"\">\n<li>\u0130leti\u015fim becerilerinde azalma, konu\u015fmada zorluk<\/li id=\"\" id=\"\" id=\"\" id=\"\" id=\"\" id=\"\" id=\"\" id=\"\" id=\"\" id=\"\" id=\"\" id=\"\" id=\"\" id=\"\" id=\"\" id=\"\" id=\"\" id=\"\" id=\"\" id=\"\" id=\"\" id=\"\" id=\"\" id=\"\" id=\"\" id=\"\" id=\"\" id=\"\" id=\"\" id=\"\" id=\"\" id=\"\" id=\"\" id=\"\" id=\"\" id=\"\" id=\"\" id=\"\" id=\"\" id=\"\" id=\"\" id=\"\" id=\"\" id=\"\" id=\"\" id=\"\" id=\"\" id=\"\" id=\"\" id=\"\" id=\"\" id=\"\" id=\"\" id=\"\">\n<li>Ak\u0131l y\u00fcr\u00fctme becerilerinde azalma<\/li id=\"\" id=\"\" id=\"\" id=\"\" id=\"\" id=\"\" id=\"\" id=\"\" id=\"\" id=\"\" id=\"\" id=\"\" id=\"\" id=\"\" id=\"\" id=\"\" id=\"\" id=\"\" id=\"\" id=\"\" id=\"\" id=\"\" id=\"\" id=\"\" id=\"\" id=\"\" id=\"\" id=\"\" id=\"\" id=\"\" id=\"\" id=\"\" id=\"\" id=\"\" id=\"\" id=\"\" id=\"\" id=\"\" id=\"\" id=\"\" id=\"\" id=\"\" id=\"\" id=\"\" id=\"\" id=\"\" id=\"\" id=\"\" id=\"\" id=\"\" id=\"\" id=\"\" id=\"\" id=\"\">\n<li>Karma\u015f\u0131k i\u015f veya fikirlere kar\u015f\u0131 zorlanma hissi<\/li id=\"\" id=\"\" id=\"\" id=\"\" id=\"\" id=\"\" id=\"\" id=\"\" id=\"\" id=\"\" id=\"\" id=\"\" id=\"\" id=\"\" id=\"\" id=\"\" id=\"\" id=\"\" id=\"\" id=\"\" id=\"\" id=\"\" id=\"\" id=\"\" id=\"\" id=\"\" id=\"\" id=\"\" id=\"\" id=\"\" id=\"\" id=\"\" id=\"\" id=\"\" id=\"\" id=\"\" id=\"\" id=\"\" id=\"\" id=\"\" id=\"\" id=\"\" id=\"\" id=\"\" id=\"\" id=\"\" id=\"\" id=\"\" id=\"\" id=\"\" id=\"\" id=\"\" id=\"\" id=\"\">\n<li>Motor becerilerinin k\u00f6relmesi, kaybolmas\u0131<\/li id=\"\" id=\"\" id=\"\" id=\"\" id=\"\" id=\"\" id=\"\" id=\"\" id=\"\" id=\"\" id=\"\" id=\"\" id=\"\" id=\"\" id=\"\" id=\"\" id=\"\" id=\"\" id=\"\" id=\"\" id=\"\" id=\"\" id=\"\" id=\"\" id=\"\" id=\"\" id=\"\" id=\"\" id=\"\" id=\"\" id=\"\" id=\"\" id=\"\" id=\"\" id=\"\" id=\"\" id=\"\" id=\"\" id=\"\" id=\"\" id=\"\" id=\"\" id=\"\" id=\"\" id=\"\" id=\"\" id=\"\" id=\"\" id=\"\" id=\"\" id=\"\" id=\"\" id=\"\" id=\"\">\n<li>Odaklanma problemleri<\/li id=\"\" id=\"\" id=\"\" id=\"\" id=\"\" id=\"\" id=\"\" id=\"\" id=\"\" id=\"\" id=\"\" id=\"\" id=\"\" id=\"\" id=\"\" id=\"\" id=\"\" id=\"\" id=\"\" id=\"\" id=\"\" id=\"\" id=\"\" id=\"\" id=\"\" id=\"\" id=\"\" id=\"\" id=\"\" id=\"\" id=\"\" id=\"\" id=\"\" id=\"\" id=\"\" id=\"\" id=\"\" id=\"\" id=\"\" id=\"\" id=\"\" id=\"\" id=\"\" id=\"\" id=\"\" id=\"\" id=\"\" id=\"\" id=\"\" id=\"\" id=\"\" id=\"\" id=\"\" id=\"\">\n<li>Psikolojik de\u011fi\u015fim belirtileri<\/li id=\"\" id=\"\" id=\"\" id=\"\" id=\"\" id=\"\" id=\"\" id=\"\" id=\"\" id=\"\" id=\"\" id=\"\" id=\"\" id=\"\" id=\"\" id=\"\" id=\"\" id=\"\" id=\"\" id=\"\" id=\"\" id=\"\" id=\"\" id=\"\" id=\"\" id=\"\" id=\"\" id=\"\" id=\"\" id=\"\" id=\"\" id=\"\" id=\"\" id=\"\" id=\"\" id=\"\" id=\"\" id=\"\" id=\"\" id=\"\" id=\"\" id=\"\" id=\"\" id=\"\" id=\"\" id=\"\" id=\"\" id=\"\" id=\"\" id=\"\" id=\"\" id=\"\" id=\"\" id=\"\">\n<li>Bunal\u0131m (\u00e7\u00f6k\u00fcnt\u00fc) belirtileri<\/li id=\"\" id=\"\" id=\"\" id=\"\" id=\"\" id=\"\" id=\"\" id=\"\" id=\"\" id=\"\" id=\"\" id=\"\" id=\"\" id=\"\" id=\"\" id=\"\" id=\"\" id=\"\" id=\"\" id=\"\" id=\"\" id=\"\" id=\"\" id=\"\" id=\"\" id=\"\" id=\"\" id=\"\" id=\"\" id=\"\" id=\"\" id=\"\" id=\"\" id=\"\" id=\"\" id=\"\" id=\"\" id=\"\" id=\"\" id=\"\" id=\"\" id=\"\" id=\"\" id=\"\" id=\"\" id=\"\" id=\"\" id=\"\" id=\"\" id=\"\" id=\"\" id=\"\" id=\"\" id=\"\">\n<\/ul id=\"\" id=\"\" id=\"\" id=\"\" id=\"\" id=\"\" id=\"\" id=\"\" id=\"\" id=\"\" id=\"\" id=\"\" id=\"\" id=\"\" id=\"\" id=\"\" id=\"\" id=\"\" id=\"\" id=\"\" id=\"\" id=\"\" id=\"\" id=\"\" id=\"\" id=\"\" id=\"\" id=\"\" id=\"\" id=\"\" id=\"\" id=\"\" id=\"\" id=\"\" id=\"\" id=\"\" id=\"\" id=\"\" id=\"\" id=\"\" id=\"\" id=\"\" id=\"\" id=\"\" id=\"\" id=\"\" id=\"\" id=\"\" id=\"\" id=\"\" id=\"\" id=\"\" id=\"\" id=\"\">\n<p id=\"asiri-unutkanlik-hastaliginin-ortaya-cikisinda-birbirinden-farkli-belirtilerin-bir-arada-gorulmesi-mumkundur-her-demans-hastaligi-icin-tum-belirtilerin-bir-arada-gorulmesi-gerekmez-ancak-demansa-yon\">A\u015f\u0131r\u0131 unutkanl\u0131k hastal\u0131\u011f\u0131n\u0131n ortaya \u00e7\u0131k\u0131\u015f\u0131nda birbirinden farkl\u0131 belirtilerin bir arada g\u00f6r\u00fclmesi m\u00fcmk\u00fcnd\u00fcr. Her demans hastal\u0131\u011f\u0131 i\u00e7in t\u00fcm belirtilerin bir arada g\u00f6r\u00fclmesi gerekmez. Ancak demansa y\u00f6nelik genel belirtilerin bir\u00e7o\u011fu tekil olarak ortaya \u00e7\u0131kmaz ve birka\u00e7\u0131 bir arada g\u00f6r\u00fcl\u00fcr.<\/p id=\"\" id=\"\" id=\"\" id=\"\" id=\"\" id=\"\" id=\"\" id=\"\" id=\"\" id=\"\" id=\"\" id=\"\" id=\"\" id=\"\" id=\"\" id=\"\" id=\"\" id=\"\" id=\"\" id=\"\" id=\"\" id=\"\" id=\"\" id=\"\" id=\"\" id=\"\" id=\"\" id=\"\" id=\"\" id=\"\" id=\"\" id=\"\" id=\"\" id=\"\" id=\"\" id=\"\" id=\"\" id=\"\" id=\"\" id=\"\" id=\"\" id=\"\" id=\"\" id=\"\" id=\"\" id=\"\" id=\"\" id=\"\" id=\"\" id=\"\" id=\"\" id=\"\" id=\"\" id=\"\">\n<p id=\"unutkanlik-belirtileri-fark-edildiginde-hastaligin-veya-altta-yatan-sebeplerin-ilerleme-kaydetmemesi-adina-tibbi-muayene-ve-tedavi-destegine-basvurulmasi-zaman-kazanmak-bakimindan-oldukca-onemli-bir\">Unutkanl\u0131k belirtileri fark edildi\u011finde hastal\u0131\u011f\u0131n veya altta yatan sebeplerin ilerleme kaydetmemesi ad\u0131na t\u0131bbi muayene ve tedavi deste\u011fine ba\u015fvurulmas\u0131, zaman kazanmak bak\u0131m\u0131ndan olduk\u00e7a \u00f6nemli bir husustur.<\/p id=\"\" id=\"\" id=\"\" id=\"\" id=\"\" id=\"\" id=\"\" id=\"\" id=\"\" id=\"\" id=\"\" id=\"\" id=\"\" id=\"\" id=\"\" id=\"\" id=\"\" id=\"\" id=\"\" id=\"\" id=\"\" id=\"\" id=\"\" id=\"\" id=\"\" id=\"\" id=\"\" id=\"\" id=\"\" id=\"\" id=\"\" id=\"\" id=\"\" id=\"\" id=\"\" id=\"\" id=\"\" id=\"\" id=\"\" id=\"\" id=\"\" id=\"\" id=\"\" id=\"\" id=\"\" id=\"\" id=\"\" id=\"\" id=\"\" id=\"\" id=\"\" id=\"\" id=\"\" id=\"\">\n<h2 id=\"unutkanlik-hastaligi-demans-icin-hangi-doktora-gidilir\">Unutkanl\u0131k Hastal\u0131\u011f\u0131 (Demans) \u0130\u00e7in Hangi Doktora Gidilir?<\/h2 id=\"\" id=\"\" id=\"\" id=\"\" id=\"\" id=\"\" id=\"\" id=\"\" id=\"\" id=\"\" id=\"\" id=\"\" id=\"\" id=\"\" id=\"\" id=\"\" id=\"\" id=\"\" id=\"\" id=\"\" id=\"\" id=\"\" id=\"\" id=\"\" id=\"\" id=\"\" id=\"\" id=\"\" id=\"\" id=\"\" id=\"\" id=\"\" id=\"\" id=\"\" id=\"\" id=\"\" id=\"\" id=\"\" id=\"\" id=\"\" id=\"\" id=\"\" id=\"\" id=\"\" id=\"\" id=\"\" id=\"\" id=\"\" id=\"\" id=\"\" id=\"\" id=\"\" id=\"\" id=\"\">\n<p id=\"unutkanlik-nedenleri-arastirilirken-tibbi-destege-basvuran-kisilerin-belirli-adimlari-uygulamasi-gerekir-oncelikle-yasanan-durumun-altinda-yatan-sebeplerin-incelenmesi-ve-fiziki-bir-hastaliktan-kayna\">Unutkanl\u0131k nedenleri ara\u015ft\u0131r\u0131l\u0131rken t\u0131bbi deste\u011fe ba\u015fvuran ki\u015filerin belirli ad\u0131mlar\u0131 uygulamas\u0131 gerekir. \u00d6ncelikle ya\u015fanan durumun alt\u0131nda yatan sebeplerin incelenmesi ve fiziki bir hastal\u0131ktan kaynakl\u0131 olup olmad\u0131\u011f\u0131n\u0131n anla\u015f\u0131lmas\u0131 gerekir. \u00c7\u00fcnk\u00fc \u00e7o\u011fu fiziksel hastal\u0131k i\u00e7in demans bir haberci niteli\u011findedir.<\/p id=\"\" id=\"\" id=\"\" id=\"\" id=\"\" id=\"\" id=\"\" id=\"\" id=\"\" id=\"\" id=\"\" id=\"\" id=\"\" id=\"\" id=\"\" id=\"\" id=\"\" id=\"\" id=\"\" id=\"\" id=\"\" id=\"\" id=\"\" id=\"\" id=\"\" id=\"\" id=\"\" id=\"\" id=\"\" id=\"\" id=\"\" id=\"\" id=\"\" id=\"\" id=\"\" id=\"\" id=\"\" id=\"\" id=\"\" id=\"\" id=\"\" id=\"\" id=\"\" id=\"\" id=\"\" id=\"\" id=\"\" id=\"\" id=\"\" id=\"\" id=\"\" id=\"\" id=\"\" id=\"\">\n<p id=\"bu-baglamda-unutkanlik-hastaligi-icin-ilk-olarak-noroloji-bolumune-basvurulur-ve-tibbi-tetkik-sureci-baslatilir-hekim-tarafindan-yasanan-belirtilerin-hafiza-zayifligi-asiri-unutkanlik-vb-fiziki-b\">Bu ba\u011flamda unutkanl\u0131k hastal\u0131\u011f\u0131 i\u00e7in ilk olarak n\u00f6roloji b\u00f6l\u00fcm\u00fcne ba\u015fvurulur ve t\u0131bbi tetkik s\u00fcreci ba\u015flat\u0131l\u0131r. Hekim taraf\u0131ndan ya\u015fanan belirtilerin (haf\u0131za zay\u0131fl\u0131\u011f\u0131, a\u015f\u0131r\u0131 unutkanl\u0131k vb.) fiziki bir sebebe ba\u011fl\u0131 olmad\u0131\u011f\u0131na kanaat getirilirse psikiyatri b\u00f6l\u00fcm\u00fcne ba\u015fvurulur. \u00c7\u00fcnk\u00fc pek \u00e7ok psikolojik hastal\u0131k i\u00e7in de demans g\u00fc\u00e7l\u00fc semptomlardan biridir.<\/p id=\"\" id=\"\" id=\"\" id=\"\" id=\"\" id=\"\" id=\"\" id=\"\" id=\"\" id=\"\" id=\"\" id=\"\" id=\"\" id=\"\" id=\"\" id=\"\" id=\"\" id=\"\" id=\"\" id=\"\" id=\"\" id=\"\" id=\"\" id=\"\" id=\"\" id=\"\" id=\"\" id=\"\" id=\"\" id=\"\" id=\"\" id=\"\" id=\"\" id=\"\" id=\"\" id=\"\" id=\"\" id=\"\" id=\"\" id=\"\" id=\"\" id=\"\" id=\"\" id=\"\" id=\"\" id=\"\" id=\"\" id=\"\" id=\"\" id=\"\" id=\"\" id=\"\" id=\"\" id=\"\">\n<h2 id=\"asiri-unutkanlik-demans-ve-halsizlik-nedenleri-nelerdir\">A\u015f\u0131r\u0131 Unutkanl\u0131k (Demans) ve Halsizlik Nedenleri Nelerdir?<\/h2 id=\"\" id=\"\" id=\"\" id=\"\" id=\"\" id=\"\" id=\"\" id=\"\" id=\"\" id=\"\" id=\"\" id=\"\" id=\"\" id=\"\" id=\"\" id=\"\" id=\"\" id=\"\" id=\"\" id=\"\" id=\"\" id=\"\" id=\"\" id=\"\" id=\"\" id=\"\" id=\"\" id=\"\" id=\"\" id=\"\" id=\"\" id=\"\" id=\"\" id=\"\" id=\"\" id=\"\" id=\"\" id=\"\" id=\"\" id=\"\" id=\"\" id=\"\" id=\"\" id=\"\" id=\"\" id=\"\" id=\"\" id=\"\" id=\"\" id=\"\" id=\"\" id=\"\" id=\"\" id=\"\">\n<p>Unutkanl\u0131k sebepleri aras\u0131nda fiziki ve psikolojik olarak pek \u00e7ok hastal\u0131k say\u0131labilir. Bu hastal\u0131klar\u0131n b\u00fct\u00fcnsel s\u00fcrece dayal\u0131 bir belirtisi olarak da ortaya \u00e7\u0131kabilen demanslar\u0131n ilgili hastal\u0131k tedavileriyle azalt\u0131lmas\u0131 m\u00fcmk\u00fcnd\u00fcr.<br \/ id=\"\" id=\"\" id=\"\" id=\"\" id=\"\" id=\"\" id=\"\" id=\"\" id=\"\" id=\"\" id=\"\" id=\"\" id=\"\" id=\"\" id=\"\" id=\"\" id=\"\" id=\"\" id=\"\" id=\"\" id=\"\" id=\"\" id=\"\" id=\"\" id=\"\" id=\"\" id=\"\" id=\"\" id=\"\" id=\"\" id=\"\" id=\"\" id=\"\" id=\"\" id=\"\" id=\"\" id=\"\" id=\"\" id=\"\" id=\"\" id=\"\" id=\"\" id=\"\" id=\"\" id=\"\" id=\"\" id=\"\" id=\"\" id=\"\" id=\"\" id=\"\" id=\"\" id=\"\" id=\"\">\nBazen de v\u00fccudun ihtiya\u00e7 duydu\u011fu maddelerden, \u00f6zellikle vitaminlerin eksikli\u011finden dolay\u0131 a\u015f\u0131r\u0131 unutkanl\u0131k ve halsizlik ya\u015fanabilir. Bu durumda uzman hekim kontrol\u00fcnde ila\u00e7 ve takviye tedavilerine ba\u015flanarak eksiklik tamamlan\u0131r ve belirtilerin azalmas\u0131 sa\u011flan\u0131r.<\/p id=\"\" id=\"\" id=\"\" id=\"\" id=\"\" id=\"\" id=\"\" id=\"\" id=\"\" id=\"\" id=\"\" id=\"\" id=\"\" id=\"\" id=\"\" id=\"\" id=\"\" id=\"\" id=\"\" id=\"\" id=\"\" id=\"\" id=\"\" id=\"\" id=\"\" id=\"\" id=\"\" id=\"\" id=\"\" id=\"\" id=\"\" id=\"\" id=\"\" id=\"\" id=\"\" id=\"\" id=\"\" id=\"\" id=\"\" id=\"\" id=\"\" id=\"\" id=\"\" id=\"\" id=\"\" id=\"\" id=\"\" id=\"\" id=\"\" id=\"\" id=\"\" id=\"\" id=\"\" id=\"\">\n<h2 id=\"cocuklarda-genc-yasta-unutkanlik-demans-neden-olur\">\u00c7ocuklarda Gen\u00e7 Ya\u015fta Unutkanl\u0131k (Demans) Neden Olur?<\/h2 id=\"\" id=\"\" id=\"\" id=\"\" id=\"\" id=\"\" id=\"\" id=\"\" id=\"\" id=\"\" id=\"\" id=\"\" id=\"\" id=\"\" id=\"\" id=\"\" id=\"\" id=\"\" id=\"\" id=\"\" id=\"\" id=\"\" id=\"\" id=\"\" id=\"\" id=\"\" id=\"\" id=\"\" id=\"\" id=\"\" id=\"\" id=\"\" id=\"\" id=\"\" id=\"\" id=\"\" id=\"\" id=\"\" id=\"\" id=\"\" id=\"\" id=\"\" id=\"\" id=\"\" id=\"\" id=\"\" id=\"\" id=\"\" id=\"\" id=\"\" id=\"\" id=\"\" id=\"\" id=\"\">\n<p id=\"unutkanligin-yaygin-olarak-goruldugu-yas-grubunda-orta-yas-ve-ileri-yas-bireyler-yer-alir-ancak-bazi-vakalarda-cocuklarin-da-demansa-yonelik-belirtiler-gosterdikleri-gozlemlenmistir-cocuklarda-unutk\">Unutkanl\u0131\u011f\u0131n yayg\u0131n olarak g\u00f6r\u00fcld\u00fc\u011f\u00fc ya\u015f grubunda orta ya\u015f ve ileri ya\u015f bireyler yer al\u0131r. Ancak baz\u0131 vakalarda \u00e7ocuklar\u0131n da demansa y\u00f6nelik belirtiler g\u00f6sterdikleri g\u00f6zlemlenmi\u015ftir. \u00c7ocuklarda unutkanl\u0131k nedenleri \u00e7e\u015fitli hastal\u0131klarla ba\u011flant\u0131l\u0131 olabilmekle birlikte genel olarak vitamin eksikli\u011fiyle ilgili olabilir.<\/p id=\"\" id=\"\" id=\"\" id=\"\" id=\"\" id=\"\" id=\"\" id=\"\" id=\"\" id=\"\" id=\"\" id=\"\" id=\"\" id=\"\" id=\"\" id=\"\" id=\"\" id=\"\" id=\"\" id=\"\" id=\"\" id=\"\" id=\"\" id=\"\" id=\"\" id=\"\" id=\"\" id=\"\" id=\"\" id=\"\" id=\"\" id=\"\" id=\"\" id=\"\" id=\"\" id=\"\" id=\"\" id=\"\" id=\"\" id=\"\" id=\"\" id=\"\" id=\"\" id=\"\" id=\"\" id=\"\" id=\"\" id=\"\" id=\"\" id=\"\" id=\"\" id=\"\" id=\"\" id=\"\">\n<p id=\"vucutlarinin-ihtiyac-duydugu-ve-hormonal-gelisimlerini-de-destekleyen-maddeleri-alamayan-veya-eksik-alan-cocuklarda-bazi-demans-semptomlari-ortaya-cikabilir-bilhassa-b12-eksikligi-unutkanlik-yasanmas\">V\u00fccutlar\u0131n\u0131n ihtiya\u00e7 duydu\u011fu ve hormonal geli\u015fimlerini de destekleyen maddeleri alamayan veya eksik alan \u00e7ocuklarda baz\u0131 demans semptomlar\u0131 ortaya \u00e7\u0131kabilir. Bilhassa B12 eksikli\u011fi unutkanl\u0131k ya\u015fanmas\u0131na sebep olan durumlar\u0131n ba\u015f\u0131nda yer al\u0131r.<\/p id=\"\" id=\"\" id=\"\" id=\"\" id=\"\" id=\"\" id=\"\" id=\"\" id=\"\" id=\"\" id=\"\" id=\"\" id=\"\" id=\"\" id=\"\" id=\"\" id=\"\" id=\"\" id=\"\" id=\"\" id=\"\" id=\"\" id=\"\" id=\"\" id=\"\" id=\"\" id=\"\" id=\"\" id=\"\" id=\"\" id=\"\" id=\"\" id=\"\" id=\"\" id=\"\" id=\"\" id=\"\" id=\"\" id=\"\" id=\"\" id=\"\" id=\"\" id=\"\" id=\"\" id=\"\" id=\"\" id=\"\" id=\"\" id=\"\" id=\"\" id=\"\" id=\"\" id=\"\" id=\"\">\n<h2 id=\"hamilelikte-gebelikte-unutkanlik-demans-neden-olur\">Hamilelikte (Gebelikte) Unutkanl\u0131k (Demans) Neden Olur?<\/h2 id=\"\" id=\"\" id=\"\" id=\"\" id=\"\" id=\"\" id=\"\" id=\"\" id=\"\" id=\"\" id=\"\" id=\"\" id=\"\" id=\"\" id=\"\" id=\"\" id=\"\" id=\"\" id=\"\" id=\"\" id=\"\" id=\"\" id=\"\" id=\"\" id=\"\" id=\"\" id=\"\" id=\"\" id=\"\" id=\"\" id=\"\" id=\"\" id=\"\" id=\"\" id=\"\" id=\"\" id=\"\" id=\"\" id=\"\" id=\"\" id=\"\" id=\"\" id=\"\" id=\"\" id=\"\" id=\"\" id=\"\" id=\"\" id=\"\" id=\"\" id=\"\" id=\"\" id=\"\" id=\"\">\n<p id=\"hamilelikte-unutkanlik-sik-rastlanan-durumlardan-biridir-bunun-pek-cok-sebebi-olmakla-birlikte-kadinlarin-fiziksel-zihinsel-ve-psikolojik-olarak-en-buyuk-donusumleri-yasadigi-gebelik-surecinde-deman\">Hamilelikte unutkanl\u0131k s\u0131k rastlanan durumlardan biridir. Bunun pek \u00e7ok sebebi olmakla birlikte kad\u0131nlar\u0131n fiziksel, zihinsel ve psikolojik olarak en b\u00fcy\u00fck d\u00f6n\u00fc\u015f\u00fcmleri ya\u015fad\u0131\u011f\u0131 gebelik s\u00fcrecinde demans semptomlar\u0131n\u0131n ya\u015fanmas\u0131 genellikle vitamin eksikli\u011finden kaynaklanabilir.<\/p id=\"\" id=\"\" id=\"\" id=\"\" id=\"\" id=\"\" id=\"\" id=\"\" id=\"\" id=\"\" id=\"\" id=\"\" id=\"\" id=\"\" id=\"\" id=\"\" id=\"\" id=\"\" id=\"\" id=\"\" id=\"\" id=\"\" id=\"\" id=\"\" id=\"\" id=\"\" id=\"\" id=\"\" id=\"\" id=\"\" id=\"\" id=\"\" id=\"\" id=\"\" id=\"\" id=\"\" id=\"\" id=\"\" id=\"\" id=\"\" id=\"\" id=\"\" id=\"\" id=\"\" id=\"\" id=\"\" id=\"\" id=\"\" id=\"\" id=\"\" id=\"\" id=\"\" id=\"\" id=\"\">\n<p id=\"normalde-vucudun-ihtiyac-duydugu-vitamin-mineral-ve-kimyasallara-gebelik-doneminde-cok-daha-yogun-sekilde-ihtiyac-duyulabilir-bunlarin-eksikliginden-oturu-anlik-unutkanlik-genel-demans-belirtileri\">Normalde v\u00fccudun ihtiya\u00e7 duydu\u011fu vitamin, mineral ve kimyasallara gebelik d\u00f6neminde \u00e7ok daha yo\u011fun \u015fekilde ihtiya\u00e7 duyulabilir. Bunlar\u0131n eksikli\u011finden \u00f6t\u00fcr\u00fc anl\u0131k unutkanl\u0131k, genel demans belirtileri ortaya \u00e7\u0131kabilir.<\/p id=\"\" id=\"\" id=\"\" id=\"\" id=\"\" id=\"\" id=\"\" id=\"\" id=\"\" id=\"\" id=\"\" id=\"\" id=\"\" id=\"\" id=\"\" id=\"\" id=\"\" id=\"\" id=\"\" id=\"\" id=\"\" id=\"\" id=\"\" id=\"\" id=\"\" id=\"\" id=\"\" id=\"\" id=\"\" id=\"\" id=\"\" id=\"\" id=\"\" id=\"\" id=\"\" id=\"\" id=\"\" id=\"\" id=\"\" id=\"\" id=\"\" id=\"\" id=\"\" id=\"\" id=\"\" id=\"\" id=\"\" id=\"\" id=\"\" id=\"\" id=\"\" id=\"\" id=\"\" id=\"\">\n<h2 id=\"yaslilikta-unutkanlik-demans-neden-olur\">Ya\u015fl\u0131l\u0131kta Unutkanl\u0131k (Demans) Neden Olur?<\/h2 id=\"\" id=\"\" id=\"\" id=\"\" id=\"\" id=\"\" id=\"\" id=\"\" id=\"\" id=\"\" id=\"\" id=\"\" id=\"\" id=\"\" id=\"\" id=\"\" id=\"\" id=\"\" id=\"\" id=\"\" id=\"\" id=\"\" id=\"\" id=\"\" id=\"\" id=\"\" id=\"\" id=\"\" id=\"\" id=\"\" id=\"\" id=\"\" id=\"\" id=\"\" id=\"\" id=\"\" id=\"\" id=\"\" id=\"\" id=\"\" id=\"\" id=\"\" id=\"\" id=\"\" id=\"\" id=\"\" id=\"\" id=\"\" id=\"\" id=\"\" id=\"\" id=\"\" id=\"\" id=\"\">\n<p id=\"genc-yasta-unutkanlik-oranlari-yaslilik-donemine-nazaran-daha-azdir-cunku-ileri-yastaki-bireylerin-beyin-faaliyetleri-psikolojik-yapilari-ve-hassasiyetleri-daha-kirilgan-bir-yapidadir-altta-yatan-f\">Gen\u00e7 ya\u015fta unutkanl\u0131k oranlar\u0131 ya\u015fl\u0131l\u0131k d\u00f6nemine nazaran daha azd\u0131r. \u00c7\u00fcnk\u00fc ileri ya\u015ftaki bireylerin beyin faaliyetleri, psikolojik yap\u0131lar\u0131 ve hassasiyetleri daha k\u0131r\u0131lgan bir yap\u0131dad\u0131r. Altta yatan fiziki hastal\u0131klardan etkilenme oranlar\u0131 ya\u015fl\u0131 bireylerde gen\u00e7lere g\u00f6re daha y\u00fcksektir. Ayn\u0131 zamanda psikolojik hastal\u0131klar i\u00e7in daha yo\u011fun belirtiler ortaya \u00e7\u0131kabilir. Dolay\u0131s\u0131yla ya\u015fa ba\u011fl\u0131 sebeplerle ortaya \u00e7\u0131kan farkl\u0131 hastal\u0131klar i\u00e7in de bu bireyler daha fazla risk alt\u0131ndad\u0131r.<\/p id=\"\" id=\"\" id=\"\" id=\"\" id=\"\" id=\"\" id=\"\" id=\"\" id=\"\" id=\"\" id=\"\" id=\"\" id=\"\" id=\"\" id=\"\" id=\"\" id=\"\" id=\"\" id=\"\" id=\"\" id=\"\" id=\"\" id=\"\" id=\"\" id=\"\" id=\"\" id=\"\" id=\"\" id=\"\" id=\"\" id=\"\" id=\"\" id=\"\" id=\"\" id=\"\" id=\"\" id=\"\" id=\"\" id=\"\" id=\"\" id=\"\" id=\"\" id=\"\" id=\"\" id=\"\" id=\"\" id=\"\" id=\"\" id=\"\" id=\"\" id=\"\" id=\"\" id=\"\" id=\"\">\n<p id=\"dikkatsizlik-asiri-unutma-aliskanligi-oz-bakim-becerilerinde-azalma-sosyal-yasam-becerilerini-kaybetme-gibi-butuncul-semptomlar-yaslilarda-demans-icin-sik-gorulen-belirtiler-arasinda-yer-alir\">Dikkatsizlik, a\u015f\u0131r\u0131 unutma al\u0131\u015fkanl\u0131\u011f\u0131, \u00f6z bak\u0131m becerilerinde azalma, sosyal ya\u015fam becerilerini kaybetme gibi b\u00fct\u00fcnc\u00fcl semptomlar ya\u015fl\u0131larda demans i\u00e7in s\u0131k g\u00f6r\u00fclen belirtiler aras\u0131nda yer al\u0131r.<\/p id=\"\" id=\"\" id=\"\" id=\"\" id=\"\" id=\"\" id=\"\" id=\"\" id=\"\" id=\"\" id=\"\" id=\"\" id=\"\" id=\"\" id=\"\" id=\"\" id=\"\" id=\"\" id=\"\" id=\"\" id=\"\" id=\"\" id=\"\" id=\"\" id=\"\" id=\"\" id=\"\" id=\"\" id=\"\" id=\"\" id=\"\" id=\"\" id=\"\" id=\"\" id=\"\" id=\"\" id=\"\" id=\"\" id=\"\" id=\"\" id=\"\" id=\"\" id=\"\" id=\"\" id=\"\" id=\"\" id=\"\" id=\"\" id=\"\" id=\"\" id=\"\" id=\"\" id=\"\" id=\"\">\n<h2 id=\"anlik-unutkanlik-ve-hafiza-zayifligi-neden-gorulur\">Anl\u0131k Unutkanl\u0131k ve Haf\u0131za Zay\u0131fl\u0131\u011f\u0131 Neden G\u00f6r\u00fcl\u00fcr?<\/h2 id=\"\" id=\"\" id=\"\" id=\"\" id=\"\" id=\"\" id=\"\" id=\"\" id=\"\" id=\"\" id=\"\" id=\"\" id=\"\" id=\"\" id=\"\" id=\"\" id=\"\" id=\"\" id=\"\" id=\"\" id=\"\" id=\"\" id=\"\" id=\"\" id=\"\" id=\"\" id=\"\" id=\"\" id=\"\" id=\"\" id=\"\" id=\"\" id=\"\" id=\"\" id=\"\" id=\"\" id=\"\" id=\"\" id=\"\" id=\"\" id=\"\" id=\"\" id=\"\" id=\"\" id=\"\" id=\"\" id=\"\" id=\"\" id=\"\" id=\"\" id=\"\" id=\"\" id=\"\" id=\"\">\n<p id=\"hafiza-kayiplarinin-yasandigi-hafizada-zayiflamanin-basladigi-ve-ilerledigi-anlik-unutkanliklarin-meydana-geldigi-demans-semptomlarinin-ortaya-cikisinda-bircok-neden-bulunur\">Haf\u0131za kay\u0131plar\u0131n\u0131n ya\u015fand\u0131\u011f\u0131, haf\u0131zada zay\u0131flaman\u0131n ba\u015flad\u0131\u011f\u0131 ve ilerledi\u011fi, anl\u0131k unutkanl\u0131klar\u0131n meydana geldi\u011fi demans semptomlar\u0131n\u0131n ortaya \u00e7\u0131k\u0131\u015f\u0131nda bir\u00e7ok neden bulunur.<\/p id=\"\" id=\"\" id=\"\" id=\"\" id=\"\" id=\"\" id=\"\" id=\"\" id=\"\" id=\"\" id=\"\" id=\"\" id=\"\" id=\"\" id=\"\" id=\"\" id=\"\" id=\"\" id=\"\" id=\"\" id=\"\" id=\"\" id=\"\" id=\"\" id=\"\" id=\"\" id=\"\" id=\"\" id=\"\" id=\"\" id=\"\" id=\"\" id=\"\" id=\"\" id=\"\" id=\"\" id=\"\" id=\"\" id=\"\" id=\"\" id=\"\" id=\"\" id=\"\" id=\"\" id=\"\" id=\"\" id=\"\" id=\"\" id=\"\" id=\"\" id=\"\" id=\"\" id=\"\" id=\"\">\n<p id=\"ozellikle-zihinsel-fiziksel-ve-psikolojik-hastaliklarla-birlikte-seyrine-sik-rastlanan-demansin-cesitli-sebeplerle-ortaya-cikmasi-mumkundur-ileri-yastaki-bireylerde-bagil-sebeplerle-ortaya-cikisi-ya\">\u00d6zellikle zihinsel, fiziksel ve psikolojik hastal\u0131klarla birlikte seyrine s\u0131k rastlanan demans\u0131n \u00e7e\u015fitli sebeplerle ortaya \u00e7\u0131kmas\u0131 m\u00fcmk\u00fcnd\u00fcr. \u0130leri ya\u015ftaki bireylerde ba\u011f\u0131l sebeplerle ortaya \u00e7\u0131k\u0131\u015f\u0131 yayg\u0131n olan demans; gen\u00e7 ya\u015fta unutkanl\u0131k hastal\u0131\u011f\u0131 olarak da ortaya \u00e7\u0131kabilir.<\/p id=\"\" id=\"\" id=\"\" id=\"\" id=\"\" id=\"\" id=\"\" id=\"\" id=\"\" id=\"\" id=\"\" id=\"\" id=\"\" id=\"\" id=\"\" id=\"\" id=\"\" id=\"\" id=\"\" id=\"\" id=\"\" id=\"\" id=\"\" id=\"\" id=\"\" id=\"\" id=\"\" id=\"\" id=\"\" id=\"\" id=\"\" id=\"\" id=\"\" id=\"\" id=\"\" id=\"\" id=\"\" id=\"\" id=\"\" id=\"\" id=\"\" id=\"\" id=\"\" id=\"\" id=\"\" id=\"\" id=\"\" id=\"\" id=\"\" id=\"\" id=\"\" id=\"\" id=\"\" id=\"\">\n<h2 id=\"unutkanlik-hangi-vitamin-eksikliginde-daha-cok-gorulur\">Unutkanl\u0131k Hangi Vitamin Eksikli\u011finde Daha \u00c7ok G\u00f6r\u00fcl\u00fcr?<\/h2 id=\"\" id=\"\" id=\"\" id=\"\" id=\"\" id=\"\" id=\"\" id=\"\" id=\"\" id=\"\" id=\"\" id=\"\" id=\"\" id=\"\" id=\"\" id=\"\" id=\"\" id=\"\" id=\"\" id=\"\" id=\"\" id=\"\" id=\"\" id=\"\" id=\"\" id=\"\" id=\"\" id=\"\" id=\"\" id=\"\" id=\"\" id=\"\" id=\"\" id=\"\" id=\"\" id=\"\" id=\"\" id=\"\" id=\"\" id=\"\" id=\"\" id=\"\" id=\"\" id=\"\" id=\"\" id=\"\" id=\"\" id=\"\" id=\"\" id=\"\" id=\"\" id=\"\" id=\"\" id=\"\">\n<p id=\"insan-vucudunun-cesitli-vitamin-ve-minerallere-duydugu-ihtiyac-beden-dongusunun-saglikla-tamamlanmasi-adina-oldukca-onemlidir-ozellikle-bazi-vitaminlerin-eksikligi-demansin-ortaya-cikisini-tetikleye\">\u0130nsan v\u00fccudunun \u00e7e\u015fitli vitamin ve minerallere duydu\u011fu ihtiya\u00e7, beden d\u00f6ng\u00fcs\u00fcn\u00fcn sa\u011fl\u0131kla tamamlanmas\u0131 ad\u0131na olduk\u00e7a \u00f6nemlidir. \u00d6zellikle baz\u0131 vitaminlerin eksikli\u011fi demans\u0131n ortaya \u00e7\u0131k\u0131\u015f\u0131n\u0131 tetikleyebilir veya ilerlemesine yol a\u00e7abilir. B12 vitamini bu anlamda en \u00f6nemli kategoride yer al\u0131r.<\/p id=\"\" id=\"\" id=\"\" id=\"\" id=\"\" id=\"\" id=\"\" id=\"\" id=\"\" id=\"\" id=\"\" id=\"\" id=\"\" id=\"\" id=\"\" id=\"\" id=\"\" id=\"\" id=\"\" id=\"\" id=\"\" id=\"\" id=\"\" id=\"\" id=\"\" id=\"\" id=\"\" id=\"\" id=\"\" id=\"\" id=\"\" id=\"\" id=\"\" id=\"\" id=\"\" id=\"\" id=\"\" id=\"\" id=\"\" id=\"\" id=\"\" id=\"\" id=\"\" id=\"\" id=\"\" id=\"\" id=\"\" id=\"\" id=\"\" id=\"\" id=\"\" id=\"\" id=\"\" id=\"\">\n<p id=\"unutkanlik-ilaci-kullanimlarinda-eksikliginin-tespiti-halinde-takviye-olarak-b12-kullanimi-da-onerilebilir-hastalarin-tedavi-sureclerinde-dogal-yollardan-da-vitamin-takviyesi-yapmalari-oldukca-faydal\">Unutkanl\u0131k ilac\u0131 kullan\u0131mlar\u0131nda eksikli\u011finin tespiti halinde takviye olarak B12 kullan\u0131m\u0131 da \u00f6nerilebilir. Hastalar\u0131n tedavi s\u00fcre\u00e7lerinde do\u011fal yollardan da vitamin takviyesi yapmalar\u0131 olduk\u00e7a faydal\u0131d\u0131r. Unutkanl\u0131k i\u00e7in vitamin kullan\u0131m\u0131 yaln\u0131zca hekim onay\u0131nda ve takibinde yap\u0131labilir.<\/p id=\"\" id=\"\" id=\"\" id=\"\" id=\"\" id=\"\" id=\"\" id=\"\" id=\"\" id=\"\" id=\"\" id=\"\" id=\"\" id=\"\" id=\"\" id=\"\" id=\"\" id=\"\" id=\"\" id=\"\" id=\"\" id=\"\" id=\"\" id=\"\" id=\"\" id=\"\" id=\"\" id=\"\" id=\"\" id=\"\" id=\"\" id=\"\" id=\"\" id=\"\" id=\"\" id=\"\" id=\"\" id=\"\" id=\"\" id=\"\" id=\"\" id=\"\" id=\"\" id=\"\" id=\"\" id=\"\" id=\"\" id=\"\" id=\"\" id=\"\" id=\"\" id=\"\" id=\"\" id=\"\">\n<h2 id=\"unutkanlik-hastaligi-demans-cesitleri-nelerdir\">Unutkanl\u0131k Hastal\u0131\u011f\u0131 (Demans) \u00c7e\u015fitleri Nelerdir?<\/h2 id=\"\" id=\"\" id=\"\" id=\"\" id=\"\" id=\"\" id=\"\" id=\"\" id=\"\" id=\"\" id=\"\" id=\"\" id=\"\" id=\"\" id=\"\" id=\"\" id=\"\" id=\"\" id=\"\" id=\"\" id=\"\" id=\"\" id=\"\" id=\"\" id=\"\" id=\"\" id=\"\" id=\"\" id=\"\" id=\"\" id=\"\" id=\"\" id=\"\" id=\"\" id=\"\" id=\"\" id=\"\" id=\"\" id=\"\" id=\"\" id=\"\" id=\"\" id=\"\" id=\"\" id=\"\" id=\"\" id=\"\" id=\"\" id=\"\" id=\"\" id=\"\" id=\"\" id=\"\" id=\"\">\n<p id=\"unutkanligin-pek-cok-cesidi-seviyesi-ve-ortaya-cikis-nedeni-bulunur-bunlar-arasinda-en-yaygin-olani-alzheimer-kaynakli-demanslardir-bunun-yani-sira-genc-yasta-unutkanlik-nedenleri-veya-anlik-unutka\">Unutkanl\u0131\u011f\u0131n pek \u00e7ok \u00e7e\u015fidi, seviyesi ve ortaya \u00e7\u0131k\u0131\u015f nedeni bulunur. Bunlar aras\u0131nda en yayg\u0131n olan\u0131 Alzheimer kaynakl\u0131 demanslard\u0131r. Bunun yan\u0131 s\u0131ra gen\u00e7 ya\u015fta unutkanl\u0131k nedenleri veya anl\u0131k unutkanl\u0131k sorunlar\u0131 gibi hususlar da ilgili alan\u0131n ara\u015ft\u0131rma konular\u0131 aras\u0131nda yer al\u0131r.<\/p id=\"\" id=\"\" id=\"\" id=\"\" id=\"\" id=\"\" id=\"\" id=\"\" id=\"\" id=\"\" id=\"\" id=\"\" id=\"\" id=\"\" id=\"\" id=\"\" id=\"\" id=\"\" id=\"\" id=\"\" id=\"\" id=\"\" id=\"\" id=\"\" id=\"\" id=\"\" id=\"\" id=\"\" id=\"\" id=\"\" id=\"\" id=\"\" id=\"\" id=\"\" id=\"\" id=\"\" id=\"\" id=\"\" id=\"\" id=\"\" id=\"\" id=\"\" id=\"\" id=\"\" id=\"\" id=\"\" id=\"\" id=\"\" id=\"\" id=\"\" id=\"\" id=\"\" id=\"\" id=\"\">\n<p id=\"vitamin-eksikligine-bagli-unutkanlik-surecleri-hamilelik-doneminde-yasanan-asiri-unutkanlik-gibi-hastaliklar-da-yine-tedavisi-mumkun-olan-ve-ilgili-alanin-arastirma-konulari-arasinda-yer-alan-cesitle\">Vitamin eksikli\u011fine ba\u011fl\u0131 unutkanl\u0131k s\u00fcre\u00e7leri, hamilelik d\u00f6neminde ya\u015fanan a\u015f\u0131r\u0131 unutkanl\u0131k gibi hastal\u0131klar da yine tedavisi m\u00fcmk\u00fcn olan ve ilgili alan\u0131n ara\u015ft\u0131rma konular\u0131 aras\u0131nda yer alan \u00e7e\u015fitlerden baz\u0131lar\u0131d\u0131r.<\/p id=\"\" id=\"\" id=\"\" id=\"\" id=\"\" id=\"\" id=\"\" id=\"\" id=\"\" id=\"\" id=\"\" id=\"\" id=\"\" id=\"\" id=\"\" id=\"\" id=\"\" id=\"\" id=\"\" id=\"\" id=\"\" id=\"\" id=\"\" id=\"\" id=\"\" id=\"\" id=\"\" id=\"\" id=\"\" id=\"\" id=\"\" id=\"\" id=\"\" id=\"\" id=\"\" id=\"\" id=\"\" id=\"\" id=\"\" id=\"\" id=\"\" id=\"\" id=\"\" id=\"\" id=\"\" id=\"\" id=\"\" id=\"\" id=\"\" id=\"\" id=\"\" id=\"\" id=\"\" id=\"\">\n<h2 id=\"unutkanlik-hastaligi-demans-tanisi-nasil-konur\">Unutkanl\u0131k Hastal\u0131\u011f\u0131 (Demans) Tan\u0131s\u0131 Nas\u0131l Konur?<\/h2 id=\"\" id=\"\" id=\"\" id=\"\" id=\"\" id=\"\" id=\"\" id=\"\" id=\"\" id=\"\" id=\"\" id=\"\" id=\"\" id=\"\" id=\"\" id=\"\" id=\"\" id=\"\" id=\"\" id=\"\" id=\"\" id=\"\" id=\"\" id=\"\" id=\"\" id=\"\" id=\"\" id=\"\" id=\"\" id=\"\" id=\"\" id=\"\" id=\"\" id=\"\" id=\"\" id=\"\" id=\"\" id=\"\" id=\"\" id=\"\" id=\"\" id=\"\" id=\"\" id=\"\" id=\"\" id=\"\" id=\"\" id=\"\" id=\"\" id=\"\" id=\"\" id=\"\" id=\"\" id=\"\">\n<p id=\"oncelikle-demansa-dair-belirtileri-olan-hastalar-noroloji-bolumunde-fiziki-muayene-ve-tetkiklerini-yaptirmalidir-yapilan-degerlendirmeler-sonucu-altta-yatan-norolojik-hastaliklara-bagli-bir-demans-ya\">\u00d6ncelikle demansa dair belirtileri olan hastalar n\u00f6roloji b\u00f6l\u00fcm\u00fcnde fiziki muayene ve tetkiklerini yapt\u0131rmal\u0131d\u0131r. Yap\u0131lan de\u011ferlendirmeler sonucu altta yatan n\u00f6rolojik hastal\u0131klara ba\u011fl\u0131 bir demans ya\u015fan\u0131yorsa hekim taraf\u0131ndan tan\u0131 konur. Ancak herhangi fiziki bir bulgu olmadan ya\u015fanan unutkanl\u0131k i\u00e7in sonraki ad\u0131m psikiyatri muayenesidir.<\/p id=\"\" id=\"\" id=\"\" id=\"\" id=\"\" id=\"\" id=\"\" id=\"\" id=\"\" id=\"\" id=\"\" id=\"\" id=\"\" id=\"\" id=\"\" id=\"\" id=\"\" id=\"\" id=\"\" id=\"\" id=\"\" id=\"\" id=\"\" id=\"\" id=\"\" id=\"\" id=\"\" id=\"\" id=\"\" id=\"\" id=\"\" id=\"\" id=\"\" id=\"\" id=\"\" id=\"\" id=\"\" id=\"\" id=\"\" id=\"\" id=\"\" id=\"\" id=\"\" id=\"\" id=\"\" id=\"\" id=\"\" id=\"\" id=\"\" id=\"\" id=\"\" id=\"\" id=\"\" id=\"\">\n<p id=\"psikiyatri-bolumunde-yapilan-tetkik-ve-degerlendirme-surecinin-ardindan-ilgili-bir-hastalik-bulunuyorsa-tani-bu-bolumun-uzman-hekimi-tarafindan-konur-ardindan-demans-belirtilerinin-azaltilmasi-veya-o\">Psikiyatri b\u00f6l\u00fcm\u00fcnde yap\u0131lan tetkik ve de\u011ferlendirme s\u00fcrecinin ard\u0131ndan ilgili bir hastal\u0131k bulunuyorsa tan\u0131 bu b\u00f6l\u00fcm\u00fcn uzman hekimi taraf\u0131ndan konur. Ard\u0131ndan demans belirtilerinin azalt\u0131lmas\u0131 veya ortadan kald\u0131r\u0131lmas\u0131 i\u00e7in unutkanl\u0131k tedavisi uygulamalar\u0131na ve ila\u00e7 kullan\u0131m\u0131na ba\u015flan\u0131r.<\/p id=\"\" id=\"\" id=\"\" id=\"\" id=\"\" id=\"\" id=\"\" id=\"\" id=\"\" id=\"\" id=\"\" id=\"\" id=\"\" id=\"\" id=\"\" id=\"\" id=\"\" id=\"\" id=\"\" id=\"\" id=\"\" id=\"\" id=\"\" id=\"\" id=\"\" id=\"\" id=\"\" id=\"\" id=\"\" id=\"\" id=\"\" id=\"\" id=\"\" id=\"\" id=\"\" id=\"\" id=\"\" id=\"\" id=\"\" id=\"\" id=\"\" id=\"\" id=\"\" id=\"\" id=\"\" id=\"\" id=\"\" id=\"\" id=\"\" id=\"\" id=\"\" id=\"\" id=\"\" id=\"\">\n<h2 id=\"unutkanlik-hastaligi-demans-tedavisinde-neler-yapilir-unutkanlik-nasil-tedavi-edilir\">Unutkanl\u0131k Hastal\u0131\u011f\u0131 (Demans) Tedavisinde Neler Yap\u0131l\u0131r? Unutkanl\u0131k Nas\u0131l Tedavi Edilir?<\/h2 id=\"\" id=\"\" id=\"\" id=\"\" id=\"\" id=\"\" id=\"\" id=\"\" id=\"\" id=\"\" id=\"\" id=\"\" id=\"\" id=\"\" id=\"\" id=\"\" id=\"\" id=\"\" id=\"\" id=\"\" id=\"\" id=\"\" id=\"\" id=\"\" id=\"\" id=\"\" id=\"\" id=\"\" id=\"\" id=\"\" id=\"\" id=\"\" id=\"\" id=\"\" id=\"\" id=\"\" id=\"\" id=\"\" id=\"\" id=\"\" id=\"\" id=\"\" id=\"\" id=\"\" id=\"\" id=\"\" id=\"\" id=\"\" id=\"\" id=\"\" id=\"\" id=\"\" id=\"\" id=\"\">\n<p id=\"demansin-teshisi-farkli-tibbi-bolumlerin-incelemesinin-ardindan-yapilir-ve-elde-edilen-bulgularla-hastaligin-fiziksel-zihinsel-veya-psikolojik-temelli-olduguna-karar-verilir-bu-bilgiler-isiginda-ilg\">Demans\u0131n te\u015fhisi farkl\u0131 t\u0131bbi b\u00f6l\u00fcmlerin incelemesinin ard\u0131ndan yap\u0131l\u0131r ve elde edilen bulgularla hastal\u0131\u011f\u0131n fiziksel, zihinsel veya psikolojik temelli oldu\u011funa karar verilir. Bu bilgiler \u0131\u015f\u0131\u011f\u0131nda ilgili birimin tedavi s\u00fcreci ba\u015flar.<\/p id=\"\" id=\"\" id=\"\" id=\"\" id=\"\" id=\"\" id=\"\" id=\"\" id=\"\" id=\"\" id=\"\" id=\"\" id=\"\" id=\"\" id=\"\" id=\"\" id=\"\" id=\"\" id=\"\" id=\"\" id=\"\" id=\"\" id=\"\" id=\"\" id=\"\" id=\"\" id=\"\" id=\"\" id=\"\" id=\"\" id=\"\" id=\"\" id=\"\" id=\"\" id=\"\" id=\"\" id=\"\" id=\"\" id=\"\" id=\"\" id=\"\" id=\"\" id=\"\" id=\"\" id=\"\" id=\"\" id=\"\" id=\"\" id=\"\" id=\"\" id=\"\" id=\"\" id=\"\" id=\"\">\n<p id=\"unutkanlik-giderici-ilaclar-basta-olmak-uzere-hastaligin-iyilestirilmesi-icin-cesitli-yontemler-kullanilir-bilhassa-psikolojik-temelli-hastaliklarin-tedavilerinde-yan-dal-uzmanliklarindan-faydalanili\">Unutkanl\u0131k giderici ila\u00e7lar ba\u015fta olmak \u00fczere hastal\u0131\u011f\u0131n iyile\u015ftirilmesi i\u00e7in \u00e7e\u015fitli y\u00f6ntemler kullan\u0131l\u0131r. Bilhassa psikolojik temelli hastal\u0131klar\u0131n tedavilerinde yan dal uzmanl\u0131klar\u0131ndan faydalan\u0131l\u0131r ve farkl\u0131 tekniklerle tedavi desteklenir.<\/p id=\"\" id=\"\" id=\"\" id=\"\" id=\"\" id=\"\" id=\"\" id=\"\" id=\"\" id=\"\" id=\"\" id=\"\" id=\"\" id=\"\" id=\"\" id=\"\" id=\"\" id=\"\" id=\"\" id=\"\" id=\"\" id=\"\" id=\"\" id=\"\" id=\"\" id=\"\" id=\"\" id=\"\" id=\"\" id=\"\" id=\"\" id=\"\" id=\"\" id=\"\" id=\"\" id=\"\" id=\"\" id=\"\" id=\"\" id=\"\" id=\"\" id=\"\" id=\"\" id=\"\" id=\"\" id=\"\" id=\"\" id=\"\" id=\"\" id=\"\" id=\"\" id=\"\" id=\"\" id=\"\">\n<p id=\"unutkanlik-icin-ilac-kullaniminin-yani-sira-bagil-hastaligin-iyilestirilmesine-yonelik-farkli-terapi-uygulamalari-da-tedavi-surecinde-tercih-edilebilir\">Unutkanl\u0131k i\u00e7in ila\u00e7 kullan\u0131m\u0131n\u0131n yan\u0131 s\u0131ra ba\u011f\u0131l hastal\u0131\u011f\u0131n iyile\u015ftirilmesine y\u00f6nelik farkl\u0131 terapi uygulamalar\u0131 da tedavi s\u00fcrecinde tercih edilebilir.<\/p id=\"\" id=\"\" id=\"\" id=\"\" id=\"\" id=\"\" id=\"\" id=\"\" id=\"\" id=\"\" id=\"\" id=\"\" id=\"\" id=\"\" id=\"\" id=\"\" id=\"\" id=\"\" id=\"\" id=\"\" id=\"\" id=\"\" id=\"\" id=\"\" id=\"\" id=\"\" id=\"\" id=\"\" id=\"\" id=\"\" id=\"\" id=\"\" id=\"\" id=\"\" id=\"\" id=\"\" id=\"\" id=\"\" id=\"\" id=\"\" id=\"\" id=\"\" id=\"\" id=\"\" id=\"\" id=\"\" id=\"\" id=\"\" id=\"\" id=\"\" id=\"\" id=\"\" id=\"\" id=\"\">\n<h2 id=\"unutkanlik-hastaligi-demans-nasil-atlatilir-unutkanlik-nasil-gecer-ne-iyi-gelir\">Unutkanl\u0131k Hastal\u0131\u011f\u0131 (Demans) Nas\u0131l Atlat\u0131l\u0131r? Unutkanl\u0131k Nas\u0131l Ge\u00e7er? Ne \u0130yi Gelir?<\/h2 id=\"\" id=\"\" id=\"\" id=\"\" id=\"\" id=\"\" id=\"\" id=\"\" id=\"\" id=\"\" id=\"\" id=\"\" id=\"\" id=\"\" id=\"\" id=\"\" id=\"\" id=\"\" id=\"\" id=\"\" id=\"\" id=\"\" id=\"\" id=\"\" id=\"\" id=\"\" id=\"\" id=\"\" id=\"\" id=\"\" id=\"\" id=\"\" id=\"\" id=\"\" id=\"\" id=\"\" id=\"\" id=\"\" id=\"\" id=\"\" id=\"\" id=\"\" id=\"\" id=\"\" id=\"\" id=\"\" id=\"\" id=\"\" id=\"\" id=\"\" id=\"\" id=\"\" id=\"\" id=\"\">\n<p id=\"unutkanlik-hastaliginin-iyilestirilmesi-icin-oncelikle-uzman-hekim-tanisi-konmalidir-ardindan-ilgili-birimin-fizyolojik-ve-psikolojik-incelemeleriyle-hastaligin-derinligi-ilerleme-hizi-hastanin-fiz\">Unutkanl\u0131k hastal\u0131\u011f\u0131n\u0131n iyile\u015ftirilmesi i\u00e7in \u00f6ncelikle uzman hekim tan\u0131s\u0131 konmal\u0131d\u0131r. Ard\u0131ndan ilgili birimin fizyolojik ve psikolojik incelemeleriyle hastal\u0131\u011f\u0131n derinli\u011fi, ilerleme h\u0131z\u0131, hastan\u0131n fiziki ve psikolojik durumu b\u00fct\u00fcnsel olarak de\u011ferlendirilir.<\/p id=\"\" id=\"\" id=\"\" id=\"\" id=\"\" id=\"\" id=\"\" id=\"\" id=\"\" id=\"\" id=\"\" id=\"\" id=\"\" id=\"\" id=\"\" id=\"\" id=\"\" id=\"\" id=\"\" id=\"\" id=\"\" id=\"\" id=\"\" id=\"\" id=\"\" id=\"\" id=\"\" id=\"\" id=\"\" id=\"\" id=\"\" id=\"\" id=\"\" id=\"\" id=\"\" id=\"\" id=\"\" id=\"\" id=\"\" id=\"\" id=\"\" id=\"\" id=\"\" id=\"\" id=\"\" id=\"\" id=\"\" id=\"\" id=\"\" id=\"\" id=\"\" id=\"\" id=\"\" id=\"\">\n<p id=\"eldeki-veriler-isiginda-belirlenen-tedavi-kapsaminda-ilac-kullanimi-destekleyici-uygulamalar-veya-terapilerden-faydalanilir-unutkanlik-icin-tebokan-cesitli-vitamin-takviyeleri-ve-unutkanlik-gideric\">Eldeki veriler \u0131\u015f\u0131\u011f\u0131nda belirlenen tedavi kapsam\u0131nda ila\u00e7 kullan\u0131m\u0131, destekleyici uygulamalar veya terapilerden faydalan\u0131l\u0131r. Unutkanl\u0131k i\u00e7in Tebokan, \u00e7e\u015fitli vitamin takviyeleri ve unutkanl\u0131k giderici alternatifler gibi ila\u00e7lar \u00f6nerilebilir. Bu uygulamalar b\u00fct\u00fcn\u00fc hastal\u0131\u011f\u0131n geriletilmesine ve iyile\u015ftirilmesine yard\u0131mc\u0131 olur.<\/p id=\"\" id=\"\" id=\"\" id=\"\" id=\"\" id=\"\" id=\"\" id=\"\" id=\"\" id=\"\" id=\"\" id=\"\" id=\"\" id=\"\" id=\"\" id=\"\" id=\"\" id=\"\" id=\"\" id=\"\" id=\"\" id=\"\" id=\"\" id=\"\" id=\"\" id=\"\" id=\"\" id=\"\" id=\"\" id=\"\" id=\"\" id=\"\" id=\"\" id=\"\" id=\"\" id=\"\" id=\"\" id=\"\" id=\"\" id=\"\" id=\"\" id=\"\" id=\"\" id=\"\" id=\"\" id=\"\" id=\"\" id=\"\" id=\"\" id=\"\" id=\"\" id=\"\" id=\"\" id=\"\">\n<h2 id=\"unutkanlik-hastaligi-demans-ne-zaman-biter\">Unutkanl\u0131k Hastal\u0131\u011f\u0131 (Demans) Ne Zaman Biter?<\/h2 id=\"\" id=\"\" id=\"\" id=\"\" id=\"\" id=\"\" id=\"\" id=\"\" id=\"\" id=\"\" id=\"\" id=\"\" id=\"\" id=\"\" id=\"\" id=\"\" id=\"\" id=\"\" id=\"\" id=\"\" id=\"\" id=\"\" id=\"\" id=\"\" id=\"\" id=\"\" id=\"\" id=\"\" id=\"\" id=\"\" id=\"\" id=\"\" id=\"\" id=\"\" id=\"\" id=\"\" id=\"\" id=\"\" id=\"\" id=\"\" id=\"\" id=\"\" id=\"\" id=\"\" id=\"\" id=\"\" id=\"\" id=\"\" id=\"\" id=\"\" id=\"\" id=\"\" id=\"\" id=\"\">\n<p id=\"demansin-ortaya-cikisi-bir-genelde-zamana-dayalidir-hastalik-belirli-bir-zaman-diliminde-kendi-seyrinde-ilerleyerek-derinlesebilir-dolayisiyla-tedavi-surecleri-icin-de-ayni-dongu-soz-konusudur\">Demans\u0131n ortaya \u00e7\u0131k\u0131\u015f\u0131 bir genelde zamana dayal\u0131d\u0131r. Hastal\u0131k belirli bir zaman diliminde, kendi seyrinde ilerleyerek derinle\u015febilir. Dolay\u0131s\u0131yla tedavi s\u00fcre\u00e7leri i\u00e7in de ayn\u0131 d\u00f6ng\u00fc s\u00f6z konusudur.<\/p id=\"\" id=\"\" id=\"\" id=\"\" id=\"\" id=\"\" id=\"\" id=\"\" id=\"\" id=\"\" id=\"\" id=\"\" id=\"\" id=\"\" id=\"\" id=\"\" id=\"\" id=\"\" id=\"\" id=\"\" id=\"\" id=\"\" id=\"\" id=\"\" id=\"\" id=\"\" id=\"\" id=\"\" id=\"\" id=\"\" id=\"\" id=\"\" id=\"\" id=\"\" id=\"\" id=\"\" id=\"\" id=\"\" id=\"\" id=\"\" id=\"\" id=\"\" id=\"\" id=\"\" id=\"\" id=\"\" id=\"\" id=\"\" id=\"\" id=\"\" id=\"\" id=\"\" id=\"\" id=\"\">\n<p id=\"uygulanan-tedavi-yontemleri-hastaligin-cesidi-seviyesi-ve-hastanin-ozellikleri-gibi-kriterlere-bagli-sekilde-tedaviye-yanit-almak-belli-bir-sureyi-kapsar-burada-tedavinin-uygulama-kalitesi-alinan\">Uygulanan tedavi y\u00f6ntemleri, hastal\u0131\u011f\u0131n \u00e7e\u015fidi, seviyesi ve hastan\u0131n \u00f6zellikleri gibi kriterlere ba\u011fl\u0131 \u015fekilde tedaviye yan\u0131t almak belli bir s\u00fcreyi kapsar. Burada tedavinin uygulama kalitesi, al\u0131nan t\u0131bbi deste\u011fin nitelikli olmas\u0131 gibi hususlar da son derece \u00f6nemli detaylard\u0131r.<\/p id=\"\" id=\"\" id=\"\" id=\"\" id=\"\" id=\"\" id=\"\" id=\"\" id=\"\" id=\"\" id=\"\" id=\"\" id=\"\" id=\"\" id=\"\" id=\"\" id=\"\" id=\"\" id=\"\" id=\"\" id=\"\" id=\"\" id=\"\" id=\"\" id=\"\" id=\"\" id=\"\" id=\"\" id=\"\" id=\"\" id=\"\" id=\"\" id=\"\" id=\"\" id=\"\" id=\"\" id=\"\" id=\"\" id=\"\" id=\"\" id=\"\" id=\"\" id=\"\" id=\"\" id=\"\" id=\"\" id=\"\" id=\"\" id=\"\" id=\"\" id=\"\" id=\"\" id=\"\" id=\"\">\n<p>HiDoctor ile ihtiya\u00e7 duydu\u011funuz t\u00fcm t\u0131bbi hizmetlerde oldu\u011fu gibi unutkanl\u0131k hastal\u0131\u011f\u0131n\u0131n tedavi s\u00fcre\u00e7lerinde de gereken hizmetlere en h\u0131zl\u0131 ve g\u00fcvenilir \u015fekilde ula\u015fabilirsiniz. Tan\u0131, te\u015fhis, tetkik ve tedavi ihtiya\u00e7lar\u0131n\u0131z\u0131 diledi\u011finiz an talepte bulunarak kar\u015f\u0131layabilir; evde sa\u011fl\u0131k, evde bak\u0131m ve <a href=\"https:\/\/hidoctor.health\/online\/psikolog\/landing?utm_source=blog&amp;utm_medium=blog&amp;utm_campaign=blog-cta-online-psikolog\">online psikolog hizmetinden<\/a> konfor alan\u0131n\u0131zdan ayr\u0131lmadan faydalanabilirsiniz.<\/p id=\"\" id=\"\" id=\"\" id=\"\" id=\"\" id=\"\" id=\"\" id=\"\" id=\"\" id=\"\" id=\"\" id=\"\" id=\"\" id=\"\" id=\"\" id=\"\" id=\"\" id=\"\" id=\"\" id=\"\" id=\"\" id=\"\" id=\"\" id=\"\" id=\"\" id=\"\" id=\"\" id=\"\" id=\"\" id=\"\" id=\"\" id=\"\" id=\"\" id=\"\" id=\"\" id=\"\" id=\"\" id=\"\" id=\"\" id=\"\" id=\"\" id=\"\" id=\"\" id=\"\" id=\"\" id=\"\" id=\"\" id=\"\" id=\"\" id=\"\" id=\"\" id=\"\" id=\"\" id=\"\">\n<h2 id=\"sikca-sorulan-sorular\">S\u0131k\u00e7a Sorulan Sorular<\/h2 id=\"\" id=\"\" id=\"\" id=\"\" id=\"\" id=\"\" id=\"\" id=\"\" id=\"\" id=\"\" id=\"\" id=\"\" id=\"\" id=\"\" id=\"\" id=\"\" id=\"\" id=\"\" id=\"\" id=\"\" id=\"\" id=\"\" id=\"\" id=\"\" id=\"\" id=\"\" id=\"\" id=\"\" id=\"\" id=\"\" id=\"\" id=\"\" id=\"\" id=\"\" id=\"\" id=\"\" id=\"\" id=\"\" id=\"\" id=\"\" id=\"\" id=\"\" id=\"\" id=\"\" id=\"\" id=\"\" id=\"\" id=\"\" id=\"\" id=\"\" id=\"\" id=\"\" id=\"\" id=\"\">\n<h3>Unutkanl\u0131k Hastal\u0131\u011f\u0131 (Demans) nas\u0131l anla\u015f\u0131l\u0131r? &amp; Unutkanl\u0131k Hastal\u0131\u011f\u0131 (Demans) tan\u0131s\u0131 nas\u0131l konur?<\/h3 id=\"\" id=\"\" id=\"\" id=\"\" id=\"\" id=\"\" id=\"\" id=\"\" id=\"\" id=\"\" id=\"\" id=\"\" id=\"\" id=\"\" id=\"\" id=\"\" id=\"\" id=\"\" id=\"\" id=\"\" id=\"\" id=\"\" id=\"\" id=\"\" id=\"\" id=\"\" id=\"\" id=\"\" id=\"\" id=\"\" id=\"\" id=\"\" id=\"\" id=\"\" id=\"\" id=\"\" id=\"\" id=\"\" id=\"\" id=\"\" id=\"\" id=\"\" id=\"\" id=\"\" id=\"\" id=\"\" id=\"\" id=\"\" id=\"\" id=\"\" id=\"\" id=\"\" id=\"\" id=\"\">\n<p id=\"demansin-tanisinda-multidisipliner-bir-calisma-soz-konusudur-oncelikle-norolojik-muayene-ve-tetkikler-yapilarak-hastanin-bulgulari-degerlendirilir-ardindan-psikiyatri-bolumu-yasanan-semptomlarin-psi\">Demans\u0131n tan\u0131s\u0131nda multidisipliner bir \u00e7al\u0131\u015fma s\u00f6z konusudur. \u00d6ncelikle n\u00f6rolojik muayene ve tetkikler yap\u0131larak hastan\u0131n bulgular\u0131 de\u011ferlendirilir, ard\u0131ndan psikiyatri b\u00f6l\u00fcm\u00fc ya\u015fanan semptomlar\u0131n psikolojik temelli olup olmad\u0131\u011f\u0131n\u0131 de\u011ferlendirerek hastal\u0131\u011fa dair tan\u0131 koyar.<\/p id=\"\" id=\"\" id=\"\" id=\"\" id=\"\" id=\"\" id=\"\" id=\"\" id=\"\" id=\"\" id=\"\" id=\"\" id=\"\" id=\"\" id=\"\" id=\"\" id=\"\" id=\"\" id=\"\" id=\"\" id=\"\" id=\"\" id=\"\" id=\"\" id=\"\" id=\"\" id=\"\" id=\"\" id=\"\" id=\"\" id=\"\" id=\"\" id=\"\" id=\"\" id=\"\" id=\"\" id=\"\" id=\"\" id=\"\" id=\"\" id=\"\" id=\"\" id=\"\" id=\"\" id=\"\" id=\"\" id=\"\" id=\"\" id=\"\" id=\"\" id=\"\" id=\"\" id=\"\" id=\"\">\n<h3>Unutkanl\u0131k Hastal\u0131\u011f\u0131 (Demans) ne kadar s\u00fcrer? &amp; Unutkanl\u0131k Hastal\u0131\u011f\u0131 (Demans) ne zaman iyile\u015fir?<\/h3 id=\"\" id=\"\" id=\"\" id=\"\" id=\"\" id=\"\" id=\"\" id=\"\" id=\"\" id=\"\" id=\"\" id=\"\" id=\"\" id=\"\" id=\"\" id=\"\" id=\"\" id=\"\" id=\"\" id=\"\" id=\"\" id=\"\" id=\"\" id=\"\" id=\"\" id=\"\" id=\"\" id=\"\" id=\"\" id=\"\" id=\"\" id=\"\" id=\"\" id=\"\" id=\"\" id=\"\" id=\"\" id=\"\" id=\"\" id=\"\" id=\"\" id=\"\" id=\"\" id=\"\" id=\"\" id=\"\" id=\"\" id=\"\" id=\"\" id=\"\" id=\"\" id=\"\" id=\"\" id=\"\">\n<p id=\"demansin-cesitleri-ve-derinligi-bagli-oldugu-sebeplere-gore-hastanin-fiziki-ve-psikolojik-ozelliklerine-bagli-olarak-degiskenlik-gosterebilir-bu-durumda-tedavi-surecinin-kapsami-ve-suresi-de-ayni-de\">Demans\u0131n \u00e7e\u015fitleri ve derinli\u011fi ba\u011fl\u0131 oldu\u011fu sebeplere g\u00f6re, hastan\u0131n fiziki ve psikolojik \u00f6zelliklerine ba\u011fl\u0131 olarak de\u011fi\u015fkenlik g\u00f6sterebilir. Bu durumda tedavi s\u00fcrecinin kapsam\u0131 ve s\u00fcresi de ayn\u0131 de\u011fi\u015fken \u00f6zelliklere sahiptir.<\/p id=\"\" id=\"\" id=\"\" id=\"\" id=\"\" id=\"\" id=\"\" id=\"\" id=\"\" id=\"\" id=\"\" id=\"\" id=\"\" id=\"\" id=\"\" id=\"\" id=\"\" id=\"\" id=\"\" id=\"\" id=\"\" id=\"\" id=\"\" id=\"\" id=\"\" id=\"\" id=\"\" id=\"\" id=\"\" id=\"\" id=\"\" id=\"\" id=\"\" id=\"\" id=\"\" id=\"\" id=\"\" id=\"\" id=\"\" id=\"\" id=\"\" id=\"\" id=\"\" id=\"\" id=\"\" id=\"\" id=\"\" id=\"\" id=\"\" id=\"\" id=\"\" id=\"\" id=\"\" id=\"\">\n<h3 id=\"unutkanlik-hastaligi-demans-iyilesmezse-ne-olur\">Unutkanl\u0131k Hastal\u0131\u011f\u0131 (Demans) iyile\u015fmezse ne olur?<\/h3 id=\"\" id=\"\" id=\"\" id=\"\" id=\"\" id=\"\" id=\"\" id=\"\" id=\"\" id=\"\" id=\"\" id=\"\" id=\"\" id=\"\" id=\"\" id=\"\" id=\"\" id=\"\" id=\"\" id=\"\" id=\"\" id=\"\" id=\"\" id=\"\" id=\"\" id=\"\" id=\"\" id=\"\" id=\"\" id=\"\" id=\"\" id=\"\" id=\"\" id=\"\" id=\"\" id=\"\" id=\"\" id=\"\" id=\"\" id=\"\" id=\"\" id=\"\" id=\"\" id=\"\" id=\"\" id=\"\" id=\"\" id=\"\" id=\"\" id=\"\" id=\"\" id=\"\" id=\"\" id=\"\">\n<p id=\"unutkanlik-hastaligi-ozel-ve-sosyal-yasami-yogun-sekilde-etkiler-ve-iyilesmemesi-halinde-derinleserek-kisinin-yasaminda-buyuk-sorunlara-sebebiyet-verebilir\">Unutkanl\u0131k hastal\u0131\u011f\u0131 \u00f6zel ve sosyal ya\u015fam\u0131 yo\u011fun \u015fekilde etkiler ve iyile\u015fmemesi halinde derinle\u015ferek ki\u015finin ya\u015fam\u0131nda b\u00fcy\u00fck sorunlara sebebiyet verebilir.<\/p id=\"\" id=\"\" id=\"\" id=\"\" id=\"\" id=\"\" id=\"\" id=\"\" id=\"\" id=\"\" id=\"\" id=\"\" id=\"\" id=\"\" id=\"\" id=\"\" id=\"\" id=\"\" id=\"\" id=\"\" id=\"\" id=\"\" id=\"\" id=\"\" id=\"\" id=\"\" id=\"\" id=\"\" id=\"\" id=\"\" id=\"\" id=\"\" id=\"\" id=\"\" id=\"\" id=\"\" id=\"\" id=\"\" id=\"\" id=\"\" id=\"\" id=\"\" id=\"\" id=\"\" id=\"\" id=\"\" id=\"\" id=\"\" id=\"\" id=\"\" id=\"\" id=\"\" id=\"\" id=\"\">\n<h3 id=\"unutkanlik-hastaligi-demans-zararlari-nelerdir\">Unutkanl\u0131k Hastal\u0131\u011f\u0131 (Demans) zararlar\u0131 nelerdir?<\/h3 id=\"\" id=\"\" id=\"\" id=\"\" id=\"\" id=\"\" id=\"\" id=\"\" id=\"\" id=\"\" id=\"\" id=\"\" id=\"\" id=\"\" id=\"\" id=\"\" id=\"\" id=\"\" id=\"\" id=\"\" id=\"\" id=\"\" id=\"\" id=\"\" id=\"\" id=\"\" id=\"\" id=\"\" id=\"\" id=\"\" id=\"\" id=\"\" id=\"\" id=\"\" id=\"\" id=\"\" id=\"\" id=\"\" id=\"\" id=\"\" id=\"\" id=\"\" id=\"\" id=\"\" id=\"\" id=\"\" id=\"\" id=\"\" id=\"\" id=\"\" id=\"\" id=\"\" id=\"\" id=\"\">\n<p id=\"demansin-verdigi-en-buyuk-zararlarin-basinda-hafiza-zayifliklari-ve-kayiplari-yer-alir\">Demans\u0131n verdi\u011fi en b\u00fcy\u00fck zararlar\u0131n ba\u015f\u0131nda haf\u0131za zay\u0131fl\u0131klar\u0131 ve kay\u0131plar\u0131 yer al\u0131r.<\/p id=\"\" id=\"\" id=\"\" id=\"\" id=\"\" id=\"\" id=\"\" id=\"\" id=\"\" id=\"\" id=\"\" id=\"\" id=\"\" id=\"\" id=\"\" id=\"\" id=\"\" id=\"\" id=\"\" id=\"\" id=\"\" id=\"\" id=\"\" id=\"\" id=\"\" id=\"\" id=\"\" id=\"\" id=\"\" id=\"\" id=\"\" id=\"\" id=\"\" id=\"\" id=\"\" id=\"\" id=\"\" id=\"\" id=\"\" id=\"\" id=\"\" id=\"\" id=\"\" id=\"\" id=\"\" id=\"\" id=\"\" id=\"\" id=\"\" id=\"\" id=\"\" id=\"\" id=\"\" id=\"\">\n<h3 id=\"unutkanlik-hastaligi-demans-ilaclari-ne-ise-yarar\">Unutkanl\u0131k Hastal\u0131\u011f\u0131 (Demans) ila\u00e7lar\u0131 ne i\u015fe yarar?<\/h3 id=\"\" id=\"\" id=\"\" id=\"\" id=\"\" id=\"\" id=\"\" id=\"\" id=\"\" id=\"\" id=\"\" id=\"\" id=\"\" id=\"\" id=\"\" id=\"\" id=\"\" id=\"\" id=\"\" id=\"\" id=\"\" id=\"\" id=\"\" id=\"\" id=\"\" id=\"\" id=\"\" id=\"\" id=\"\" id=\"\" id=\"\" id=\"\" id=\"\" id=\"\" id=\"\" id=\"\" id=\"\" id=\"\" id=\"\" id=\"\" id=\"\" id=\"\" id=\"\" id=\"\" id=\"\" id=\"\" id=\"\" id=\"\" id=\"\" id=\"\" id=\"\" id=\"\" id=\"\" id=\"\">\n<p id=\"unutkanlik-hastaliginin-tedavisi-icin-kullanilan-yontemler-arasinda-ilaclarin-ozel-bir-yeri-bulunur-cunku-ihtiyac-duyulan-kimyevi-denge-ilaclar-sayesinde-saglanir-ve-hastaligin-geriletilmesi-mumkun-o\">Unutkanl\u0131k hastal\u0131\u011f\u0131n\u0131n tedavisi i\u00e7in kullan\u0131lan y\u00f6ntemler aras\u0131nda ila\u00e7lar\u0131n \u00f6zel bir yeri bulunur. \u00c7\u00fcnk\u00fc ihtiya\u00e7 duyulan kimyevi denge ila\u00e7lar sayesinde sa\u011flan\u0131r ve hastal\u0131\u011f\u0131n geriletilmesi m\u00fcmk\u00fcn olur.<\/p id=\"\" id=\"\" id=\"\" id=\"\" id=\"\" id=\"\" id=\"\" id=\"\" id=\"\" id=\"\" id=\"\" id=\"\" id=\"\" id=\"\" id=\"\" id=\"\" id=\"\" id=\"\" id=\"\" id=\"\" id=\"\" id=\"\" id=\"\" id=\"\" id=\"\" id=\"\" id=\"\" id=\"\" id=\"\" id=\"\" id=\"\" id=\"\" id=\"\" id=\"\" id=\"\" id=\"\" id=\"\" id=\"\" id=\"\" id=\"\" id=\"\" id=\"\" id=\"\" id=\"\" id=\"\" id=\"\" id=\"\" id=\"\" id=\"\" id=\"\" id=\"\" id=\"\" id=\"\" id=\"\">\n","protected":false},"excerpt":{"rendered":"<p>Unutkanl\u0131k, k\u00fc\u00e7\u00fckten b\u00fcy\u00fc\u011fe pek \u00e7ok bireyi etkileyen ve yayg\u0131n olan bir rahats\u0131zl\u0131kt\u0131r. Fizyolojik sebeplerin yan\u0131s\u0131ra hayat\u0131n\u0131zdaki bir tak\u0131m de\u011fi\u015fiklikler ve bunlar\u0131n getirdi\u011fi psikolojik sonu\u00e7larla da unutkanl\u0131k durumu ile m\u00fccadele etmeye ba\u015flayabilirsiniz. Ayr\u0131ca hemen herkesin hayat\u0131nda yer edinmi\u015f stres fakt\u00f6r\u00fc de unutkanl\u0131\u011f\u0131n ortaya \u00e7\u0131kmas\u0131nda ve geli\u015fmesinde b\u00fcy\u00fck rol oynar. E\u011fer unutkanl\u0131kla m\u00fccadele ediyorsan\u0131z, zaman kaybetmeden \u00f6ncelikle [&hellip;]<\/p>\n","protected":false},"author":3,"featured_media":3114,"comment_status":"open","ping_status":"open","sticky":false,"template":"","format":"standard","meta":{"footnotes":""},"categories":[24],"tags":[],"class_list":["post-3113","post","type-post","status-publish","format-standard","has-post-thumbnail","hentry","category-iyi-hisset"],"_links":{"self":[{"href":"https:\/\/hidoctor.health\/blog\/wp-json\/wp\/v2\/posts\/3113","targetHints":{"allow":["GET"]}}],"collection":[{"href":"https:\/\/hidoctor.health\/blog\/wp-json\/wp\/v2\/posts"}],"about":[{"href":"https:\/\/hidoctor.health\/blog\/wp-json\/wp\/v2\/types\/post"}],"author":[{"embeddable":true,"href":"https:\/\/hidoctor.health\/blog\/wp-json\/wp\/v2\/users\/3"}],"replies":[{"embeddable":true,"href":"https:\/\/hidoctor.health\/blog\/wp-json\/wp\/v2\/comments?post=3113"}],"version-history":[{"count":0,"href":"https:\/\/hidoctor.health\/blog\/wp-json\/wp\/v2\/posts\/3113\/revisions"}],"wp:featuredmedia":[{"embeddable":true,"href":"https:\/\/hidoctor.health\/blog\/wp-json\/wp\/v2\/media\/3114"}],"wp:attachment":[{"href":"https:\/\/hidoctor.health\/blog\/wp-json\/wp\/v2\/media?parent=3113"}],"wp:term":[{"taxonomy":"category","embeddable":true,"href":"https:\/\/hidoctor.health\/blog\/wp-json\/wp\/v2\/categories?post=3113"},{"taxonomy":"post_tag","embeddable":true,"href":"https:\/\/hidoctor.health\/blog\/wp-json\/wp\/v2\/tags?post=3113"}],"curies":[{"name":"wp","href":"https:\/\/api.w.org\/{rel}","templated":true}]}}