{"id":3071,"date":"2024-01-15T03:57:09","date_gmt":"2024-01-15T00:57:09","guid":{"rendered":"https:\/\/demo.garsoft.com.tr\/hidoctor\/?p=3071"},"modified":"2024-03-11T12:33:48","modified_gmt":"2024-03-11T09:33:48","slug":"konsantre-olamama-nedir-nasil-gecer","status":"publish","type":"post","link":"https:\/\/hidoctor.health\/blog\/konsantre-olamama-nedir-nasil-gecer\/","title":{"rendered":"Konsantre Olamama Nedir? Nas\u0131l Ge\u00e7er?"},"content":{"rendered":"<p>G\u00fcn\u00fcm\u00fczde, teknolojinin geli\u015fmesi ve her birimiz i\u00e7in ekran s\u00fcresinin artmas\u0131 ile konsantrasyon \u00f6zellikle \u00e7ocuk ve gen\u00e7ler olmak \u00fczere her birimiz i\u00e7in problem olmaya devam ediyor. Bunun d\u0131\u015f\u0131nda da pek \u00e7ok sebebi olabilen bu durum, hayat kalitemizi negatif y\u00f6nde etkileyen bir durumdur. \u00d6zellikle \u00e7ocuklarda ve gen\u00e7lerde okul hayat\u0131n\u0131 b\u00fcy\u00fck \u00f6l\u00e7\u00fcde etkileyen ve ba\u015far\u0131n\u0131n \u00f6n\u00fcnde bir engel olu\u015fturan bu durum, fark edildi\u011fi zaman bir an \u00f6nce \u00f6nlem al\u0131nmal\u0131d\u0131r. \u00c7e\u015fitli testlerle \u00f6l\u00e7\u00fclen ve ard\u0131ndan gerekli m\u00fcdahalelerin yap\u0131ld\u0131\u011f\u0131 bu durum, uzmanlar taraf\u0131ndan takip edilmeli gerekirse ila\u00e7l\u0131 bir tedavi y\u00f6ntemine ba\u015fvurulmal\u0131d\u0131r.<\/p id=\"\" id=\"\" id=\"\" id=\"\" id=\"\" id=\"\" id=\"\" id=\"\" id=\"\" id=\"\" id=\"\" id=\"\" id=\"\" id=\"\" id=\"\" id=\"\" id=\"\" id=\"\" id=\"\" id=\"\" id=\"\" id=\"\" id=\"\" id=\"\" id=\"\" id=\"\" id=\"\" id=\"\" id=\"\" id=\"\" id=\"\" id=\"\" id=\"\" id=\"\" id=\"\" id=\"\" id=\"\" id=\"\" id=\"\" id=\"\" id=\"\">\n<p>Konsantrasyon; bir i\u015f \u00fczerinde kesintisiz olarak ve herhangi bir uyarandan etkilenmeden odaklanma anlam\u0131na gelir. Konsantre olarak yap\u0131lan i\u015f ve i\u015flemlerin eksiksiz tamamlanmas\u0131, verimli \u015fekilde ger\u00e7ekle\u015ftirilmesi m\u00fcmk\u00fcnd\u00fcr.<\/p id=\"\" id=\"\" id=\"\" id=\"\" id=\"\" id=\"\" id=\"\" id=\"\" id=\"\" id=\"\" id=\"\" id=\"\" id=\"\" id=\"\" id=\"\" id=\"\" id=\"\" id=\"\" id=\"\" id=\"\" id=\"\" id=\"\" id=\"\" id=\"\" id=\"\" id=\"\" id=\"\" id=\"\" id=\"\" id=\"\" id=\"\" id=\"\" id=\"\" id=\"\" id=\"\" id=\"\" id=\"\" id=\"\" id=\"\" id=\"\" id=\"\">\n<p>G\u00fcnl\u00fck sorumluluklar, i\u015f hayat\u0131n\u0131n gerekleri, ders \u00e7al\u0131\u015fma, ders dinleme veya herhangi bir aktivite i\u00e7in konsantre olunmas\u0131 gerekir. Bu ihtiyac\u0131n temelinde s\u00f6z konusu i\u015ften kopmadan verimli \u015fekilde \u00e7al\u0131\u015farak ba\u015far\u0131l\u0131 olma kriteri yer al\u0131r. Ancak baz\u0131 etkenler ve fakt\u00f6rler bireylerin konsantre olamama sorunu ya\u015famas\u0131na sebep olabilir.<\/p id=\"\" id=\"\" id=\"\" id=\"\" id=\"\" id=\"\" id=\"\" id=\"\" id=\"\" id=\"\" id=\"\" id=\"\" id=\"\" id=\"\" id=\"\" id=\"\" id=\"\" id=\"\" id=\"\" id=\"\" id=\"\" id=\"\" id=\"\" id=\"\" id=\"\" id=\"\" id=\"\" id=\"\" id=\"\" id=\"\" id=\"\" id=\"\" id=\"\" id=\"\" id=\"\" id=\"\" id=\"\" id=\"\" id=\"\" id=\"\" id=\"\">\n<p>\u0130\u015f hayat\u0131, okul, spor, sanat, k\u0131sacas\u0131 t\u00fcm i\u015f ve i\u015flemler i\u00e7in ba\u015far\u0131l\u0131 sonu\u00e7lar elde etmekle konsantre \u015fekilde bu i\u015fleri ger\u00e7ekle\u015ftirmek aras\u0131nda do\u011frudan bir ba\u011flant\u0131 vard\u0131r. Konsantre olamama nedenleri farkl\u0131l\u0131k g\u00f6sterse de ya\u015fanan sorun genel olarak verimsiz \u00e7al\u0131\u015fmaya ve beklentilerin kar\u015f\u0131lanmamas\u0131na yol a\u00e7ar. T\u00fcm dikkatini toplamak istemesine ra\u011fmen bir t\u00fcrl\u00fc oda\u011f\u0131n\u0131 yapt\u0131\u011f\u0131 i\u015fe veremeyen ki\u015filerin bu sorunu kronik \u015fekilde ya\u015famas\u0131 \u00f6zellikle \u00f6zel ve sosyal ya\u015fam\u0131 negatif etkiler.<\/p id=\"\" id=\"\" id=\"\" id=\"\" id=\"\" id=\"\" id=\"\" id=\"\" id=\"\" id=\"\" id=\"\" id=\"\" id=\"\" id=\"\" id=\"\" id=\"\" id=\"\" id=\"\" id=\"\" id=\"\" id=\"\" id=\"\" id=\"\" id=\"\" id=\"\" id=\"\" id=\"\" id=\"\" id=\"\" id=\"\" id=\"\" id=\"\" id=\"\" id=\"\" id=\"\" id=\"\" id=\"\" id=\"\" id=\"\" id=\"\" id=\"\">\n<p>\u00c7ocuklarda konsantrasyon eksikli\u011fi s\u0131k rastlanan durumlardan biridir. \u00c7ocuklar\u0131n i\u00e7 ve d\u0131\u015f uyaranlara kar\u015f\u0131, yeti\u015fkinlere oranla daha hassas oldu\u011fu bilinmektedir. Sorumluluklar\u0131n\u0131 yerine getirirken, ders \u00e7al\u0131\u015f\u0131rken, birini dinlerken, konu\u015furken ya da yazarken konsantrasyon eksikli\u011fi ya\u015fayan \u00e7ocuklarda akademik ba\u015far\u0131s\u0131zl\u0131k sonu\u00e7lu s\u00fcre\u00e7ler ya\u015fanabilir. Bu durumun kronik bir hal almas\u0131 durumunda dikkat ve konsantrasyon eksikli\u011fi ile ilgili profesyonel yard\u0131ma ba\u015fvurulmal\u0131d\u0131r.<\/p id=\"\" id=\"\" id=\"\" id=\"\" id=\"\" id=\"\" id=\"\" id=\"\" id=\"\" id=\"\" id=\"\" id=\"\" id=\"\" id=\"\" id=\"\" id=\"\" id=\"\" id=\"\" id=\"\" id=\"\" id=\"\" id=\"\" id=\"\" id=\"\" id=\"\" id=\"\" id=\"\" id=\"\" id=\"\" id=\"\" id=\"\" id=\"\" id=\"\" id=\"\" id=\"\" id=\"\" id=\"\" id=\"\" id=\"\" id=\"\" id=\"\">\n<p>\u00d6\u011frencilerde konsantrasyon eksikli\u011fi akademik hayat\u0131n olumsuz etkilenmesine yol a\u00e7ar. Dikkatini dinlemeye, anlamaya veya \u00fcretmeye veremeyen \u00f6\u011frenciler i\u00e7in bilginin i\u015flenmesi ve kullan\u0131lmas\u0131 da zorla\u015fabilir. Dolay\u0131s\u0131yla konsantrasyon bozuklu\u011fu ve dikkat eksikli\u011fi sebebiyle \u00f6\u011frenciler i\u00e7in okul hayat\u0131na kar\u015f\u0131 bak\u0131\u015f a\u00e7\u0131s\u0131 negatife d\u00f6ner. Okula gitmek, \u00f6dev yapmak, ders dinlemek veya \u00e7al\u0131\u015fmakla ilgili sorunlar\u0131 olan \u00f6\u011frencilerde \u00e7o\u011funlukla konsantrasyon kaynakl\u0131 problemler bulunur.<\/p id=\"\" id=\"\" id=\"\" id=\"\" id=\"\" id=\"\" id=\"\" id=\"\" id=\"\" id=\"\" id=\"\" id=\"\" id=\"\" id=\"\" id=\"\" id=\"\" id=\"\" id=\"\" id=\"\" id=\"\" id=\"\" id=\"\" id=\"\" id=\"\" id=\"\" id=\"\" id=\"\" id=\"\" id=\"\" id=\"\" id=\"\" id=\"\" id=\"\" id=\"\" id=\"\" id=\"\" id=\"\" id=\"\" id=\"\" id=\"\" id=\"\">\n<p>Yeti\u015fkinlerin konsantrasyon bozukluklar\u0131 ise i\u015f hayat\u0131nda ya\u015fanan aksakl\u0131klar\u0131n artmas\u0131na sebep olabilir. Verimli \u00e7al\u0131\u015fma d\u00fczeni ile beklentiler dahilinde \u00fcretim yapmas\u0131 istenen \u00e7al\u0131\u015fanlar\u0131n oda\u011f\u0131n\u0131 i\u015fe verememesi; i\u015f ya\u015fam\u0131n\u0131 olumsuz etkiler. Bu durum i\u015fe konsantre olamama sorununu ya\u015fayan ki\u015filer i\u00e7in negatif sonu\u00e7lar do\u011furabilir. Hem ba\u015far\u0131s\u0131zl\u0131k duygusunun verdi\u011fi \u00fcz\u00fcnt\u00fc hem de kariyerindeki olumsuzluklar sebebiyle ya\u015fayaca\u011f\u0131 kay\u0131plar, bireylerin psikolojik olarak olumsuz etkilenmelerine sebep olabilir.<\/p id=\"\" id=\"\" id=\"\" id=\"\" id=\"\" id=\"\" id=\"\" id=\"\" id=\"\" id=\"\" id=\"\" id=\"\" id=\"\" id=\"\" id=\"\" id=\"\" id=\"\" id=\"\" id=\"\" id=\"\" id=\"\" id=\"\" id=\"\" id=\"\" id=\"\" id=\"\" id=\"\" id=\"\" id=\"\" id=\"\" id=\"\" id=\"\" id=\"\" id=\"\" id=\"\" id=\"\" id=\"\" id=\"\" id=\"\" id=\"\" id=\"\">\n<p>Yaln\u0131zca k\u00fc\u00e7\u00fck \u00e7ocuklar i\u00e7in de\u011fil gen\u00e7ler ve yeti\u015fkinler i\u00e7in de ge\u00e7erli olan derse konsantre olamama problemleri, akademik ba\u015far\u0131 beklentilerinin ger\u00e7ekle\u015fmesine engel olabilir. Dolay\u0131s\u0131yla ders \u00e7al\u0131\u015fma eylemleriyle aras\u0131na so\u011fukluk giren gen\u00e7 ve yeti\u015fkinlerin \u00f6\u011frenme s\u00fcre\u00e7leri olumsuz etkilenir.<\/p id=\"\" id=\"\" id=\"\" id=\"\" id=\"\" id=\"\" id=\"\" id=\"\" id=\"\" id=\"\" id=\"\" id=\"\" id=\"\" id=\"\" id=\"\" id=\"\" id=\"\" id=\"\" id=\"\" id=\"\" id=\"\" id=\"\" id=\"\" id=\"\" id=\"\" id=\"\" id=\"\" id=\"\" id=\"\" id=\"\" id=\"\" id=\"\" id=\"\" id=\"\" id=\"\" id=\"\" id=\"\" id=\"\" id=\"\" id=\"\" id=\"\">\n<p>Konsantrasyon eksikli\u011fi tedavisi olan sorunlardan biridir. Uzman de\u011ferlendirmeleri ve profesyonel tedaviler sayesinde bu sorundan k\u0131sa s\u00fcrede kurtulmak m\u00fcmk\u00fcnd\u00fcr.<\/p id=\"\" id=\"\" id=\"\" id=\"\" id=\"\" id=\"\" id=\"\" id=\"\" id=\"\" id=\"\" id=\"\" id=\"\" id=\"\" id=\"\" id=\"\" id=\"\" id=\"\" id=\"\" id=\"\" id=\"\" id=\"\" id=\"\" id=\"\" id=\"\" id=\"\" id=\"\" id=\"\" id=\"\" id=\"\" id=\"\" id=\"\" id=\"\" id=\"\" id=\"\" id=\"\" id=\"\" id=\"\" id=\"\" id=\"\" id=\"\" id=\"\">\n<h2 id=\"konsantre-olamama-belirtileri-nelerdir\">Konsantre Olamama Belirtileri Nelerdir?<\/h2 id=\"\" id=\"\" id=\"\" id=\"\" id=\"\" id=\"\" id=\"\" id=\"\" id=\"\" id=\"\" id=\"\" id=\"\" id=\"\" id=\"\" id=\"\" id=\"\" id=\"\" id=\"\" id=\"\" id=\"\" id=\"\" id=\"\" id=\"\" id=\"\" id=\"\" id=\"\" id=\"\" id=\"\" id=\"\" id=\"\" id=\"\" id=\"\" id=\"\" id=\"\" id=\"\" id=\"\" id=\"\" id=\"\" id=\"\" id=\"\" id=\"\">\n<p id=\"konsantre-olamama-hastaligi-uzun-sure-devam-etmesi-halinde-belirtileri-artan-ve-gunluk-yasami-olumsuz-etkileyen-bir-hastaliktir-bu-belirtiler-sebebiyle-hastalarin-gunluk-rutin-sorumluluklarini-yerine\">Konsantre olamama hastal\u0131\u011f\u0131 uzun s\u00fcre devam etmesi halinde belirtileri artan ve g\u00fcnl\u00fck ya\u015fam\u0131 olumsuz etkileyen bir hastal\u0131kt\u0131r. Bu belirtiler sebebiyle hastalar\u0131n g\u00fcnl\u00fck rutin sorumluluklar\u0131n\u0131 yerine getirmesi bile zorla\u015fabilir.<\/p id=\"\" id=\"\" id=\"\" id=\"\" id=\"\" id=\"\" id=\"\" id=\"\" id=\"\" id=\"\" id=\"\" id=\"\" id=\"\" id=\"\" id=\"\" id=\"\" id=\"\" id=\"\" id=\"\" id=\"\" id=\"\" id=\"\" id=\"\" id=\"\" id=\"\" id=\"\" id=\"\" id=\"\" id=\"\" id=\"\" id=\"\" id=\"\" id=\"\" id=\"\" id=\"\" id=\"\" id=\"\" id=\"\" id=\"\" id=\"\" id=\"\">\n<p id=\"en-yaygin-konsantre-olamama-belirtileri-yapilmasi-gereken-is-planlari-okuma-konusma-gibi-ardisik-isleri-takip-etmekte-zorlanmaktir-bu-belirtilerin-yuksek-seviyelerde-seyrettigi-hastalarin-kendi-ur\">En yayg\u0131n konsantre olamama belirtileri; yap\u0131lmas\u0131 gereken i\u015f planlar\u0131, okuma, konu\u015fma gibi ard\u0131\u015f\u0131k i\u015fleri takip etmekte zorlanmakt\u0131r. Bu belirtilerin y\u00fcksek seviyelerde seyretti\u011fi hastalar\u0131n kendi \u00fcretimlerinde, konu\u015fmalar\u0131nda, yazmalar\u0131nda ve i\u015fleri yerine getirmelerinde fiziki aksakl\u0131klar ya\u015fanmaya ba\u015flar.<\/p id=\"\" id=\"\" id=\"\" id=\"\" id=\"\" id=\"\" id=\"\" id=\"\" id=\"\" id=\"\" id=\"\" id=\"\" id=\"\" id=\"\" id=\"\" id=\"\" id=\"\" id=\"\" id=\"\" id=\"\" id=\"\" id=\"\" id=\"\" id=\"\" id=\"\" id=\"\" id=\"\" id=\"\" id=\"\" id=\"\" id=\"\" id=\"\" id=\"\" id=\"\" id=\"\" id=\"\" id=\"\" id=\"\" id=\"\" id=\"\" id=\"\">\n<p id=\"konsantrasyon-eksikligi-belirtileri-her-hastanin-icinde-bulundugu-durum-sartlar-ve-etkilendigi-faktorler-bakimindan-farklilik-gosterebilir-cocuklar-icin-en-yogun-belirtiler-okul-yasaminda-gozlenirke\">Konsantrasyon eksikli\u011fi belirtileri her hastan\u0131n i\u00e7inde bulundu\u011fu durum, \u015fartlar ve etkilendi\u011fi fakt\u00f6rler bak\u0131m\u0131ndan farkl\u0131l\u0131k g\u00f6sterebilir. \u00c7ocuklar i\u00e7in en yo\u011fun belirtiler okul ya\u015fam\u0131nda g\u00f6zlenirken, yeti\u015fkinlerin odak sorunlar\u0131 i\u015f hayat\u0131nda ortaya \u00e7\u0131kabilir.<\/p id=\"\" id=\"\" id=\"\" id=\"\" id=\"\" id=\"\" id=\"\" id=\"\" id=\"\" id=\"\" id=\"\" id=\"\" id=\"\" id=\"\" id=\"\" id=\"\" id=\"\" id=\"\" id=\"\" id=\"\" id=\"\" id=\"\" id=\"\" id=\"\" id=\"\" id=\"\" id=\"\" id=\"\" id=\"\" id=\"\" id=\"\" id=\"\" id=\"\" id=\"\" id=\"\" id=\"\" id=\"\" id=\"\" id=\"\" id=\"\" id=\"\">\n<p id=\"bazi-konsantrasyon-eksikligi-nedenleri-psikolojik-problemlere-bagli-oldugundan-dusunsel-olarak-daha-fazla-yasanir-bazilarinda-ise-fizyolojik-hastaliklarin-bir-yansimasi-seklinde-olusur-ya-da-vitamin\">Baz\u0131 konsantrasyon eksikli\u011fi nedenleri psikolojik problemlere ba\u011fl\u0131 oldu\u011fundan d\u00fc\u015f\u00fcnsel olarak daha fazla ya\u015fan\u0131r. Baz\u0131lar\u0131nda ise fizyolojik hastal\u0131klar\u0131n bir yans\u0131mas\u0131 \u015feklinde olu\u015fur ya da vitamin eksikli\u011finden kaynaklanan odak problemleri ortaya \u00e7\u0131kabilir. Her iki durumun belirtilerindeki yo\u011funluk ve t\u00fcr de birbirinden farkl\u0131 \u015fekilde geli\u015febilir.<\/p id=\"\" id=\"\" id=\"\" id=\"\" id=\"\" id=\"\" id=\"\" id=\"\" id=\"\" id=\"\" id=\"\" id=\"\" id=\"\" id=\"\" id=\"\" id=\"\" id=\"\" id=\"\" id=\"\" id=\"\" id=\"\" id=\"\" id=\"\" id=\"\" id=\"\" id=\"\" id=\"\" id=\"\" id=\"\" id=\"\" id=\"\" id=\"\" id=\"\" id=\"\" id=\"\" id=\"\" id=\"\" id=\"\" id=\"\" id=\"\" id=\"\">\n<h2 id=\"konsantre-olamama-problemi-icin-hangi-doktora-gidilir\">Konsantre Olamama Problemi \u0130\u00e7in Hangi Doktora Gidilir?<\/h2 id=\"\" id=\"\" id=\"\" id=\"\" id=\"\" id=\"\" id=\"\" id=\"\" id=\"\" id=\"\" id=\"\" id=\"\" id=\"\" id=\"\" id=\"\" id=\"\" id=\"\" id=\"\" id=\"\" id=\"\" id=\"\" id=\"\" id=\"\" id=\"\" id=\"\" id=\"\" id=\"\" id=\"\" id=\"\" id=\"\" id=\"\" id=\"\" id=\"\" id=\"\" id=\"\" id=\"\" id=\"\" id=\"\" id=\"\" id=\"\" id=\"\">\n<p id=\"konsantre-olamama-sorunu-icin-farkli-tibbi-birimlerin-degerlendirmelerine-ihtiyac-duyulur-fiziki-ya-da-psikolojik-temelli-olabilen-odaklanma-problemlerinin-asil-sebepleri-arastirilirken-hastanin-sika\">Konsantre olamama sorunu i\u00e7in farkl\u0131 t\u0131bbi birimlerin de\u011ferlendirmelerine ihtiya\u00e7 duyulur. Fiziki ya da psikolojik temelli olabilen odaklanma problemlerinin as\u0131l sebepleri ara\u015ft\u0131r\u0131l\u0131rken hastan\u0131n \u015fikayetleri ve tetkik bulgular\u0131 b\u00fct\u00fcnc\u00fcl olarak hekimler taraf\u0131ndan de\u011ferlendirilir.<\/p id=\"\" id=\"\" id=\"\" id=\"\" id=\"\" id=\"\" id=\"\" id=\"\" id=\"\" id=\"\" id=\"\" id=\"\" id=\"\" id=\"\" id=\"\" id=\"\" id=\"\" id=\"\" id=\"\" id=\"\" id=\"\" id=\"\" id=\"\" id=\"\" id=\"\" id=\"\" id=\"\" id=\"\" id=\"\" id=\"\" id=\"\" id=\"\" id=\"\" id=\"\" id=\"\" id=\"\" id=\"\" id=\"\" id=\"\" id=\"\" id=\"\">\n<p id=\"hastanin-yasadigi-unutkanlik-ve-odak-problemi-fizyolojik-hastaliklarla-iliskiliyse-ya-da-vitamin-eksikligi-kaynakliysa-oncelikle-noroloji-muayenesi-olunmalidir-eger-fiziki-hastalik-temelli-bir-sorun\">Hastan\u0131n ya\u015fad\u0131\u011f\u0131 unutkanl\u0131k ve odak problemi fizyolojik hastal\u0131klarla ili\u015fkiliyse ya da vitamin eksikli\u011fi kaynakl\u0131ysa \u00f6ncelikle n\u00f6roloji muayenesi olunmal\u0131d\u0131r. E\u011fer fiziki hastal\u0131k temelli bir sorun ya\u015fanm\u0131yorsa psikiyatri b\u00f6l\u00fcm\u00fcne ba\u015fvurulmas\u0131 gerekir.<\/p id=\"\" id=\"\" id=\"\" id=\"\" id=\"\" id=\"\" id=\"\" id=\"\" id=\"\" id=\"\" id=\"\" id=\"\" id=\"\" id=\"\" id=\"\" id=\"\" id=\"\" id=\"\" id=\"\" id=\"\" id=\"\" id=\"\" id=\"\" id=\"\" id=\"\" id=\"\" id=\"\" id=\"\" id=\"\" id=\"\" id=\"\" id=\"\" id=\"\" id=\"\" id=\"\" id=\"\" id=\"\" id=\"\" id=\"\" id=\"\" id=\"\">\n<p id=\"psikolojik-hastaliklarin-belirtilerinden-biri-olarak-ortaya-cikabilen-konsantrasyon-bozuklugu-tedavisi-olan-sorunlardan-biridir-bazi-zamanlarda-bireylerin-yasadigi-psikolojik-baski-ya-da-gerilim-herh\">Psikolojik hastal\u0131klar\u0131n belirtilerinden biri olarak ortaya \u00e7\u0131kabilen konsantrasyon bozuklu\u011fu tedavisi olan sorunlardan biridir. Baz\u0131 zamanlarda bireylerin ya\u015fad\u0131\u011f\u0131 psikolojik bask\u0131 ya da gerilim herhangi bir i\u015fe odaklanmalar\u0131na engel olabilir. E\u011fer altta yatan sebepler psikolojik rahats\u0131zl\u0131klarla ili\u015fkiliyse belirti olarak ortaya \u00e7\u0131kan odaklanma sorunu, bu hastal\u0131\u011f\u0131n iyile\u015ftirilmesinden sonra ortadan kalkar.<\/p id=\"\" id=\"\" id=\"\" id=\"\" id=\"\" id=\"\" id=\"\" id=\"\" id=\"\" id=\"\" id=\"\" id=\"\" id=\"\" id=\"\" id=\"\" id=\"\" id=\"\" id=\"\" id=\"\" id=\"\" id=\"\" id=\"\" id=\"\" id=\"\" id=\"\" id=\"\" id=\"\" id=\"\" id=\"\" id=\"\" id=\"\" id=\"\" id=\"\" id=\"\" id=\"\" id=\"\" id=\"\" id=\"\" id=\"\" id=\"\" id=\"\">\n<p id=\"hasta-yasadigi-yogun-stres-veya-baski-sebebiyle-dikkat-eksikligi-yasiyorsa-bu-stresin-kaynagi-bulunmaya-calisilir-yasanan-stresin-asilmasi-uzman-psikologlardan-alinan-terapi-hizmetiyle-kolaylasir\">Hasta ya\u015fad\u0131\u011f\u0131 yo\u011fun stres veya bask\u0131 sebebiyle dikkat eksikli\u011fi ya\u015f\u0131yorsa bu stresin kayna\u011f\u0131 bulunmaya \u00e7al\u0131\u015f\u0131l\u0131r, ya\u015fanan stresin a\u015f\u0131lmas\u0131 uzman psikologlardan al\u0131nan terapi hizmetiyle kolayla\u015f\u0131r.<\/p id=\"\" id=\"\" id=\"\" id=\"\" id=\"\" id=\"\" id=\"\" id=\"\" id=\"\" id=\"\" id=\"\" id=\"\" id=\"\" id=\"\" id=\"\" id=\"\" id=\"\" id=\"\" id=\"\" id=\"\" id=\"\" id=\"\" id=\"\" id=\"\" id=\"\" id=\"\" id=\"\" id=\"\" id=\"\" id=\"\" id=\"\" id=\"\" id=\"\" id=\"\" id=\"\" id=\"\" id=\"\" id=\"\" id=\"\" id=\"\" id=\"\">\n<h2 id=\"konsantre-olamama-neden-olur\">Konsantre Olamama Neden Olur?<\/h2 id=\"\" id=\"\" id=\"\" id=\"\" id=\"\" id=\"\" id=\"\" id=\"\" id=\"\" id=\"\" id=\"\" id=\"\" id=\"\" id=\"\" id=\"\" id=\"\" id=\"\" id=\"\" id=\"\" id=\"\" id=\"\" id=\"\" id=\"\" id=\"\" id=\"\" id=\"\" id=\"\" id=\"\" id=\"\" id=\"\" id=\"\" id=\"\" id=\"\" id=\"\" id=\"\" id=\"\" id=\"\" id=\"\" id=\"\" id=\"\" id=\"\">\n<p id=\"konsantre-olamama-sorununun-sayisiz-sebebi-bulunur-bunlar-arasinda-fiziki-ve-psikolojik-hastaliklar-olmakla-beraber-pek-cok-cevresel-faktor-de-odak-sorunlarina-yol-acabilir-ozellikle-son-yuzyilin-hi\">Konsantre olamama sorununun say\u0131s\u0131z sebebi bulunur. Bunlar aras\u0131nda fiziki ve psikolojik hastal\u0131klar olmakla beraber pek \u00e7ok \u00e7evresel fakt\u00f6r de odak sorunlar\u0131na yol a\u00e7abilir. \u00d6zellikle son y\u00fczy\u0131l\u0131n h\u0131zl\u0131 ya\u015fam konsepti ve teknolojik geli\u015fimin hat safhaya ula\u015fmas\u0131 insanlar i\u00e7in negatif uyaran say\u0131s\u0131n\u0131 art\u0131rm\u0131\u015ft\u0131r. Dolay\u0131s\u0131yla yaln\u0131zca hastal\u0131klarla ba\u011flant\u0131l\u0131 olarak de\u011fil, \u00e7evresel fakt\u00f6rlerden kaynaklanan dikkat eksikli\u011fi ve konsantrasyon bozuklu\u011fu da yayg\u0131nd\u0131r.<\/p id=\"\" id=\"\" id=\"\" id=\"\" id=\"\" id=\"\" id=\"\" id=\"\" id=\"\" id=\"\" id=\"\" id=\"\" id=\"\" id=\"\" id=\"\" id=\"\" id=\"\" id=\"\" id=\"\" id=\"\" id=\"\" id=\"\" id=\"\" id=\"\" id=\"\" id=\"\" id=\"\" id=\"\" id=\"\" id=\"\" id=\"\" id=\"\" id=\"\" id=\"\" id=\"\" id=\"\" id=\"\" id=\"\" id=\"\" id=\"\" id=\"\">\n<p id=\"konsantrasyon-bozukluklarinda-etkin-rol-oynayan-nedenler-su-sekilde-siralanabilir\">Konsantrasyon bozukluklar\u0131nda etkin rol oynayan nedenler \u015fu \u015fekilde s\u0131ralanabilir:<\/p id=\"\" id=\"\" id=\"\" id=\"\" id=\"\" id=\"\" id=\"\" id=\"\" id=\"\" id=\"\" id=\"\" id=\"\" id=\"\" id=\"\" id=\"\" id=\"\" id=\"\" id=\"\" id=\"\" id=\"\" id=\"\" id=\"\" id=\"\" id=\"\" id=\"\" id=\"\" id=\"\" id=\"\" id=\"\" id=\"\" id=\"\" id=\"\" id=\"\" id=\"\" id=\"\" id=\"\" id=\"\" id=\"\" id=\"\" id=\"\" id=\"\">\n<ul id=\"\" id=\"\" id=\"\" id=\"\" id=\"\" id=\"\" id=\"\" id=\"\" id=\"\" id=\"\" id=\"\" id=\"\" id=\"\" id=\"\" id=\"\" id=\"\" id=\"\" id=\"\" id=\"\" id=\"\" id=\"\" id=\"\" id=\"\" id=\"\" id=\"\" id=\"\" id=\"\" id=\"\" id=\"\" id=\"\" id=\"\" id=\"\" id=\"\" id=\"\" id=\"\" id=\"\" id=\"\" id=\"\" id=\"\" id=\"\" id=\"\">\n<li>Beslenme bozukluklar\u0131<\/li id=\"\" id=\"\" id=\"\" id=\"\" id=\"\" id=\"\" id=\"\" id=\"\" id=\"\" id=\"\" id=\"\" id=\"\" id=\"\" id=\"\" id=\"\" id=\"\" id=\"\" id=\"\" id=\"\" id=\"\" id=\"\" id=\"\" id=\"\" id=\"\" id=\"\" id=\"\" id=\"\" id=\"\" id=\"\" id=\"\" id=\"\" id=\"\" id=\"\" id=\"\" id=\"\" id=\"\" id=\"\" id=\"\" id=\"\" id=\"\" id=\"\">\n<li>Uykusuzluk<\/li id=\"\" id=\"\" id=\"\" id=\"\" id=\"\" id=\"\" id=\"\" id=\"\" id=\"\" id=\"\" id=\"\" id=\"\" id=\"\" id=\"\" id=\"\" id=\"\" id=\"\" id=\"\" id=\"\" id=\"\" id=\"\" id=\"\" id=\"\" id=\"\" id=\"\" id=\"\" id=\"\" id=\"\" id=\"\" id=\"\" id=\"\" id=\"\" id=\"\" id=\"\" id=\"\" id=\"\" id=\"\" id=\"\" id=\"\" id=\"\" id=\"\">\n<li>Vitamin eksikli\u011fi<\/li id=\"\" id=\"\" id=\"\" id=\"\" id=\"\" id=\"\" id=\"\" id=\"\" id=\"\" id=\"\" id=\"\" id=\"\" id=\"\" id=\"\" id=\"\" id=\"\" id=\"\" id=\"\" id=\"\" id=\"\" id=\"\" id=\"\" id=\"\" id=\"\" id=\"\" id=\"\" id=\"\" id=\"\" id=\"\" id=\"\" id=\"\" id=\"\" id=\"\" id=\"\" id=\"\" id=\"\" id=\"\" id=\"\" id=\"\" id=\"\" id=\"\">\n<li>Psikiyatrik sendromlar\/hastal\u0131klar<\/li id=\"\" id=\"\" id=\"\" id=\"\" id=\"\" id=\"\" id=\"\" id=\"\" id=\"\" id=\"\" id=\"\" id=\"\" id=\"\" id=\"\" id=\"\" id=\"\" id=\"\" id=\"\" id=\"\" id=\"\" id=\"\" id=\"\" id=\"\" id=\"\" id=\"\" id=\"\" id=\"\" id=\"\" id=\"\" id=\"\" id=\"\" id=\"\" id=\"\" id=\"\" id=\"\" id=\"\" id=\"\" id=\"\" id=\"\" id=\"\" id=\"\">\n<li>Genetik fakt\u00f6rler<\/li id=\"\" id=\"\" id=\"\" id=\"\" id=\"\" id=\"\" id=\"\" id=\"\" id=\"\" id=\"\" id=\"\" id=\"\" id=\"\" id=\"\" id=\"\" id=\"\" id=\"\" id=\"\" id=\"\" id=\"\" id=\"\" id=\"\" id=\"\" id=\"\" id=\"\" id=\"\" id=\"\" id=\"\" id=\"\" id=\"\" id=\"\" id=\"\" id=\"\" id=\"\" id=\"\" id=\"\" id=\"\" id=\"\" id=\"\" id=\"\" id=\"\">\n<li>Teknoloji ba\u011f\u0131ml\u0131l\u0131\u011f\u0131<\/li id=\"\" id=\"\" id=\"\" id=\"\" id=\"\" id=\"\" id=\"\" id=\"\" id=\"\" id=\"\" id=\"\" id=\"\" id=\"\" id=\"\" id=\"\" id=\"\" id=\"\" id=\"\" id=\"\" id=\"\" id=\"\" id=\"\" id=\"\" id=\"\" id=\"\" id=\"\" id=\"\" id=\"\" id=\"\" id=\"\" id=\"\" id=\"\" id=\"\" id=\"\" id=\"\" id=\"\" id=\"\" id=\"\" id=\"\" id=\"\" id=\"\">\n<li>\u00c7evresel fakt\u00f6rler<\/li id=\"\" id=\"\" id=\"\" id=\"\" id=\"\" id=\"\" id=\"\" id=\"\" id=\"\" id=\"\" id=\"\" id=\"\" id=\"\" id=\"\" id=\"\" id=\"\" id=\"\" id=\"\" id=\"\" id=\"\" id=\"\" id=\"\" id=\"\" id=\"\" id=\"\" id=\"\" id=\"\" id=\"\" id=\"\" id=\"\" id=\"\" id=\"\" id=\"\" id=\"\" id=\"\" id=\"\" id=\"\" id=\"\" id=\"\" id=\"\" id=\"\">\n<\/ul id=\"\" id=\"\" id=\"\" id=\"\" id=\"\" id=\"\" id=\"\" id=\"\" id=\"\" id=\"\" id=\"\" id=\"\" id=\"\" id=\"\" id=\"\" id=\"\" id=\"\" id=\"\" id=\"\" id=\"\" id=\"\" id=\"\" id=\"\" id=\"\" id=\"\" id=\"\" id=\"\" id=\"\" id=\"\" id=\"\" id=\"\" id=\"\" id=\"\" id=\"\" id=\"\" id=\"\" id=\"\" id=\"\" id=\"\" id=\"\" id=\"\">\n<p id=\"beden-sagliginin-birinci-dereceden-etkilendigi-uyku-sorunlari-ayni-zamanda-psikolojik-ve-zihinsel-problemlerin-de-sebebi-olabilir\">Beden sa\u011fl\u0131\u011f\u0131n\u0131n birinci dereceden etkilendi\u011fi uyku sorunlar\u0131 ayn\u0131 zamanda psikolojik ve zihinsel problemlerin de sebebi olabilir.<\/p id=\"\" id=\"\" id=\"\" id=\"\" id=\"\" id=\"\" id=\"\" id=\"\" id=\"\" id=\"\" id=\"\" id=\"\" id=\"\" id=\"\" id=\"\" id=\"\" id=\"\" id=\"\" id=\"\" id=\"\" id=\"\" id=\"\" id=\"\" id=\"\" id=\"\" id=\"\" id=\"\" id=\"\" id=\"\" id=\"\" id=\"\" id=\"\" id=\"\" id=\"\" id=\"\" id=\"\" id=\"\" id=\"\" id=\"\" id=\"\" id=\"\">\n<p id=\"konsantrasyon-eksikligi-nedenleri-arasinda-gosterilen-uykusuzluk-gun-icinde-fiziki-yorgunlukla-beraber-odaklanma-sorunlarinin-da-yasanmasina-sebep-olabilir-ayni-durum-beslenme-bozukluklari-veya-yanl\">Konsantrasyon eksikli\u011fi nedenleri aras\u0131nda g\u00f6sterilen uykusuzluk, g\u00fcn i\u00e7inde fiziki yorgunlukla beraber odaklanma sorunlar\u0131n\u0131n da ya\u015fanmas\u0131na sebep olabilir. Ayn\u0131 durum beslenme bozukluklar\u0131 veya yanl\u0131\u015f beslenme al\u0131\u015fkanl\u0131klar\u0131 i\u00e7in de ge\u00e7erlidir.<\/p id=\"\" id=\"\" id=\"\" id=\"\" id=\"\" id=\"\" id=\"\" id=\"\" id=\"\" id=\"\" id=\"\" id=\"\" id=\"\" id=\"\" id=\"\" id=\"\" id=\"\" id=\"\" id=\"\" id=\"\" id=\"\" id=\"\" id=\"\" id=\"\" id=\"\" id=\"\" id=\"\" id=\"\" id=\"\" id=\"\" id=\"\" id=\"\" id=\"\" id=\"\" id=\"\" id=\"\" id=\"\" id=\"\" id=\"\" id=\"\" id=\"\">\n<p id=\"vucudun-ihtiyac-duydugu-besin-ve-vitaminlerden-yoksun-kalmasi-odaklanma-problemlerinin-artmasina-yol-acar-demir-eksikligi-konsantrasyon-sorunlarinin-ortaya-cikisinda-sik-rastlanan-sebepler-arasinda\">V\u00fccudun ihtiya\u00e7 duydu\u011fu besin ve vitaminlerden yoksun kalmas\u0131 odaklanma problemlerinin artmas\u0131na yol a\u00e7ar. Demir eksikli\u011fi, konsantrasyon sorunlar\u0131n\u0131n ortaya \u00e7\u0131k\u0131\u015f\u0131nda s\u0131k rastlanan sebepler aras\u0131nda yer al\u0131r.<\/p id=\"\" id=\"\" id=\"\" id=\"\" id=\"\" id=\"\" id=\"\" id=\"\" id=\"\" id=\"\" id=\"\" id=\"\" id=\"\" id=\"\" id=\"\" id=\"\" id=\"\" id=\"\" id=\"\" id=\"\" id=\"\" id=\"\" id=\"\" id=\"\" id=\"\" id=\"\" id=\"\" id=\"\" id=\"\" id=\"\" id=\"\" id=\"\" id=\"\" id=\"\" id=\"\" id=\"\" id=\"\" id=\"\" id=\"\" id=\"\" id=\"\">\n<p id=\"insanlarin-saglikli-bir-beden-dongusu-icin-ihtiyac-duydugu-vitaminleri-alamamasi-zihinsel-faaliyetlerini-olumsuz-etkiler-ozellikle-gelisim-cagindaki-cocuklar-ve-gencler-icin-vitaminlerin-zihinsel-faa\">\u0130nsanlar\u0131n sa\u011fl\u0131kl\u0131 bir beden d\u00f6ng\u00fcs\u00fc i\u00e7in ihtiya\u00e7 duydu\u011fu vitaminleri alamamas\u0131 zihinsel faaliyetlerini olumsuz etkiler. \u00d6zellikle geli\u015fim \u00e7a\u011f\u0131ndaki \u00e7ocuklar ve gen\u00e7ler i\u00e7in vitaminlerin zihinsel faaliyetler \u00fczerindeki etkisi \u00e7ok daha fazlad\u0131r. Konsantrasyon eksikli\u011fi vitamin eksikli\u011fiyle ba\u011flant\u0131l\u0131 \u015fekilde ortaya \u00e7\u0131kabilir. Bu durumda hastalara takviye tedavileri uygulanmas\u0131 gerekir.<\/p id=\"\" id=\"\" id=\"\" id=\"\" id=\"\" id=\"\" id=\"\" id=\"\" id=\"\" id=\"\" id=\"\" id=\"\" id=\"\" id=\"\" id=\"\" id=\"\" id=\"\" id=\"\" id=\"\" id=\"\" id=\"\" id=\"\" id=\"\" id=\"\" id=\"\" id=\"\" id=\"\" id=\"\" id=\"\" id=\"\" id=\"\" id=\"\" id=\"\" id=\"\" id=\"\" id=\"\" id=\"\" id=\"\" id=\"\" id=\"\" id=\"\">\n<p id=\"teknolojik-gelismeler-isiginda-insanlar-icin-gunluk-is-ve-islemlerin-gerceklesmesinden-bireysel-ihtiyaclarin-karsilanmasina-kadar-pek-cok-alanda-teknolojiden-faydalanmak-mumkun-hale-gelmistir-ancak-k\">Teknolojik geli\u015fmeler \u0131\u015f\u0131\u011f\u0131nda insanlar i\u00e7in g\u00fcnl\u00fck i\u015f ve i\u015flemlerin ger\u00e7ekle\u015fmesinden bireysel ihtiya\u00e7lar\u0131n kar\u015f\u0131lanmas\u0131na kadar pek \u00e7ok alanda teknolojiden faydalanmak m\u00fcmk\u00fcn hale gelmi\u015ftir. Ancak kontrols\u00fcz kullan\u0131m\u0131n oldu\u011fu her \u015fey gibi teknoloji kullan\u0131m\u0131 da ba\u011f\u0131ml\u0131l\u0131k yaratabilen bir durumdur. Bilhassa \u00e7ocuklarda teknoloji ba\u011f\u0131ml\u0131l\u0131\u011f\u0131 konsantrasyon eksikli\u011fi i\u00e7in zemin olu\u015fturan bir risk fakt\u00f6r\u00fcd\u00fcr.<\/p id=\"\" id=\"\" id=\"\" id=\"\" id=\"\" id=\"\" id=\"\" id=\"\" id=\"\" id=\"\" id=\"\" id=\"\" id=\"\" id=\"\" id=\"\" id=\"\" id=\"\" id=\"\" id=\"\" id=\"\" id=\"\" id=\"\" id=\"\" id=\"\" id=\"\" id=\"\" id=\"\" id=\"\" id=\"\" id=\"\" id=\"\" id=\"\" id=\"\" id=\"\" id=\"\" id=\"\" id=\"\" id=\"\" id=\"\" id=\"\" id=\"\">\n<p id=\"zihinsel-olarak-surekli-teknoloji-kullanimina-ihtiyaci-oldugunu-dusunen-bireylerin-farkli-bir-is-veya-islemi-gerceklestirmekteki-verimi-duser-ve-dikkat-eksikligi-meydana-gelir-dikkat-eksikligi-konsan\">Zihinsel olarak s\u00fcrekli teknoloji kullan\u0131m\u0131na ihtiyac\u0131 oldu\u011funu d\u00fc\u015f\u00fcnen bireylerin farkl\u0131 bir i\u015f veya i\u015flemi ger\u00e7ekle\u015ftirmekteki verimi d\u00fc\u015fer ve dikkat eksikli\u011fi meydana gelir. Dikkat eksikli\u011fi konsantrasyon bozuklu\u011fu tedavisi i\u00e7in ya\u015fanan sorunun temelindeki fakt\u00f6rler b\u00fcy\u00fck \u00f6nem ta\u015f\u0131r.<\/p id=\"\" id=\"\" id=\"\" id=\"\" id=\"\" id=\"\" id=\"\" id=\"\" id=\"\" id=\"\" id=\"\" id=\"\" id=\"\" id=\"\" id=\"\" id=\"\" id=\"\" id=\"\" id=\"\" id=\"\" id=\"\" id=\"\" id=\"\" id=\"\" id=\"\" id=\"\" id=\"\" id=\"\" id=\"\" id=\"\" id=\"\" id=\"\" id=\"\" id=\"\" id=\"\" id=\"\" id=\"\" id=\"\" id=\"\" id=\"\" id=\"\">\n<h2 id=\"konsantre-olamama-tedavisinde-neler-yapilir-konsantre-olamama-nasil-tedavi-edilir\">Konsantre Olamama Tedavisinde Neler Yap\u0131l\u0131r? Konsantre Olamama Nas\u0131l Tedavi Edilir?<\/h2 id=\"\" id=\"\" id=\"\" id=\"\" id=\"\" id=\"\" id=\"\" id=\"\" id=\"\" id=\"\" id=\"\" id=\"\" id=\"\" id=\"\" id=\"\" id=\"\" id=\"\" id=\"\" id=\"\" id=\"\" id=\"\" id=\"\" id=\"\" id=\"\" id=\"\" id=\"\" id=\"\" id=\"\" id=\"\" id=\"\" id=\"\" id=\"\" id=\"\" id=\"\" id=\"\" id=\"\" id=\"\" id=\"\" id=\"\" id=\"\" id=\"\">\n<p id=\"konsantrasyon-eksikligi-icin-ilac-kullanimi-ve-vitamin-takviyesi-tedavi-sureclerinde-tercih-edilen-alternatiflerden-bazilaridir-ancak-en-verimli-surecler-psikolojik-terapi-yontemleriyle-desteklenen-t\">Konsantrasyon eksikli\u011fi i\u00e7in ila\u00e7 kullan\u0131m\u0131 ve vitamin takviyesi tedavi s\u00fcre\u00e7lerinde tercih edilen alternatiflerden baz\u0131lar\u0131d\u0131r. Ancak en verimli s\u00fcre\u00e7ler psikolojik terapi y\u00f6ntemleriyle desteklenen tedavilerle olu\u015fturulur.<\/p id=\"\" id=\"\" id=\"\" id=\"\" id=\"\" id=\"\" id=\"\" id=\"\" id=\"\" id=\"\" id=\"\" id=\"\" id=\"\" id=\"\" id=\"\" id=\"\" id=\"\" id=\"\" id=\"\" id=\"\" id=\"\" id=\"\" id=\"\" id=\"\" id=\"\" id=\"\" id=\"\" id=\"\" id=\"\" id=\"\" id=\"\" id=\"\" id=\"\" id=\"\" id=\"\" id=\"\" id=\"\" id=\"\" id=\"\" id=\"\" id=\"\">\n<p id=\"hastalarin-hem-fiziksel-hem-de-psikolojik-olarak-desteklendigi-butuncul-tedavi-planlamalariyla-konsantrasyon-ve-dikkat-eksikligi-tedavi-edilebilir\">Hastalar\u0131n hem fiziksel hem de psikolojik olarak desteklendi\u011fi b\u00fct\u00fcnc\u00fcl tedavi planlamalar\u0131yla konsantrasyon ve dikkat eksikli\u011fi tedavi edilebilir.<\/p id=\"\" id=\"\" id=\"\" id=\"\" id=\"\" id=\"\" id=\"\" id=\"\" id=\"\" id=\"\" id=\"\" id=\"\" id=\"\" id=\"\" id=\"\" id=\"\" id=\"\" id=\"\" id=\"\" id=\"\" id=\"\" id=\"\" id=\"\" id=\"\" id=\"\" id=\"\" id=\"\" id=\"\" id=\"\" id=\"\" id=\"\" id=\"\" id=\"\" id=\"\" id=\"\" id=\"\" id=\"\" id=\"\" id=\"\" id=\"\" id=\"\">\n<h2 id=\"konsantre-olamama-nasil-giderilir\">Konsantre Olamama Nas\u0131l Giderilir?<\/h2 id=\"\" id=\"\" id=\"\" id=\"\" id=\"\" id=\"\" id=\"\" id=\"\" id=\"\" id=\"\" id=\"\" id=\"\" id=\"\" id=\"\" id=\"\" id=\"\" id=\"\" id=\"\" id=\"\" id=\"\" id=\"\" id=\"\" id=\"\" id=\"\" id=\"\" id=\"\" id=\"\" id=\"\" id=\"\" id=\"\" id=\"\" id=\"\" id=\"\" id=\"\" id=\"\" id=\"\" id=\"\" id=\"\" id=\"\" id=\"\" id=\"\">\n<p id=\"konsantre-olamama-teshisin-ardindan-farkli-tedavi-surecleriyle-iyilestirilen-bir-hastaliktir-ilac-ve-vitamin-takviyeleriyle-fiziksel-anlamda-desteklenen-hastalar-icin-psikolojik-bakimdan-da-destek-a\">Konsantre olamama, te\u015fhisin ard\u0131ndan farkl\u0131 tedavi s\u00fcre\u00e7leriyle iyile\u015ftirilen bir hastal\u0131kt\u0131r. \u0130la\u00e7 ve vitamin takviyeleriyle fiziksel anlamda desteklenen hastalar i\u00e7in psikolojik bak\u0131mdan da destek alabilecekleri terapiler planlanabilir.<\/p id=\"\" id=\"\" id=\"\" id=\"\" id=\"\" id=\"\" id=\"\" id=\"\" id=\"\" id=\"\" id=\"\" id=\"\" id=\"\" id=\"\" id=\"\" id=\"\" id=\"\" id=\"\" id=\"\" id=\"\" id=\"\" id=\"\" id=\"\" id=\"\" id=\"\" id=\"\" id=\"\" id=\"\" id=\"\" id=\"\" id=\"\" id=\"\" id=\"\" id=\"\" id=\"\" id=\"\" id=\"\" id=\"\" id=\"\" id=\"\" id=\"\">\n<p id=\"dikkat-eksikligi-konsantrasyon-bozuklugu-yasayan-bireylerin-iyilesme-sureclerinde-uzman-tavsiyelerine-uymalari-ve-tedavi-planina-uygun-hareket-etmeleri-verimli-sonuclar-almalari-acisindan-onemlidir\">Dikkat eksikli\u011fi konsantrasyon bozuklu\u011fu ya\u015fayan bireylerin iyile\u015fme s\u00fcre\u00e7lerinde uzman tavsiyelerine uymalar\u0131 ve tedavi plan\u0131na uygun hareket etmeleri, verimli sonu\u00e7lar almalar\u0131 a\u00e7\u0131s\u0131ndan \u00f6nemlidir.<\/p id=\"\" id=\"\" id=\"\" id=\"\" id=\"\" id=\"\" id=\"\" id=\"\" id=\"\" id=\"\" id=\"\" id=\"\" id=\"\" id=\"\" id=\"\" id=\"\" id=\"\" id=\"\" id=\"\" id=\"\" id=\"\" id=\"\" id=\"\" id=\"\" id=\"\" id=\"\" id=\"\" id=\"\" id=\"\" id=\"\" id=\"\" id=\"\" id=\"\" id=\"\" id=\"\" id=\"\" id=\"\" id=\"\" id=\"\" id=\"\" id=\"\">\n<h2 id=\"konsantre-olamama-ne-zaman-gecer\">Konsantre Olamama Ne Zaman Ge\u00e7er?<\/h2 id=\"\" id=\"\" id=\"\" id=\"\" id=\"\" id=\"\" id=\"\" id=\"\" id=\"\" id=\"\" id=\"\" id=\"\" id=\"\" id=\"\" id=\"\" id=\"\" id=\"\" id=\"\" id=\"\" id=\"\" id=\"\" id=\"\" id=\"\" id=\"\" id=\"\" id=\"\" id=\"\" id=\"\" id=\"\" id=\"\" id=\"\" id=\"\" id=\"\" id=\"\" id=\"\" id=\"\" id=\"\" id=\"\" id=\"\" id=\"\" id=\"\">\n<p id=\"dalginlik-konsantrasyon-eksikligi-problemlerinin-iyilesme-surecleri-birbirinden-farkli-olabilir-cunku-her-hastanin-sahip-oldugu-fiziki-ve-psikolojik-ozellikler-degiskenlik-gosterir-ayni-zamanda-hast\">Dalg\u0131nl\u0131k konsantrasyon eksikli\u011fi problemlerinin iyile\u015fme s\u00fcre\u00e7leri birbirinden farkl\u0131 olabilir. \u00c7\u00fcnk\u00fc her hastan\u0131n sahip oldu\u011fu fiziki ve psikolojik \u00f6zellikler de\u011fi\u015fkenlik g\u00f6sterir. Ayn\u0131 zamanda hastal\u0131\u011f\u0131n ortaya \u00e7\u0131kmas\u0131ndaki fakt\u00f6rler de birbirinden farkl\u0131 olabilir. Dolay\u0131s\u0131yla tedaviden al\u0131nan verime ba\u011fl\u0131 olarak ya\u015fanan sorunlar\u0131n iyile\u015fme s\u00fcre\u00e7leri her hasta i\u00e7in farkl\u0131 zaman dilimlerinde tamamlan\u0131r.<\/p id=\"\" id=\"\" id=\"\" id=\"\" id=\"\" id=\"\" id=\"\" id=\"\" id=\"\" id=\"\" id=\"\" id=\"\" id=\"\" id=\"\" id=\"\" id=\"\" id=\"\" id=\"\" id=\"\" id=\"\" id=\"\" id=\"\" id=\"\" id=\"\" id=\"\" id=\"\" id=\"\" id=\"\" id=\"\" id=\"\" id=\"\" id=\"\" id=\"\" id=\"\" id=\"\" id=\"\" id=\"\" id=\"\" id=\"\" id=\"\" id=\"\">\n<p>Odak problemleri i\u00e7in al\u0131nan t\u0131bbi deste\u011fin nitelikli ve profesyonelce olmas\u0131 iyile\u015fme s\u00fcrecini h\u0131zland\u0131r\u0131r. HiDoctor taraf\u0131ndan sunulan <a href=\"https:\/\/hidoctor.health\/online\/psikolog\/landing?utm_source=blog&amp;utm_medium=blog&amp;utm_campaign=blog-cta-online-psikolog\">online psikolog hizmetiyle<\/a> konsantrasyon eksikli\u011fi sorunlar\u0131n\u0131z dahil olmak \u00fczere t\u00fcm tedavi s\u00fcre\u00e7leri i\u00e7in uzman deste\u011fi alabilirsiniz.<\/p id=\"\" id=\"\" id=\"\" id=\"\" id=\"\" id=\"\" id=\"\" id=\"\" id=\"\" id=\"\" id=\"\" id=\"\" id=\"\" id=\"\" id=\"\" id=\"\" id=\"\" id=\"\" id=\"\" id=\"\" id=\"\" id=\"\" id=\"\" id=\"\" id=\"\" id=\"\" id=\"\" id=\"\" id=\"\" id=\"\" id=\"\" id=\"\" id=\"\" id=\"\" id=\"\" id=\"\" id=\"\" id=\"\" id=\"\" id=\"\" id=\"\">\n<p id=\"dilediginiz-ortamda-uygun-oldugunuz-programlarla-tum-tedavi-hizmetlerini-sunan-hidoctor-ile-hastane-ortamina-girmenize-gerek-kalmadan-evde-saglik-ve-online-saglik-hizmetlerinden-guvenle-faydalanabilir\">Diledi\u011finiz ortamda uygun oldu\u011funuz programlarla t\u00fcm tedavi hizmetlerini sunan HiDoctor ile hastane ortam\u0131na girmenize gerek kalmadan evde sa\u011fl\u0131k ve online sa\u011fl\u0131k hizmetlerinden g\u00fcvenle faydalanabilirsiniz.<\/p id=\"\" id=\"\" id=\"\" id=\"\" id=\"\" id=\"\" id=\"\" id=\"\" id=\"\" id=\"\" id=\"\" id=\"\" id=\"\" id=\"\" id=\"\" id=\"\" id=\"\" id=\"\" id=\"\" id=\"\" id=\"\" id=\"\" id=\"\" id=\"\" id=\"\" id=\"\" id=\"\" id=\"\" id=\"\" id=\"\" id=\"\" id=\"\" id=\"\" id=\"\" id=\"\" id=\"\" id=\"\" id=\"\" id=\"\" id=\"\" id=\"\">\n<h2 id=\"sikca-sorulan-sorular\">S\u0131k\u00e7a Sorulan Sorular:<\/h2 id=\"\" id=\"\" id=\"\" id=\"\" id=\"\" id=\"\" id=\"\" id=\"\" id=\"\" id=\"\" id=\"\" id=\"\" id=\"\" id=\"\" id=\"\" id=\"\" id=\"\" id=\"\" id=\"\" id=\"\" id=\"\" id=\"\" id=\"\" id=\"\" id=\"\" id=\"\" id=\"\" id=\"\" id=\"\" id=\"\" id=\"\" id=\"\" id=\"\" id=\"\" id=\"\" id=\"\" id=\"\" id=\"\" id=\"\" id=\"\" id=\"\">\n<h3>Konsantre Olamama Nas\u0131l Anla\u015f\u0131l\u0131r? &amp; Konsantre Olamama Tan\u0131s\u0131 Nas\u0131l Konur?<\/h3 id=\"\" id=\"\" id=\"\" id=\"\" id=\"\" id=\"\" id=\"\" id=\"\" id=\"\" id=\"\" id=\"\" id=\"\" id=\"\" id=\"\" id=\"\" id=\"\" id=\"\" id=\"\" id=\"\" id=\"\" id=\"\" id=\"\" id=\"\" id=\"\" id=\"\" id=\"\" id=\"\" id=\"\" id=\"\" id=\"\" id=\"\" id=\"\" id=\"\" id=\"\" id=\"\" id=\"\" id=\"\" id=\"\" id=\"\" id=\"\" id=\"\">\n<p id=\"yapilan-fiziki-tetkiklerin-ardindan-hastalarin-bedensel-rahatsizliklardan-kaynakli-odak-problemleri-varsa-ilgili-birimin-hekimi-tarafindan-psikolojik-temelli-konsantrasyon-sorunlari-icin-psikiyatrist\">Yap\u0131lan fiziki tetkiklerin ard\u0131ndan hastalar\u0131n bedensel rahats\u0131zl\u0131klardan kaynakl\u0131 odak problemleri varsa ilgili birimin hekimi taraf\u0131ndan; psikolojik temelli konsantrasyon sorunlar\u0131 i\u00e7in psikiyatristler taraf\u0131ndan tan\u0131 konur.<\/p id=\"\" id=\"\" id=\"\" id=\"\" id=\"\" id=\"\" id=\"\" id=\"\" id=\"\" id=\"\" id=\"\" id=\"\" id=\"\" id=\"\" id=\"\" id=\"\" id=\"\" id=\"\" id=\"\" id=\"\" id=\"\" id=\"\" id=\"\" id=\"\" id=\"\" id=\"\" id=\"\" id=\"\" id=\"\" id=\"\" id=\"\" id=\"\" id=\"\" id=\"\" id=\"\" id=\"\" id=\"\" id=\"\" id=\"\" id=\"\" id=\"\">\n<h3 id=\"konsantre-olamama-ne-kadar-surer\">Konsantre Olamama Ne Kadar S\u00fcrer?<\/h3 id=\"\" id=\"\" id=\"\" id=\"\" id=\"\" id=\"\" id=\"\" id=\"\" id=\"\" id=\"\" id=\"\" id=\"\" id=\"\" id=\"\" id=\"\" id=\"\" id=\"\" id=\"\" id=\"\" id=\"\" id=\"\" id=\"\" id=\"\" id=\"\" id=\"\" id=\"\" id=\"\" id=\"\" id=\"\" id=\"\" id=\"\" id=\"\" id=\"\" id=\"\" id=\"\" id=\"\" id=\"\" id=\"\" id=\"\" id=\"\" id=\"\">\n<p id=\"tum-hastalik-turlerinde-oldugu-gibi-konsantrasyon-sorunlari-icin-de-surecler-hastalarin-ozellikleri-tedavi-teknikleri-hastaligin-derinligi-ve-nedenlerine-bagli-olarak-degisebilir\">T\u00fcm hastal\u0131k t\u00fcrlerinde oldu\u011fu gibi konsantrasyon sorunlar\u0131 i\u00e7in de s\u00fcre\u00e7ler hastalar\u0131n \u00f6zellikleri, tedavi teknikleri, hastal\u0131\u011f\u0131n derinli\u011fi ve nedenlerine ba\u011fl\u0131 olarak de\u011fi\u015febilir.<\/p id=\"\" id=\"\" id=\"\" id=\"\" id=\"\" id=\"\" id=\"\" id=\"\" id=\"\" id=\"\" id=\"\" id=\"\" id=\"\" id=\"\" id=\"\" id=\"\" id=\"\" id=\"\" id=\"\" id=\"\" id=\"\" id=\"\" id=\"\" id=\"\" id=\"\" id=\"\" id=\"\" id=\"\" id=\"\" id=\"\" id=\"\" id=\"\" id=\"\" id=\"\" id=\"\" id=\"\" id=\"\" id=\"\" id=\"\" id=\"\" id=\"\">\n<h3 id=\"konsantre-olamama-gecmezse-ne-olur\">Konsantre Olamama Ge\u00e7mezse Ne Olur?<\/h3 id=\"\" id=\"\" id=\"\" id=\"\" id=\"\" id=\"\" id=\"\" id=\"\" id=\"\" id=\"\" id=\"\" id=\"\" id=\"\" id=\"\" id=\"\" id=\"\" id=\"\" id=\"\" id=\"\" id=\"\" id=\"\" id=\"\" id=\"\" id=\"\" id=\"\" id=\"\" id=\"\" id=\"\" id=\"\" id=\"\" id=\"\" id=\"\" id=\"\" id=\"\" id=\"\" id=\"\" id=\"\" id=\"\" id=\"\" id=\"\" id=\"\">\n<p id=\"uzun-donemlere-yayilan-ya-da-kronik-hale-gelen-odak-sorunlari-hastalarin-ozel-ve-sosyal-yasaminda-sorunlara-neden-olarak-onlari-negatif-etkiler\">Uzun d\u00f6nemlere yay\u0131lan ya da kronik hale gelen odak sorunlar\u0131 hastalar\u0131n \u00f6zel ve sosyal ya\u015fam\u0131nda sorunlara neden olarak onlar\u0131 negatif etkiler.<\/p id=\"\" id=\"\" id=\"\" id=\"\" id=\"\" id=\"\" id=\"\" id=\"\" id=\"\" id=\"\" id=\"\" id=\"\" id=\"\" id=\"\" id=\"\" id=\"\" id=\"\" id=\"\" id=\"\" id=\"\" id=\"\" id=\"\" id=\"\" id=\"\" id=\"\" id=\"\" id=\"\" id=\"\" id=\"\" id=\"\" id=\"\" id=\"\" id=\"\" id=\"\" id=\"\" id=\"\" id=\"\" id=\"\" id=\"\" id=\"\" id=\"\">\n<h3 id=\"konsantre-olamamanin-zararlari-nelerdir\">Konsantre Olamaman\u0131n Zararlar\u0131 Nelerdir?<\/h3 id=\"\" id=\"\" id=\"\" id=\"\" id=\"\" id=\"\" id=\"\" id=\"\" id=\"\" id=\"\" id=\"\" id=\"\" id=\"\" id=\"\" id=\"\" id=\"\" id=\"\" id=\"\" id=\"\" id=\"\" id=\"\" id=\"\" id=\"\" id=\"\" id=\"\" id=\"\" id=\"\" id=\"\" id=\"\" id=\"\" id=\"\" id=\"\" id=\"\" id=\"\" id=\"\" id=\"\" id=\"\" id=\"\" id=\"\" id=\"\" id=\"\">\n<p id=\"odak-problemleri-yasamin-pek-cok-alaninda-insanlar-icin-olumsuz-sonuclar-dogurur-sinavlarda-konsantrasyon-eksikligi-akademik-basarisizliga-neden-olabilecegi-gibi-is-hayatinda-odak-sorunlari-kariyer-p\">Odak problemleri ya\u015fam\u0131n pek \u00e7ok alan\u0131nda insanlar i\u00e7in olumsuz sonu\u00e7lar do\u011furur. S\u0131navlarda konsantrasyon eksikli\u011fi akademik ba\u015far\u0131s\u0131zl\u0131\u011fa neden olabilece\u011fi gibi i\u015f hayat\u0131nda odak sorunlar\u0131 kariyer planlar\u0131nda aksakl\u0131\u011fa yol a\u00e7abilir.<\/p id=\"\" id=\"\" id=\"\" id=\"\" id=\"\" id=\"\" id=\"\" id=\"\" id=\"\" id=\"\" id=\"\" id=\"\" id=\"\" id=\"\" id=\"\" id=\"\" id=\"\" id=\"\" id=\"\" id=\"\" id=\"\" id=\"\" id=\"\" id=\"\" id=\"\" id=\"\" id=\"\" id=\"\" id=\"\" id=\"\" id=\"\" id=\"\" id=\"\" id=\"\" id=\"\" id=\"\" id=\"\" id=\"\" id=\"\" id=\"\" id=\"\">\n<h3 id=\"konsantrasyon-ilaclari-ne-ise-yarar\">Konsantrasyon \u0130la\u00e7lar\u0131 Ne \u0130\u015fe Yarar?<\/h3 id=\"\" id=\"\" id=\"\" id=\"\" id=\"\" id=\"\" id=\"\" id=\"\" id=\"\" id=\"\" id=\"\" id=\"\" id=\"\" id=\"\" id=\"\" id=\"\" id=\"\" id=\"\" id=\"\" id=\"\" id=\"\" id=\"\" id=\"\" id=\"\" id=\"\" id=\"\" id=\"\" id=\"\" id=\"\" id=\"\" id=\"\" id=\"\" id=\"\" id=\"\" id=\"\" id=\"\" id=\"\" id=\"\" id=\"\" id=\"\" id=\"\">\n<p id=\"konsantrasyon-eksikligi-ilac-kullaniminda-hastalarin-yasadigi-belirtiler-azaltilmaya-calisilir-bazi-hastalar-icin-vitamin-eksikliginden-kaynakli-odak-sorunlari-olabilir-bu-durumlar-icin-vitamin-takv\">Konsantrasyon eksikli\u011fi ila\u00e7 kullan\u0131m\u0131nda hastalar\u0131n ya\u015fad\u0131\u011f\u0131 belirtiler azalt\u0131lmaya \u00e7al\u0131\u015f\u0131l\u0131r. Baz\u0131 hastalar i\u00e7in vitamin eksikli\u011finden kaynakl\u0131 odak sorunlar\u0131 olabilir, bu durumlar i\u00e7in vitamin takviyeleri de yap\u0131l\u0131r.<\/p id=\"\" id=\"\" id=\"\" id=\"\" id=\"\" id=\"\" id=\"\" id=\"\" id=\"\" id=\"\" id=\"\" id=\"\" id=\"\" id=\"\" id=\"\" id=\"\" id=\"\" id=\"\" id=\"\" id=\"\" id=\"\" id=\"\" id=\"\" id=\"\" id=\"\" id=\"\" id=\"\" id=\"\" id=\"\" id=\"\" id=\"\" id=\"\" id=\"\" id=\"\" id=\"\" id=\"\" id=\"\" id=\"\" id=\"\" id=\"\" id=\"\">\n","protected":false},"excerpt":{"rendered":"<p>G\u00fcn\u00fcm\u00fczde, teknolojinin geli\u015fmesi ve her birimiz i\u00e7in ekran s\u00fcresinin artmas\u0131 ile konsantrasyon \u00f6zellikle \u00e7ocuk ve gen\u00e7ler olmak \u00fczere her birimiz i\u00e7in problem olmaya devam ediyor. Bunun d\u0131\u015f\u0131nda da pek \u00e7ok sebebi olabilen bu durum, hayat kalitemizi negatif y\u00f6nde etkileyen bir durumdur. \u00d6zellikle \u00e7ocuklarda ve gen\u00e7lerde okul hayat\u0131n\u0131 b\u00fcy\u00fck \u00f6l\u00e7\u00fcde etkileyen ve ba\u015far\u0131n\u0131n \u00f6n\u00fcnde bir engel [&hellip;]<\/p>\n","protected":false},"author":3,"featured_media":3072,"comment_status":"open","ping_status":"open","sticky":false,"template":"","format":"standard","meta":{"footnotes":""},"categories":[24],"tags":[],"class_list":["post-3071","post","type-post","status-publish","format-standard","has-post-thumbnail","hentry","category-iyi-hisset"],"_links":{"self":[{"href":"https:\/\/hidoctor.health\/blog\/wp-json\/wp\/v2\/posts\/3071","targetHints":{"allow":["GET"]}}],"collection":[{"href":"https:\/\/hidoctor.health\/blog\/wp-json\/wp\/v2\/posts"}],"about":[{"href":"https:\/\/hidoctor.health\/blog\/wp-json\/wp\/v2\/types\/post"}],"author":[{"embeddable":true,"href":"https:\/\/hidoctor.health\/blog\/wp-json\/wp\/v2\/users\/3"}],"replies":[{"embeddable":true,"href":"https:\/\/hidoctor.health\/blog\/wp-json\/wp\/v2\/comments?post=3071"}],"version-history":[{"count":0,"href":"https:\/\/hidoctor.health\/blog\/wp-json\/wp\/v2\/posts\/3071\/revisions"}],"wp:featuredmedia":[{"embeddable":true,"href":"https:\/\/hidoctor.health\/blog\/wp-json\/wp\/v2\/media\/3072"}],"wp:attachment":[{"href":"https:\/\/hidoctor.health\/blog\/wp-json\/wp\/v2\/media?parent=3071"}],"wp:term":[{"taxonomy":"category","embeddable":true,"href":"https:\/\/hidoctor.health\/blog\/wp-json\/wp\/v2\/categories?post=3071"},{"taxonomy":"post_tag","embeddable":true,"href":"https:\/\/hidoctor.health\/blog\/wp-json\/wp\/v2\/tags?post=3071"}],"curies":[{"name":"wp","href":"https:\/\/api.w.org\/{rel}","templated":true}]}}